{"id":28354,"date":"2023-10-27T17:23:00","date_gmt":"2023-10-27T14:23:00","guid":{"rendered":"http:\/\/akdenizolaygazetesi.com\/?p=28354"},"modified":"2023-10-27T17:23:00","modified_gmt":"2023-10-27T14:23:00","slug":"baskan-yilmaz-29-ekim-cumhuriyet-bayramini-kutladi","status":"publish","type":"post","link":"https:\/\/akdenizolaygazetesi.com\/?p=28354","title":{"rendered":"BA\u015eKAN YILMAZ, 29 EK\u0130M CUMHUR\u0130YET BAYRAMI&#8217;NI KUTLADI"},"content":{"rendered":"<p>Toroslar Belediye Ba\u015fkan\u0131 Ats\u0131z Af\u015f\u0131n Y\u0131lmaz, 29 Ekim Cumhuriyet Bayram\u0131 dolay\u0131s\u0131yla bir mesaj yay\u0131nlad\u0131.<\/p>\n<p>Cumhuriyetimizin kurulu\u015fununun 100. y\u0131l d\u00f6n\u00fcm\u00fcn\u00fc kutlaman\u0131n b\u00fcy\u00fck onurunu ve gururunu ya\u015fad\u0131klar\u0131n\u0131 s\u00f6yleyen Ba\u015fkan Y\u0131lmaz; &#8220;Y\u00fcce T\u00fcrk Milleti, kendine emanet edilen T\u00fcrkiye Cumhuriyeti&#8217;ni huzur ve refah dolu yar\u0131nlara ula\u015ft\u0131rmak i\u00e7in var g\u00fcc\u00fcyle \u00e7al\u0131\u015fmaya devam edecektir&#8221; dedi.<\/p>\n<p>&#8220;T\u00dcRK\u0130YE Y\u00dcZYILI V\u0130ZYONU, G\u00dc\u00c7L\u00dc B\u0130R GELECEK DEMEKT\u0130R&#8221;<\/p>\n<p>&#8220;Cumhuriyet, gelece\u011fimizin g\u00fcvencesidir. Ve T\u00fcrk milletinin ebedi varl\u0131\u011f\u0131yla ilelebet devam edecektir&#8221; diyen Ba\u015fkan Y\u0131lmaz; &#8220;Vatan\u0131m\u0131z\u0131n b\u00f6l\u00fcnmez b\u00fct\u00fcnl\u00fc\u011f\u00fcn\u00fcn ve yeniden dirili\u015fin simgesi olan Cumhuriyet, d\u00fcnya tarihine alt\u0131n harflerle yaz\u0131lm\u0131\u015f bir ba\u011f\u0131ms\u0131zl\u0131k m\u00fccadelesidir. Bug\u00fcn bizler, vatan\u0131m\u0131zda huzur i\u00e7erisinde ya\u015f\u0131yorsak, bunu kahraman ecdad\u0131m\u0131z\u0131n g\u00f6sterdi\u011fi manevi g\u00fcce, fedakarl\u0131\u011fa ve ba\u011f\u0131ms\u0131zl\u0131k inanc\u0131na bor\u00e7luyuz. T\u00fcrkiye Y\u00fczy\u0131l\u0131 vizyonu, gelecek demektir. Gelece\u011fimizin teminat\u0131 gen\u00e7lerimize inan\u0131yor ve g\u00fcveniyoruz. T\u00fcrkiye Y\u00fczy\u0131l\u0131 vizyonuyla e\u011fitimden sa\u011fl\u0131\u011fa, k\u00fclt\u00fcrden sanata, bilimden teknolojiye her alanda b\u00fcy\u00fck at\u0131l\u0131mlar yapmaya devam ederek \u00fclkemizi muas\u0131r medeniyetler seviyesinin \u00fczerine hep birlikte \u00e7\u0131karaca\u011f\u0131z. Bize b\u0131rak\u0131lan miras\u0131 da daha ileriye ta\u015f\u0131man\u0131n gayreti i\u00e7inde olaca\u011f\u0131z. Bu duygu ve d\u00fc\u015f\u00fcncelerle ba\u015fta Cumhuriyetimizin Kurucusu Gazi Mustafa Kemal Atat\u00fcrk ve silah arkada\u015flar\u0131 olmak \u00fczere \u0130stiklal m\u00fccadelemizin b\u00fct\u00fcn kahramanlar\u0131n\u0131, vatan\u0131m\u0131z u\u011fruna canlar\u0131n\u0131 feda eden aziz \u015fehitlerimizi rahmetle, minnetle an\u0131yor, kahraman gazilerimize \u015f\u00fckranlar\u0131m\u0131 sunuyorum. Cumhuriyet Bayram\u0131m\u0131z, T\u00fcrkiye Y\u00fczy\u0131l\u0131m\u0131z\u0131n ba\u015flang\u0131c\u0131 kutlu olsun&#8221; diye konu\u015ftu.<\/p>\n","protected":false},"excerpt":{"rendered":"<p>Toroslar Belediye Ba\u015fkan\u0131 Ats\u0131z Af\u015f\u0131n Y\u0131lmaz, 29 Ekim Cumhuriyet Bayram\u0131 dolay\u0131s\u0131yla bir mesaj yay\u0131nlad\u0131. Cumhuriyetimizin kurulu\u015fununun 100. y\u0131l d\u00f6n\u00fcm\u00fcn\u00fc kutlaman\u0131n b\u00fcy\u00fck onurunu ve gururunu ya\u015fad\u0131klar\u0131n\u0131 s\u00f6yleyen Ba\u015fkan Y\u0131lmaz; &#8220;Y\u00fcce T\u00fcrk &hellip; <a href=\"https:\/\/akdenizolaygazetesi.com\/?p=28354\" class=\"more-link\">Devam\u0131n\u0131 Oku&#8230;<\/a><\/p>\n","protected":false},"author":2,"featured_media":28355,"comment_status":"open","ping_status":"open","sticky":false,"template":"","format":"standard","meta":[],"categories":[3],"tags":[],"_links":{"self":[{"href":"https:\/\/akdenizolaygazetesi.com\/index.php?rest_route=\/wp\/v2\/posts\/28354"}],"collection":[{"href":"https:\/\/akdenizolaygazetesi.com\/index.php?rest_route=\/wp\/v2\/posts"}],"about":[{"href":"https:\/\/akdenizolaygazetesi.com\/index.php?rest_route=\/wp\/v2\/types\/post"}],"author":[{"embeddable":true,"href":"https:\/\/akdenizolaygazetesi.com\/index.php?rest_route=\/wp\/v2\/users\/2"}],"replies":[{"embeddable":true,"href":"https:\/\/akdenizolaygazetesi.com\/index.php?rest_route=%2Fwp%2Fv2%2Fcomments&post=28354"}],"version-history":[{"count":1,"href":"https:\/\/akdenizolaygazetesi.com\/index.php?rest_route=\/wp\/v2\/posts\/28354\/revisions"}],"predecessor-version":[{"id":28356,"href":"https:\/\/akdenizolaygazetesi.com\/index.php?rest_route=\/wp\/v2\/posts\/28354\/revisions\/28356"}],"wp:featuredmedia":[{"embeddable":true,"href":"https:\/\/akdenizolaygazetesi.com\/index.php?rest_route=\/wp\/v2\/media\/28355"}],"wp:attachment":[{"href":"https:\/\/akdenizolaygazetesi.com\/index.php?rest_route=%2Fwp%2Fv2%2Fmedia&parent=28354"}],"wp:term":[{"taxonomy":"category","embeddable":true,"href":"https:\/\/akdenizolaygazetesi.com\/index.php?rest_route=%2Fwp%2Fv2%2Fcategories&post=28354"},{"taxonomy":"post_tag","embeddable":true,"href":"https:\/\/akdenizolaygazetesi.com\/index.php?rest_route=%2Fwp%2Fv2%2Ftags&post=28354"}],"curies":[{"name":"wp","href":"https:\/\/api.w.org\/{rel}","templated":true}]}}