{"id":2845,"date":"2020-11-04T18:23:21","date_gmt":"2020-11-04T15:23:21","guid":{"rendered":"http:\/\/mersinekonomipolitikagazetesi.com\/?p=2845"},"modified":"2020-11-04T18:23:21","modified_gmt":"2020-11-04T15:23:21","slug":"mersinde-95-yil-coskusu","status":"publish","type":"post","link":"https:\/\/akdenizolaygazetesi.com\/?p=2845","title":{"rendered":"MERS\u0130N\u2019DE 95. YIL CO\u015eKUSU"},"content":{"rendered":"<p>Mersin&#8217;de 29 Ekim Cumhuriyet Bayram\u0131 d\u00fczenlenen etkinliklerle co\u015fkuyla kutland\u0131.<\/p>\n<p>29 Ekim Cumhuriyet Bayram\u0131&#8217;n\u0131n 95&#8217;inci y\u0131l d\u00f6n\u00fcm\u00fc dolay\u0131s\u0131yla sabah saat 09.30\u2019da K\u00fclt\u00fcr Merkezi&#8217;nde bir program d\u00fczenlendi. Program kapsam\u0131nda Vali Su, kent protokol\u00fcn\u00fcn tebriklerini kabul etti. Ard\u0131ndan Cumhuriyet Meydan\u0131&#8217;na ge\u00e7ildi. Cumhuriyet Meydan\u0131&#8217;ndaki t\u00f6ren Vali Su, Akdeniz B\u00f6lge ve Garnizon Komutan\u0131 Tu\u011famiral \u00d6nder G\u00fcrb\u00fcz ve Mersin B\u00fcy\u00fck\u015fehir Belediye Ba\u015fkan\u0131 Burhanettin Kocamaz&#8217;\u0131n t\u00f6ren alan\u0131nda bulunan vatanda\u015flar\u0131 ve askeri erkan\u0131 selamlamas\u0131yla ba\u015flad\u0131. Ard\u0131ndan sayg\u0131 duru\u015fu ve \u0130stiklal Mar\u015f\u0131&#8217;n\u0131n okundu\u011fu t\u00f6rende, Cumhurba\u015fkan\u0131 Recep Tayyip Erdo\u011fan&#8217;\u0131n mesaj\u0131 okundu.<br \/>\n\u00a0<br \/>\nG\u00fcn\u00fcn anlam ve \u00f6nemini belirten konu\u015fmay\u0131 yapan Vali Su, &#8220;Milletimiz h\u00fcrriyetini ve ba\u011f\u0131ms\u0131zl\u0131\u011f\u0131n\u0131 g\u00fcvence alt\u0131na alma milli ve manevi de\u011ferlerine uzanan elleri bertaraf etme gayesiyle tarihin her d\u00f6neminde bir ve b\u00fct\u00fcn olarak b\u00fcy\u00fck m\u00fccadeleler vermi\u015ftir. \u015eartlar\u0131n olduk\u00e7a a\u011f\u0131r, imkans\u0131zl\u0131klar\u0131n hat safhada oldu\u011fu bir d\u00f6nemde dahi Gaz Mustafa Kemal Atat\u00fcrk&#8217;\u00fcn \u00f6nderli\u011finde kenetlenen milletimiz b\u00fcy\u00fck fedakarl\u0131klar ve e\u015fsiz kahramanl\u0131klarla verdi\u011fi kurtulu\u015f sava\u015f\u0131n\u0131 mutlak bir zaferle sonu\u00e7land\u0131rm\u0131\u015ft\u0131r. Tarihimizin en \u00f6nemli d\u00f6n\u00fcm noktalar\u0131ndan biri olan bu \u015fanl\u0131 zafer Atat\u00fcrk&#8217;\u00fcn en b\u00fcy\u00fck eserim dedi\u011fi ve milli iradeyi esas alan Cumhuriyet&#8217;imizin ilan\u0131 ile ta\u00e7land\u0131r\u0131lm\u0131\u015ft\u0131r. Milletimizin kendi gelece\u011fini ve kaderini bizzat kendisinin belirledi\u011fi Cumhuriyet&#8217;imiz sonsuza kadar h\u00fcr ve ba\u011f\u0131ms\u0131z olarak ya\u015fayaca\u011f\u0131m\u0131z\u0131n, u\u011frunda nice \u015fehadetler verdi\u011fimiz bu topraklar\u0131n daima vatan\u0131m\u0131z kalaca\u011f\u0131n\u0131n en b\u00fcy\u00fck teminat\u0131d\u0131r. T\u00fcrkiye Cumhuriyeti&#8217;nin b\u00f6lgesinde ve d\u00fcnyada daha fazla s\u00f6z sahibi olmas\u0131n\u0131 hazmedemeyen bu y\u00fckseli\u015fimizi, i\u00e7eriden ve d\u0131\u015far\u0131dan t\u00fcrl\u00fc sald\u0131r\u0131larla sekteye u\u011fratmak isteyen hainlere asla ge\u00e7it vermeyece\u011fiz&#8221; dedi.\u00a0<br \/>\nKonu\u015fmalar\u0131n ard\u0131ndan \u00f6\u011frenciler \u015fiirlerini okurken, B\u00fcy\u00fck\u015fehir Belediyesi&#8217;ne ba\u011fl\u0131 halk oyunlar\u0131 ekibi de g\u00f6steri ger\u00e7ekle\u015ftirdi. Program toplu foto\u011fraf \u00e7ekiminin ard\u0131ndan sona erdi. \u00a0<\/p>\n","protected":false},"excerpt":{"rendered":"<p>Mersin&#8217;de 29 Ekim Cumhuriyet Bayram\u0131 d\u00fczenlenen etkinliklerle co\u015fkuyla kutland\u0131. 29 Ekim Cumhuriyet Bayram\u0131&#8217;n\u0131n 95&#8217;inci y\u0131l d\u00f6n\u00fcm\u00fc dolay\u0131s\u0131yla sabah saat 09.30\u2019da K\u00fclt\u00fcr Merkezi&#8217;nde bir program d\u00fczenlendi. Program kapsam\u0131nda Vali Su, kent &hellip; <a href=\"https:\/\/akdenizolaygazetesi.com\/?p=2845\" class=\"more-link\">Devam\u0131n\u0131 Oku&#8230;<\/a><\/p>\n","protected":false},"author":1,"featured_media":0,"comment_status":"open","ping_status":"open","sticky":false,"template":"","format":"standard","meta":[],"categories":[],"tags":[],"_links":{"self":[{"href":"https:\/\/akdenizolaygazetesi.com\/index.php?rest_route=\/wp\/v2\/posts\/2845"}],"collection":[{"href":"https:\/\/akdenizolaygazetesi.com\/index.php?rest_route=\/wp\/v2\/posts"}],"about":[{"href":"https:\/\/akdenizolaygazetesi.com\/index.php?rest_route=\/wp\/v2\/types\/post"}],"author":[{"embeddable":true,"href":"https:\/\/akdenizolaygazetesi.com\/index.php?rest_route=\/wp\/v2\/users\/1"}],"replies":[{"embeddable":true,"href":"https:\/\/akdenizolaygazetesi.com\/index.php?rest_route=%2Fwp%2Fv2%2Fcomments&post=2845"}],"version-history":[{"count":0,"href":"https:\/\/akdenizolaygazetesi.com\/index.php?rest_route=\/wp\/v2\/posts\/2845\/revisions"}],"wp:attachment":[{"href":"https:\/\/akdenizolaygazetesi.com\/index.php?rest_route=%2Fwp%2Fv2%2Fmedia&parent=2845"}],"wp:term":[{"taxonomy":"category","embeddable":true,"href":"https:\/\/akdenizolaygazetesi.com\/index.php?rest_route=%2Fwp%2Fv2%2Fcategories&post=2845"},{"taxonomy":"post_tag","embeddable":true,"href":"https:\/\/akdenizolaygazetesi.com\/index.php?rest_route=%2Fwp%2Fv2%2Ftags&post=2845"}],"curies":[{"name":"wp","href":"https:\/\/api.w.org\/{rel}","templated":true}]}}