{"id":2864,"date":"2020-11-04T18:23:21","date_gmt":"2020-11-04T15:23:21","guid":{"rendered":"http:\/\/mersinekonomipolitikagazetesi.com\/?p=2864"},"modified":"2020-11-04T18:23:21","modified_gmt":"2020-11-04T15:23:21","slug":"stadin-yikimi-yavasladi","status":"publish","type":"post","link":"https:\/\/akdenizolaygazetesi.com\/?p=2864","title":{"rendered":"STADIN YIKIMI YAVA\u015eLADI..!"},"content":{"rendered":"<p>HDP Mersin Milletvekili R\u0131dvan Turan Mersin\u2019de Tevfik S\u0131rr\u0131 G\u00fcr Stad\u0131\u2019n\u0131n y\u0131k\u0131m \u00e7al\u0131\u015fmalar\u0131n\u0131n ba\u015flamas\u0131 nedeniyle meclise soru \u00f6nergesi vermi\u015f: \u201cTevfik S\u0131rr\u0131 G\u00fcr Stad\u0131\u2019nda e\u011fer asbest kullan\u0131lm\u0131\u015fsa, bu durum o b\u00f6lgede ya\u015fayanlar, o b\u00f6lgeyi g\u00fczergah olarak kullananlar ve y\u0131k\u0131m faaliyetinde \u00e7al\u0131\u015fan i\u015f\u00e7iler i\u00e7in ciddi bir risk olu\u015fturacakt\u0131r.\u201d demi\u015fti.<\/p>\n<p>HDP Mersin Milletvekili R\u0131dvan Turan Mersin\u2019de Tevfik S\u0131rr\u0131 G\u00fcr Stad\u0131 ile ilgili TBMM Ba\u015fkanl\u0131\u011f\u0131na verdi\u011fi soru \u00f6nergesinde, \u00c7evre ve \u015eehircilik Bakan\u0131 Murat Kurum taraf\u0131ndan Anayasan\u0131n 98\u2018inci ve TBMM \u0130\u00e7t\u00fcz\u00fc\u011f\u00fc maddeleri gere\u011fince yaz\u0131l\u0131 olarak cevapland\u0131r\u0131lmas\u0131n\u0131 istemi\u015fti.<\/p>\n<p>1951 y\u0131l\u0131nda yap\u0131m\u0131 tamamlanan, Mersin kent belle\u011fine dair \u00f6nemli kamusal yap\u0131lardan birisi olan Tevfik S\u0131rr\u0131 G\u00fcr stad\u0131n\u0131n y\u0131k\u0131m faaliyeti ge\u00e7ti\u011fimiz haftalarda ba\u015flam\u0131\u015f bir\u00e7ok sivil toplum kurulu\u015fu temsilcileri taraf\u0131ndan ele\u015ftirilere neden olmu\u015ftu.<br \/>\nStad\u0131n y\u0131k\u0131m\u0131na son olarak tepki g\u00f6sterenlerden biri de, faaliyeti esnas\u0131nda \u00e7evreye yo\u011fun bi\u00e7imde tozun yay\u0131ld\u0131\u011f\u0131n\u0131n \u00a0g\u00f6zledi\u011fi belirten Mersin Milletvekili R\u0131dvan Turan oldu.<br \/>\nTuran \u00f6nergesinde: \u201cT\u00fcm eski binalarda oldu\u011fu gibi y\u0131k\u0131lmakta olan staddan \u00e7evreye yay\u0131lan tozun asbest i\u00e7erip i\u00e7ermedi\u011fi \u00f6nemli bir sorun olarak durmaktad\u0131r. Bilindi\u011fi gibi asbest binalarda \u00f6zellikle izolasyon i\u015flerinde \u00e7ok uzun y\u0131llar boyunca kullan\u0131lm\u0131\u015f bir mineraldir. Asbestli yap\u0131 \u00fcr\u00fcnlerinin \u00fcretim ve kullan\u0131m\u0131 2010 y\u0131l\u0131ndan bu yana \u00fclkemizde yasakt\u0131r. Ancak 2010 \u00f6ncesi yap\u0131larda asbestli \u00fcr\u00fcnlerin kullan\u0131lm\u0131\u015f olmas\u0131, \u00f6zellikle de kentsel d\u00f6n\u00fc\u015f\u00fcmle y\u0131k\u0131lan yap\u0131lar\u0131n at\u0131klar\u0131yla asbest liflerinin \u00e7evreye da\u011f\u0131lmas\u0131, gelecek 20 y\u0131l i\u00e7inde \u00f6nemli bir \u00e7evre ve sa\u011fl\u0131k sorunuyla kar\u015f\u0131 kar\u015f\u0131ya kalmam\u0131za sebep olabilir. Bilindi\u011fi gibi asbest liflerinin solunum ve sindirim yoluyla insan b\u00fcnyesine girmesiyle birlikte ba\u015fta akci\u011fer kanseri olmak \u00fczere, g\u0131rtlak ve sindirim sistemi kanserlerine yol a\u00e7maktad\u0131r.<br \/>\nTevfik S\u0131rr\u0131 G\u00fcr Stad\u0131\u2019nda e\u011fer asbest kullan\u0131lm\u0131\u015fsa, asbest uzakla\u015ft\u0131r\u0131lmadan stadyum y\u0131k\u0131ld\u0131\u011f\u0131 zaman \u00e7evreye ciddi miktarda yay\u0131lacak, bu durum o b\u00f6lgede ya\u015fayanlar, o b\u00f6lgeyi g\u00fczergah olarak kullananlar ve y\u0131k\u0131m faaliyetinde \u00e7al\u0131\u015fan i\u015f\u00e7iler i\u00e7in ciddi bir risk olu\u015fturacakt\u0131r.\u201d demi\u015fti.<br \/>\nMersin Milletvekili R\u0131dvan Turan sorular\u0131n\u0131 \u015f\u00f6yle s\u0131ralam\u0131\u015ft\u0131:<br \/>\n\u201cBu \u00e7er\u00e7evede;<br \/>\n1. Tevfik S\u0131rr\u0131 G\u00fcr Stad\u0131\u2019n\u0131n y\u0131k\u0131m\u0131 \u00f6ncesinde asbest kontrol\u00fc yap\u0131lm\u0131\u015f m\u0131d\u0131r?<br \/>\n2. E\u011fer yap\u0131lm\u0131\u015f ise hangi akredite kurum taraf\u0131ndan bu kontroller yap\u0131lm\u0131\u015ft\u0131r?<br \/>\n3. Y\u0131k\u0131m alan\u0131nda d\u00fczenli ortam \u00f6l\u00e7\u00fcmleri yap\u0131lmakta m\u0131d\u0131r?<br \/>\n4. Yap\u0131lan \u00f6l\u00e7\u00fcmlerde asbeste rastlanm\u0131\u015f m\u0131d\u0131r?<br \/>\n5. E\u011fer rastlanm\u0131\u015f ise Asbest y\u00f6netmeli\u011fine uygun \u00f6nlemler al\u0131nm\u0131\u015f m\u0131d\u0131r?\u00a0<br \/>\n6. B\u00f6lge karantinaya al\u0131nm\u0131\u015f m\u0131d\u0131r?\u00a0<br \/>\n7. \u00c7al\u0131\u015fanlar\u0131n uygun ekipman ve donan\u0131mla \u00e7al\u0131\u015fmalar\u0131 sa\u011flanmakta m\u0131d\u0131r?\u201d\u00a0<\/p>\n","protected":false},"excerpt":{"rendered":"<p>HDP Mersin Milletvekili R\u0131dvan Turan Mersin\u2019de Tevfik S\u0131rr\u0131 G\u00fcr Stad\u0131\u2019n\u0131n y\u0131k\u0131m \u00e7al\u0131\u015fmalar\u0131n\u0131n ba\u015flamas\u0131 nedeniyle meclise soru \u00f6nergesi vermi\u015f: \u201cTevfik S\u0131rr\u0131 G\u00fcr Stad\u0131\u2019nda e\u011fer asbest kullan\u0131lm\u0131\u015fsa, bu durum o b\u00f6lgede ya\u015fayanlar, &hellip; <a href=\"https:\/\/akdenizolaygazetesi.com\/?p=2864\" class=\"more-link\">Devam\u0131n\u0131 Oku&#8230;<\/a><\/p>\n","protected":false},"author":1,"featured_media":0,"comment_status":"open","ping_status":"open","sticky":false,"template":"","format":"standard","meta":[],"categories":[],"tags":[],"_links":{"self":[{"href":"https:\/\/akdenizolaygazetesi.com\/index.php?rest_route=\/wp\/v2\/posts\/2864"}],"collection":[{"href":"https:\/\/akdenizolaygazetesi.com\/index.php?rest_route=\/wp\/v2\/posts"}],"about":[{"href":"https:\/\/akdenizolaygazetesi.com\/index.php?rest_route=\/wp\/v2\/types\/post"}],"author":[{"embeddable":true,"href":"https:\/\/akdenizolaygazetesi.com\/index.php?rest_route=\/wp\/v2\/users\/1"}],"replies":[{"embeddable":true,"href":"https:\/\/akdenizolaygazetesi.com\/index.php?rest_route=%2Fwp%2Fv2%2Fcomments&post=2864"}],"version-history":[{"count":0,"href":"https:\/\/akdenizolaygazetesi.com\/index.php?rest_route=\/wp\/v2\/posts\/2864\/revisions"}],"wp:attachment":[{"href":"https:\/\/akdenizolaygazetesi.com\/index.php?rest_route=%2Fwp%2Fv2%2Fmedia&parent=2864"}],"wp:term":[{"taxonomy":"category","embeddable":true,"href":"https:\/\/akdenizolaygazetesi.com\/index.php?rest_route=%2Fwp%2Fv2%2Fcategories&post=2864"},{"taxonomy":"post_tag","embeddable":true,"href":"https:\/\/akdenizolaygazetesi.com\/index.php?rest_route=%2Fwp%2Fv2%2Ftags&post=2864"}],"curies":[{"name":"wp","href":"https:\/\/api.w.org\/{rel}","templated":true}]}}