{"id":28835,"date":"2023-11-29T13:01:52","date_gmt":"2023-11-29T10:01:52","guid":{"rendered":"http:\/\/akdenizolaygazetesi.com\/?p=28835"},"modified":"2023-11-29T13:01:52","modified_gmt":"2023-11-29T10:01:52","slug":"yetistirdiginiz-bir-kisi-dunyayi-degistirebilir","status":"publish","type":"post","link":"https:\/\/akdenizolaygazetesi.com\/?p=28835","title":{"rendered":"\u201cYeti\u015ftirdi\u011finiz bir ki\u015fi d\u00fcnyay\u0131 de\u011fi\u015ftirebilir\u201d"},"content":{"rendered":"<p>Akdeniz Belediye Ba\u015fkan\u0131 M. Mustafa G\u00fcltak, \u201824 Kas\u0131m \u00d6\u011fretmenler G\u00fcn\u00fc\u2019 dolay\u0131s\u0131yla belediyeye ba\u011fl\u0131 Et\u00fct Merkezi ve K\u00fclt\u00fcr Sanat Evleri ile Halk E\u011fitim Merkezi ve farkl\u0131 okullarda g\u00f6rev yapan \u00f6\u011fretmenler ve usta \u00f6\u011freticilerle bir araya geldi.<br \/>\nBir otelin salonunda d\u00fczenlenen bulu\u015fmaya, Akdeniz Belediye Ba\u015fkan\u0131 M. Mustafa G\u00fcltak\u2019\u0131n yan\u0131 s\u0131ra Mersin \u0130l Milli E\u011fitim M\u00fcd\u00fcr\u00fc Fazilet Durmu\u015f, \u0130l\u00e7e Milli E\u011fitim M\u00fcd\u00fcrleri ile Et\u00fct Merkezi, Halk E\u011fitim Merkezi ve K\u00fclt\u00fcr Sanat evlerinde g\u00f6rev yapan \u00f6\u011fretmen ve usta \u00f6\u011freticiler ve b\u00fcrokratlar kat\u0131ld\u0131. Pasta kesilen ve \u00f6\u011frencilerin canl\u0131 m\u00fczik dinletisi sundu\u011fu \u00f6zel etkinlikte, \u015fehit \u00f6\u011fretmenler an\u0131s\u0131na haz\u0131rlanan k\u0131sa filmin g\u00f6sterimi de ger\u00e7ekle\u015fti.<br \/>\n\u201cYeti\u015ftirdi\u011finiz bir ki\u015fi d\u00fcnyay\u0131 de\u011fi\u015ftirebilir\u201d<br \/>\nBulu\u015fmada s\u00f6z alan Mersin \u0130l Milli E\u011fitim M\u00fcd\u00fcr\u00fc Fazilet Durmu\u015f; \u00f6\u011fretmenlerin, tarihin ak\u0131\u015f\u0131n\u0131 de\u011fi\u015ftiren insanlar yeti\u015ftirdi\u011finin alt\u0131n\u0131 \u00e7izerek; \u201cPeygamber Efendimiz, k\u0131z \u00e7ocuklar\u0131n\u0131 diri diri g\u00f6m\u00fclmekten kurtar\u0131p bir bak\u0131\u015f\u0131 de\u011fi\u015ftirdi. Bir Ak\u015femseddin \u00e7\u0131k\u0131p Fatih Sultan Mehmet\u2019i yeti\u015ftirerek d\u00fcnya tarihini de\u011fi\u015ftirdi. \u2018Bu \u00fclke art\u0131k bitmi\u015ftir\u2019 denilen yerde Gazi Mustafa Kemal Atat\u00fcrk \u00e7\u0131k\u0131p, T\u00fcrkiye Cumhuriyeti\u2019ni kurarak devam ettirdi. Ve hepsi sadece bir ki\u015fi idi\u2026 Unutmay\u0131n! Yeti\u015ftirdi\u011finiz tek bir ki\u015fi \u00e7ok \u015fey de\u011fi\u015ftirebilir. Bu duygularla, e\u011fitim \u015fehitlerimizin her birini rahmet ve minnetle y\u00e2d ediyorum. Bu u\u011furda fedak\u00e2rca \u00e7al\u0131\u015fan \u00f6\u011fretmenlerimizin yolu, izi a\u00e7\u0131k olsun\u201d diye konu\u015ftu.<br \/>\n\u201cE\u011fitim alan\u0131na ayr\u0131cal\u0131kla yakla\u015f\u0131yoruz\u201d<br \/>\nArd\u0131ndan \u00f6\u011fretmenlere hitap eden Ba\u015fkan Mustafa G\u00fcltak ise \u00f6\u011fretmenli\u011fin, b\u00fcy\u00fck bir fedak\u00e2rl\u0131k ve \u00f6zveri gerektiren en onurlu ve kutsal mesleklerden biri oldu\u011funu vurgulad\u0131, \u00d6\u011fretmenler G\u00fcn\u00fc\u2019n\u00fc tebrik etti. E\u011fitim konusuna \u00f6zel \u00f6nem verdiklerinin alt\u0131n\u0131 \u00e7izen Ba\u015fkan G\u00fcltak; \u201cBir toplumu, \u00e7a\u011fda\u015f ve muas\u0131r medeniyetler seviyesine y\u00fckselten en \u00f6nemli konular\u0131n ba\u015f\u0131nda e\u011fitim gelir. Bu a\u00e7\u0131dan e\u011fitim konusu bizim de ayr\u0131cal\u0131kla yakla\u015ft\u0131\u011f\u0131m\u0131z; yeni, g\u00fcncel ve herkes i\u00e7in ula\u015f\u0131labilir projeler geli\u015ftirdi\u011fimiz alanlar\u0131n ba\u015f\u0131nda geliyor\u201d dedi.<br \/>\n\u201cE\u011fitimde f\u0131rsat e\u015fitli\u011fi sa\u011fl\u0131yoruz\u201d<br \/>\nAkdenizli gen\u00e7ler ve \u00e7ocuklara e\u011fitimde f\u0131rsat e\u015fitli\u011fi sa\u011flad\u0131klar\u0131n\u0131 da dile getirdi\u011fi konu\u015fmas\u0131nda Ba\u015fkan G\u00fcltak, \u015fu ifadeleri kaydetti; \u201cGerek Et\u00fct Merkezimiz gerekse internet \u00fczerinden sa\u011flad\u0131\u011f\u0131m\u0131z imk\u00e2nlar sayesinde bir\u00e7ok \u00e7ocu\u011fumuz diledi\u011fi \u00fcniversite veya liseyi kazand\u0131. Bizleri gururland\u0131ran bu t\u00fcr ba\u015far\u0131 hik\u00e2yeleri Akdeniz\u2019de daha \u00f6nce yoktu. Akdeniz\u2019de kavga vard\u0131; bar\u0131\u015f, huzur ve karde\u015flik yoktu. Biz ise bug\u00fcn e\u011fitim, sanat, spor ve sevgi \u00fczerine kuruyoruz hayat\u0131. \u00c7\u00fcnk\u00fc sevgisiz bir hayat kanserli bir v\u00fccuda benzer. Sevginin olmad\u0131\u011f\u0131 yerde de kavga olur, d\u00fc\u015fmanl\u0131k, kin ve nefret olur. Kad\u0131nlar ve gen\u00e7ler i\u00e7in sosyal, k\u00fclt\u00fcrel, spor ve e\u011fitime y\u00f6nelik projeler ba\u015flatt\u0131k. Bunun da meyvelerini almaya ba\u015flad\u0131k. E\u011fitim alan\u0131na, \u00f6\u011frencilerimize, \u00f6\u011fretmenlerimiz ve e\u011fitim kurumlar\u0131m\u0131za deste\u011fimiz devam edecek. Gelecek nesillerimizin mimar\u0131 olan ve kutsal bir mesle\u011fi icra eden t\u00fcm \u00f6\u011fretmen arkada\u015flar\u0131m\u0131n g\u00fcnlerini bir kez daha kutluyorum.\u201d<br \/>\nEtkinli\u011fe kat\u0131lan \u00f6\u011fretmenler de memnuniyetlerini dile getirerek, \u2018\u00d6\u011fretmenler G\u00fcn\u00fc\u2019nde kendilerini unutmay\u0131p bu \u00f6zel bulu\u015fman\u0131n ger\u00e7ekle\u015fmesini sa\u011flayan Ba\u015fkan G\u00fcltak\u2019a te\u015fekk\u00fcr etti. <\/p>\n","protected":false},"excerpt":{"rendered":"<p>Akdeniz Belediye Ba\u015fkan\u0131 M. Mustafa G\u00fcltak, \u201824 Kas\u0131m \u00d6\u011fretmenler G\u00fcn\u00fc\u2019 dolay\u0131s\u0131yla belediyeye ba\u011fl\u0131 Et\u00fct Merkezi ve K\u00fclt\u00fcr Sanat Evleri ile Halk E\u011fitim Merkezi ve farkl\u0131 okullarda g\u00f6rev yapan \u00f6\u011fretmenler ve &hellip; <a href=\"https:\/\/akdenizolaygazetesi.com\/?p=28835\" class=\"more-link\">Devam\u0131n\u0131 Oku&#8230;<\/a><\/p>\n","protected":false},"author":2,"featured_media":28836,"comment_status":"open","ping_status":"open","sticky":false,"template":"","format":"standard","meta":[],"categories":[1,2,3],"tags":[],"_links":{"self":[{"href":"https:\/\/akdenizolaygazetesi.com\/index.php?rest_route=\/wp\/v2\/posts\/28835"}],"collection":[{"href":"https:\/\/akdenizolaygazetesi.com\/index.php?rest_route=\/wp\/v2\/posts"}],"about":[{"href":"https:\/\/akdenizolaygazetesi.com\/index.php?rest_route=\/wp\/v2\/types\/post"}],"author":[{"embeddable":true,"href":"https:\/\/akdenizolaygazetesi.com\/index.php?rest_route=\/wp\/v2\/users\/2"}],"replies":[{"embeddable":true,"href":"https:\/\/akdenizolaygazetesi.com\/index.php?rest_route=%2Fwp%2Fv2%2Fcomments&post=28835"}],"version-history":[{"count":1,"href":"https:\/\/akdenizolaygazetesi.com\/index.php?rest_route=\/wp\/v2\/posts\/28835\/revisions"}],"predecessor-version":[{"id":28837,"href":"https:\/\/akdenizolaygazetesi.com\/index.php?rest_route=\/wp\/v2\/posts\/28835\/revisions\/28837"}],"wp:featuredmedia":[{"embeddable":true,"href":"https:\/\/akdenizolaygazetesi.com\/index.php?rest_route=\/wp\/v2\/media\/28836"}],"wp:attachment":[{"href":"https:\/\/akdenizolaygazetesi.com\/index.php?rest_route=%2Fwp%2Fv2%2Fmedia&parent=28835"}],"wp:term":[{"taxonomy":"category","embeddable":true,"href":"https:\/\/akdenizolaygazetesi.com\/index.php?rest_route=%2Fwp%2Fv2%2Fcategories&post=28835"},{"taxonomy":"post_tag","embeddable":true,"href":"https:\/\/akdenizolaygazetesi.com\/index.php?rest_route=%2Fwp%2Fv2%2Ftags&post=28835"}],"curies":[{"name":"wp","href":"https:\/\/api.w.org\/{rel}","templated":true}]}}