{"id":28838,"date":"2023-11-29T16:59:51","date_gmt":"2023-11-29T13:59:51","guid":{"rendered":"http:\/\/akdenizolaygazetesi.com\/?p=28838"},"modified":"2023-11-29T16:59:51","modified_gmt":"2023-11-29T13:59:51","slug":"baskan-yilmaz-turizm-sektorunun-her-zaman-hazir-olmasi-gerekir","status":"publish","type":"post","link":"https:\/\/akdenizolaygazetesi.com\/?p=28838","title":{"rendered":"BA\u015eKAN YILMAZ; &#8220;TUR\u0130ZM SEKT\u00d6R\u00dcN\u00dcN HER ZAMAN HAZIR OLMASI GEREK\u0130R&#8221;"},"content":{"rendered":"<p>Mersin ve \u00c7evresi Turizm Alan\u0131 Altyap\u0131 Hizmet Birli\u011fi (METAB) meclis toplant\u0131s\u0131, Birlik Ba\u015fkan\u0131 ve Toroslar Belediye Ba\u015fkan\u0131 Ats\u0131z Af\u015f\u0131n Y\u0131lmaz ba\u015fkanl\u0131\u011f\u0131nda yap\u0131ld\u0131.<\/p>\n<p>Yunus Emre K\u00fclt\u00fcr Merkezi&#8217;nde ger\u00e7ekle\u015fen toplant\u0131ya; Belediye Ba\u015fkan Vekilleri, Birlik Enc\u00fcmen \u00dcyeleri ve Turizm Sekt\u00f6r Temsilcileri kat\u0131ld\u0131.<\/p>\n<p>Sayg\u0131 duru\u015fu ve \u0130stiklal Mar\u015f\u0131&#8217;n\u0131n okunmas\u0131n\u0131n ard\u0131ndan ba\u015flayan d\u00f6nemin son toplant\u0131s\u0131nda; Birli\u011fin 2024 mali y\u0131l\u0131 \u00c7al\u0131\u015fma ve \u0130\u015f Program ile 2024 mali y\u0131l\u0131 Gelir-Gider b\u00fct\u00e7esi g\u00f6r\u00fc\u015f\u00fclerek oy birli\u011fiyle kabul edildi. Mersin&#8217;in k\u00fclt\u00fcr, turizm, koruma ve geli\u015fim b\u00f6lgelerinin son durumlar\u0131 ise sinevizyon e\u015fli\u011finde kat\u0131l\u0131mc\u0131lara aktar\u0131ld\u0131.<\/p>\n<p>Toplant\u0131n\u0131n dilek ve temenniler b\u00f6l\u00fcm\u00fcnde s\u00f6z alan Ba\u015fkan Y\u0131lmaz, k\u00fclt\u00fcr ve do\u011fa turizmi i\u00e7in e\u015fsiz de\u011ferlere sahip Mersin&#8217;in \u00f6n\u00fcm\u00fczdeki d\u00f6nemde \u00e7ok daha h\u0131zl\u0131 geli\u015fece\u011fine vurgu yapt\u0131.<\/p>\n<p>&#8220;G\u00dcZEL B\u0130R EK\u0130PLE G\u00dcZEL B\u0130R D\u00d6NEM GE\u00c7\u0130RD\u0130K&#8221;<\/p>\n<p>Mersin&#8217;in turizm potansiyeline dair bilgiler de veren Ba\u015fkan Y\u0131lmaz; &#8220;Bu toplant\u0131, d\u00f6nemin son toplant\u0131s\u0131. G\u00fczel bir ekiple g\u00fczel bir d\u00f6nem ge\u00e7irdik. \u00d6n\u00fcm\u00fczdeki d\u00f6nem 31 Mart Mahalli \u0130dareler Se\u00e7imi olacak. Yeni \u015fartlara g\u00f6re birlik olu\u015facak. Bu d\u00f6nem asl\u0131nda \u00e7ok uyumlu bir ekiple birli\u011fimizin \u00e7al\u0131\u015fmalar\u0131na heyecanla ba\u015flad\u0131k. \u0130lk y\u0131l Uluslararas\u0131 Fuarlara kat\u0131l\u0131m i\u00e7in haz\u0131rl\u0131\u011f\u0131m\u0131z\u0131 yapt\u0131k. Pandemi ba\u015flad\u0131. Pandemi ba\u015flay\u0131nca, planlad\u0131\u011f\u0131m\u0131z gezileri erteledik. \u0130kinci y\u0131l da yine pandemi oldu. Pandemiyi atlatt\u0131ktan sonra Rusya ile Ukrayna Sava\u015f\u0131 ba\u015flad\u0131. Bu sene de \u00fclkemizi derinden sarsan deprem felaketi ya\u015fad\u0131k. B\u00f6yle ac\u0131 olaylar ya\u015fan\u0131rken, biraz daha dikkat etmemiz gerekiyor. Fuarlara kat\u0131lamad\u0131k. Aram\u0131zda turizm sekt\u00f6r\u00fcnden tecr\u00fcbeli b\u00fcy\u00fcklerimiz var, istifade edecektik bu fuarlardan. Allah beterinden esirgesin 2024 y\u0131l\u0131nda bir s\u0131k\u0131nt\u0131 olmazsa METAB Birli\u011fimiz, bir faaliyet yapacakt\u0131r. Bununla ilgili b\u00fct\u00e7emizde de gerekli haz\u0131rl\u0131k yap\u0131lm\u0131\u015f durumda. 2024 y\u0131l\u0131 daha \u00f6nceki y\u0131llardan daha iyi ve g\u00fczel olur in\u015fallah. \u00dclkemizin, milletimizin ve d\u00fcnyan\u0131n ya\u015fad\u0131\u011f\u0131 s\u0131k\u0131nt\u0131lar bizi de etkiledi ama hepinize \u00e7al\u0131\u015fmalar\u0131n\u0131zdan dolay\u0131 ayr\u0131 ayr\u0131 te\u015fekk\u00fcr ediyorum&#8221; dedi.<\/p>\n<p>&#8220;BU B\u0130R TEMENN\u0130 DE\u011e\u0130L, MERS\u0130N&#8217;\u0130N HIZLA GEL\u0130\u015eECE\u011e\u0130N\u0130 \u00d6NG\u00d6R\u00dcYORUZ&#8221;<\/p>\n<p>Mersin&#8217;i ziyaret etmek isteyen yerli ve yabanc\u0131 turistler i\u00e7in Turizm sekt\u00f6r\u00fcn\u00fcn her zaman haz\u0131r olmas\u0131 gerekti\u011fine dikkat \u00e7eken Ba\u015fkan Y\u0131lmaz; &#8220;Mersin&#8217;in h\u0131zla geli\u015fece\u011fini \u00f6ng\u00f6r\u00fcyoruz. Bu hep temenni \u015feklinde s\u00f6yleniyordu. \u015eimdi ise biraz daha t\u00fcnelin ucunda bir \u0131\u015f\u0131k g\u00f6r\u00fcn\u00fcyor. Gerek\u00e7eleriyle bunu g\u00f6r\u00fcyoruz. 1850&#8217;li y\u0131llarda b\u00f6lgemizde \u00fcretilen pamuktan barut \u00fcretilmeye ba\u015flamas\u0131yla birlikte Mersin&#8217;de iskeleler kurulmu\u015f ve limanc\u0131l\u0131k \u00fczerine geli\u015fmeye ba\u015flam\u0131\u015ft\u0131. \u00d6n\u00fcm\u00fczdeki d\u00f6nemde de yine bu \u015fekilde geli\u015fece\u011fini \u00f6ng\u00f6r\u00fcyoruz. \u015euan ki mesele d\u00fcnyada \u00fcretim Do\u011fuda yap\u0131l\u0131yor. T\u00fcketici bat\u0131da. Do\u011fudan bat\u0131ya \u00fcretilen \u00fcr\u00fcnlerin g\u00f6nderilmesi, ula\u015ft\u0131r\u0131lmas\u0131 meselesi d\u00fcnyan\u0131n en \u00f6nemli meselesidir. Tarihi \u0130pek Yolu ile \u00f6rt\u00fc\u015fen bir konu. \u00c7in&#8217;in; &#8220;Bir Ku\u015fak-Bir Yol&#8221; Projesi, yine &#8220;Kalk\u0131nma Yolu&#8221; Projesi neticesinde bu \u00fcr\u00fcnler gidecek. Bu \u00fcr\u00fcnler, d\u00fcnyada tart\u0131\u015f\u0131lan Zengezur Ge\u00e7idi \u00fczerinden kara ve demir yolu ile gidecek. Bir de daha k\u0131sa bir yol var. O da Mersin&#8217;den ge\u00e7iyor. En \u00f6nemli dura\u011f\u0131 Mersin. Gemilerin \u00fcr\u00fcnleri, Basra K\u00f6rfezi ile Musul, Kerk\u00fck \u00fczerinden Mersin Liman\u0131&#8217;na, Mersin Havaalan\u0131&#8217;na ta\u015f\u0131mas\u0131 ve buradan d\u00fcnyaya, Avrupa&#8217;ya da\u011f\u0131t\u0131lmas\u0131 noktas\u0131d\u0131r. N\u00fckleer Santral var. Bununla ilgili \u015fehrimizde birka\u00e7 y\u0131l olmas\u0131na ra\u011fmen ciddi geli\u015fmeler var. Aram\u0131zda o b\u00f6lgeden turizmci arkada\u015flar\u0131m\u0131z da var. Turizme yans\u0131mas\u0131 var m\u0131? Muhakkak var. Daha da fazla olacakt\u0131r. Mersin, \u00f6n\u00fcm\u00fczdeki d\u00f6nemde \u00e7ok daha h\u0131zl\u0131 geli\u015fecektir. D\u00fcnyan\u0131n de\u011fi\u015fik yerlerinden insanlar gelecektir. Bu insanlar\u0131, kar\u015f\u0131lama ve a\u011f\u0131rlama noktas\u0131nda da turizm sekt\u00f6r\u00fcm\u00fcz\u00fcn her zaman haz\u0131r olmas\u0131 gerekir. Bu yap\u0131y\u0131 olu\u015fturacak ve bu ihtiyac\u0131 giderecek olan turizmcilerimizdir&#8221; \u015feklinde konu\u015ftu.<\/p>\n","protected":false},"excerpt":{"rendered":"<p>Mersin ve \u00c7evresi Turizm Alan\u0131 Altyap\u0131 Hizmet Birli\u011fi (METAB) meclis toplant\u0131s\u0131, Birlik Ba\u015fkan\u0131 ve Toroslar Belediye Ba\u015fkan\u0131 Ats\u0131z Af\u015f\u0131n Y\u0131lmaz ba\u015fkanl\u0131\u011f\u0131nda yap\u0131ld\u0131. Yunus Emre K\u00fclt\u00fcr Merkezi&#8217;nde ger\u00e7ekle\u015fen toplant\u0131ya; Belediye Ba\u015fkan &hellip; <a href=\"https:\/\/akdenizolaygazetesi.com\/?p=28838\" class=\"more-link\">Devam\u0131n\u0131 Oku&#8230;<\/a><\/p>\n","protected":false},"author":2,"featured_media":28839,"comment_status":"open","ping_status":"open","sticky":false,"template":"","format":"standard","meta":[],"categories":[1,2,3],"tags":[],"_links":{"self":[{"href":"https:\/\/akdenizolaygazetesi.com\/index.php?rest_route=\/wp\/v2\/posts\/28838"}],"collection":[{"href":"https:\/\/akdenizolaygazetesi.com\/index.php?rest_route=\/wp\/v2\/posts"}],"about":[{"href":"https:\/\/akdenizolaygazetesi.com\/index.php?rest_route=\/wp\/v2\/types\/post"}],"author":[{"embeddable":true,"href":"https:\/\/akdenizolaygazetesi.com\/index.php?rest_route=\/wp\/v2\/users\/2"}],"replies":[{"embeddable":true,"href":"https:\/\/akdenizolaygazetesi.com\/index.php?rest_route=%2Fwp%2Fv2%2Fcomments&post=28838"}],"version-history":[{"count":1,"href":"https:\/\/akdenizolaygazetesi.com\/index.php?rest_route=\/wp\/v2\/posts\/28838\/revisions"}],"predecessor-version":[{"id":28840,"href":"https:\/\/akdenizolaygazetesi.com\/index.php?rest_route=\/wp\/v2\/posts\/28838\/revisions\/28840"}],"wp:featuredmedia":[{"embeddable":true,"href":"https:\/\/akdenizolaygazetesi.com\/index.php?rest_route=\/wp\/v2\/media\/28839"}],"wp:attachment":[{"href":"https:\/\/akdenizolaygazetesi.com\/index.php?rest_route=%2Fwp%2Fv2%2Fmedia&parent=28838"}],"wp:term":[{"taxonomy":"category","embeddable":true,"href":"https:\/\/akdenizolaygazetesi.com\/index.php?rest_route=%2Fwp%2Fv2%2Fcategories&post=28838"},{"taxonomy":"post_tag","embeddable":true,"href":"https:\/\/akdenizolaygazetesi.com\/index.php?rest_route=%2Fwp%2Fv2%2Ftags&post=28838"}],"curies":[{"name":"wp","href":"https:\/\/api.w.org\/{rel}","templated":true}]}}