{"id":28841,"date":"2023-11-30T12:57:47","date_gmt":"2023-11-30T09:57:47","guid":{"rendered":"http:\/\/akdenizolaygazetesi.com\/?p=28841"},"modified":"2023-11-30T12:57:47","modified_gmt":"2023-11-30T09:57:47","slug":"mersin-kosullarina-uygun-projeleri-hayata-gecirdik","status":"publish","type":"post","link":"https:\/\/akdenizolaygazetesi.com\/?p=28841","title":{"rendered":"&#8220;MERS\u0130N KO\u015eULLARINA UYGUN PROJELER\u0130 HAYATA GE\u00c7\u0130RD\u0130K&#8221;"},"content":{"rendered":"<p>Mersin B\u00fcy\u00fck\u015fehir Belediye Ba\u015fkan\u0131 Vahap Se\u00e7er, Mersin Ticaret ve Sanayi Odas\u0131&#8217;n\u0131n (MTSO) Kas\u0131m ay\u0131 ola\u011fan Meclis Toplant\u0131s\u0131&#8217;na kat\u0131ld\u0131. MTSO Meclis Ba\u015fkan\u0131 Hamit \u0130zol ba\u015fkanl\u0131\u011f\u0131nda ger\u00e7ekle\u015ftirilen toplant\u0131da konu\u015fan Se\u00e7er, meclis \u00fcyelerinin sekt\u00f6rel ve kente dair sorular\u0131n\u0131 cevaplad\u0131.<\/p>\n<p>Se\u00e7er: &#8220;Kentin gelecek 50-100 y\u0131l\u0131n\u0131n projeksiyonunu yaparak \u00e7al\u0131\u015fmalar\u0131m\u0131z\u0131 ger\u00e7ekle\u015ftirdik&#8221;<\/p>\n<p>Meclis toplant\u0131s\u0131nda konu\u015fan Ba\u015fkan Se\u00e7er, MTSO ile B\u00fcy\u00fck\u015fehir&#8217;in i\u015f birli\u011fi halinde y\u00fcr\u00fctt\u00fc\u011f\u00fc \u00e7al\u0131\u015fmalardan olduk\u00e7a memnun olduklar\u0131n\u0131 belirtti. 4.5 y\u0131ll\u0131k g\u00f6rev s\u00fcresi hakk\u0131nda de\u011ferlendirmelerde bulunan Se\u00e7er, &#8220;4 ay sonra 5 y\u0131l tamamlanacak. 5 y\u0131ll\u0131k s\u00fcre sonunda da Mersin B\u00fcy\u00fck\u015fehir Belediye Ba\u015fkan\u0131 se\u00e7iminde halk adaylardan birini tercih edecek ve bir 5 y\u0131l\u0131 daha bize verecek&#8221; diye konu\u015ftu.<\/p>\n<p>4.5 y\u0131ll\u0131k s\u00fcre i\u00e7erisinde Mersin&#8217;in, b\u00f6lgenin, \u00fclkenin ve d\u00fcnyan\u0131n ya\u015fad\u0131\u011f\u0131 ko\u015fullar\u0131 d\u00fc\u015f\u00fcnerek, yararl\u0131 i\u015fler yapmaya \u00e7al\u0131\u015ft\u0131klar\u0131n\u0131 vurgulayan Se\u00e7er, &#8220;Belediyecilik hizmetlerini de\u011ferlendirirken; sosyal hizmetleri bir ba\u015fl\u0131k alt\u0131nda de\u011ferlendirdik. Bir di\u011feri; yat\u0131r\u0131mlar. Bu yat\u0131r\u0131mlar; altyap\u0131 ve \u00fcst yap\u0131 yat\u0131r\u0131mlar\u0131. Bir di\u011fer ba\u015fl\u0131k da; kente vizyon koyarak, kentin gelecek 50 y\u0131l\u0131n\u0131, 100 y\u0131l\u0131n\u0131 bu projeksiyonu yapmak, kente bir de\u011fer katmak. Bu anlay\u0131\u015fla \u00e7al\u0131\u015fmalar\u0131m\u0131z\u0131 yapt\u0131k&#8221; dedi.<\/p>\n<p>&#8220;Mersin ko\u015fullar\u0131na uygun projeleri hayata ge\u00e7irdik&#8221;<\/p>\n<p>Kentin demografik \u00f6zelli\u011fi, sosyo-ekonomik ve sosyo-k\u00fclt\u00fcrel yap\u0131s\u0131n\u0131n al\u0131nan kararlarda, yat\u0131r\u0131m programlar\u0131nda, uygulanacak projelerde b\u00fcy\u00fck \u00f6nem arz etti\u011fine dikkat \u00e7eken Se\u00e7er, B\u00fcy\u00fck\u015fehir olarak hayata ge\u00e7irdikleri projelerin Mersin ko\u015fullar\u0131na uygun projeler oldu\u011funu vurgulad\u0131. Se\u00e7er, &#8220;Bir hayvanc\u0131l\u0131k projesi yapm\u0131\u015fsak, buran\u0131n tar\u0131m ve hayvanc\u0131l\u0131k sekt\u00f6r\u00fc durumuna y\u00f6nelik \u00e7al\u0131\u015fmalar yapt\u0131k. Ar\u0131c\u0131lardan fide-fidan deste\u011fine, sulama borusundan hayvan, tohum ve g\u00fcbre deste\u011fine; tar\u0131mla ilgili akl\u0131n\u0131za ne gelirse kendi b\u00fct\u00e7emiz ve vizyonumuz \u00f6l\u00e7e\u011finde yapmaya \u00e7al\u0131\u015ft\u0131k&#8221; ifadelerine yer verdi. Mersin&#8217;in, s\u00fcrekli geli\u015fmekte olan bir kent h\u00fcviyetine sahip olmas\u0131n\u0131n yan\u0131 s\u0131ra, gelir d\u00fczeyi d\u00fc\u015f\u00fck kitlelerin de kentte yer ald\u0131\u011f\u0131na i\u015faret eden Se\u00e7er, buna y\u00f6nelik de bir\u00e7ok uygulama hayata ge\u00e7irdiklerini ve insanlar\u0131n istihdama kat\u0131lmas\u0131 i\u00e7in projeler \u00fcrettiklerini aktard\u0131.<\/p>\n<p>B\u00fcy\u00fck\u015fehir Belediyesi olarak Mersin&#8217;de istihdam alanlar\u0131 yaratacak, sekt\u00f6rlerin geli\u015fmesini sa\u011flayacak ve kente katk\u0131 sunan yat\u0131r\u0131mlar\u0131n hayata ge\u00e7irilmesi i\u00e7in \u00e7aba sarf ettiklerini kaydeden Se\u00e7er, yat\u0131r\u0131mlar\u0131 hayata ge\u00e7irirken di\u011fer yandan da sosyal hizmet ve yard\u0131mlar\u0131 g\u00f6z ard\u0131 etmediklerinin alt\u0131n\u0131 \u00e7izdi.<\/p>\n<p>&#8220;B\u00fcy\u00fck\u015fehir&#8217;in 1\/5 binlik planlar\u0131 tamamland\u0131&#8221;<\/p>\n<p>Toplant\u0131da, imar \u00e7al\u0131\u015fmalar\u0131 hakk\u0131nda da de\u011ferlendirmede bulunan Se\u00e7er, Mezitli, Yeni\u015fehir, Toroslar ve Akdeniz olmak \u00fczere b\u00fct\u00fcn merkez il\u00e7elerde B\u00fcy\u00fck\u015fehir&#8217;in 1\/5 binlik planlar\u0131 tamamlad\u0131\u011f\u0131n\u0131 aktard\u0131. Se\u00e7er, &#8220;\u0130l\u00e7e belediyelerinin yapmakla g\u00f6revli oldu\u011fu 1\/1000&#8217;lik uygulama planlar\u0131n\u0131n kimisi devam ediyor kimisi tamamland\u0131. Mezitli ve Yeni\u015fehir&#8217;de bir sorun yok,  k\u0131smen baz\u0131 yerlerde devam eden \u00e7al\u0131\u015fmalar var, Toroslar&#8217;da birka\u00e7 etap var. Akdeniz il\u00e7emiz de bitmek \u00fczere&#8221; dedi. 3 bin 500 hektarl\u0131k yeni imar alan\u0131 a\u00e7t\u0131klar\u0131n\u0131 belirten Se\u00e7er, bu alan\u0131n \u00f6zellikle sanayi, lojistik, depolama alanlar\u0131 ihtiyac\u0131 olan MTSO \u00fcyelerini ilgilendirdi\u011fine dikkat \u00e7ekerek, alan i\u00e7in Akdeniz Belediyesi&#8217;nin 1\/1000&#8217;lik uygulama planlar\u0131n\u0131 yapmas\u0131n\u0131 beklediklerini s\u00f6yledi.<\/p>\n<p>Mersin&#8217;in s\u00fcrekli geli\u015fmekte olan bir kent oldu\u011funa vurgu yapan Se\u00e7er, buna ba\u011fl\u0131 olarak n\u00fcfus yo\u011funlu\u011funun da artt\u0131\u011f\u0131n\u0131 ve buna uygun \u00e7al\u0131\u015fmalar yapmak zorunda olduklar\u0131n\u0131 kaydetti. Se\u00e7er, &#8220;Geli\u015fen kent n\u00fcfusuna kar\u015f\u0131 \u00f6nlem olarak yeni bulvarlar a\u00e7acaks\u0131n\u0131z, kent trafi\u011fini rahatlatacaks\u0131n\u0131z. Bunu yaparken de bir Master Plan \u00e7er\u00e7evesinde yapacaks\u0131n\u0131z. Biz il\u00e7eler de dahil bunu ger\u00e7ekle\u015ftirdik. Son r\u00f6tu\u015flar\u0131 da yap\u0131l\u0131yor. Onay a\u015famas\u0131nda diyebiliriz. Bu d\u00f6nem sonuna kalmaz Master Plan onaylanacak. \u015eu anda T\u00fcrkiye M\u00fchendis ve Mimar Odalar\u0131 Birli\u011fi&#8217;nin talebi \u00fczerine onlara da bir sunum yapaca\u011f\u0131z. Onlar\u0131n da katk\u0131lar\u0131n\u0131 al\u0131p sonu\u00e7 itibariyle plan\u0131 tamamlayaca\u011f\u0131z. Biz bu plan \u00e7er\u00e7evesinde yap\u0131lacak katl\u0131 kav\u015faklardan rayl\u0131 sistemlere, a\u00e7\u0131lacak yeni bulvarlara kadar bir\u00e7ok konuda bilgi sahibi olup, bu \u00e7al\u0131\u015fmalar\u0131 yap\u0131yoruz&#8221; ifadelerini kulland\u0131. <\/p>\n<p>Se\u00e7er, B\u00fcy\u00fck\u015fehir&#8217;in yol \u00e7al\u0131\u015fmalar\u0131n\u0131 anlatt\u0131<\/p>\n<p>Kent genelinde ger\u00e7ekle\u015ftirdikleri yol \u00e7al\u0131\u015fmalar\u0131 hakk\u0131nda detayl\u0131 bilgiler veren Se\u00e7er, 4. \u00c7evre Yolu&#8217;nun M\u00fcft\u00fc Deresi&#8217;yle 34. Cadde aras\u0131ndaki b\u00f6l\u00fcm\u00fcn\u00fcn yap\u0131m\u0131n\u0131n tamamland\u0131\u011f\u0131n\u0131 ve uzun y\u0131llard\u0131r bak\u0131m bekleyen 3. \u00c7evre Yolu&#8217;nu da daha konforlu hale getirdiklerini ve T\u00fcrkiye&#8217;de ilk defa uygulanan kanalize kav\u015fak sistemi modeli ile in\u015fa ettiklerini vurgulad\u0131. 2. \u00c7evre Yolu&#8217;nun da ilk 980 metrelik b\u00f6l\u00fcm\u00fcn\u00fc a\u00e7t\u0131klar\u0131n\u0131 belirten Se\u00e7er, alandaki b\u00fct\u00fcn imar plan \u00e7al\u0131\u015fmalar\u0131n\u0131n da bitti\u011fini ve hukuki altyap\u0131s\u0131n\u0131n haz\u0131rlan\u0131p \u00f6n\u00fcm\u00fczdeki g\u00fcnlerde yol asfalt biriminin \u00e7al\u0131\u015fmalara ba\u015flayacaklar\u0131n\u0131 kaydetti. Se\u00e7er, k\u0131sa s\u00fcrede 3. ve 4. \u00c7evre Yolu&#8217;nu \u00dcniversite Caddesi&#8217;ne ba\u011flayacaklar\u0131n\u0131 ve b\u00f6ylelikle 2. \u00c7evre Yolu&#8217;nun Saya Park Kav\u015fa\u011f\u0131&#8217;ndaki trafik y\u00fck\u00fcn\u00fc azaltm\u0131\u015f olacaklar\u0131n\u0131 dile getirdi.<\/p>\n<p>Metro konusuna da de\u011finen Se\u00e7er, &#8216;Metro Projesi&#8217;nin b\u00fcrokratik engellemelere tak\u0131ld\u0131\u011f\u0131n\u0131 ve bu y\u00fczden uzun zaman kaybettiklerini s\u00f6yledi. &#8220;11 kilometrelik tramvay projesi 5 y\u0131l\u0131m\u0131z\u0131 ald\u0131. Bunlar kolay y\u00fcr\u00fcm\u00fcyor, uzun s\u00fcreli i\u015fler. Ama biz bunlar\u0131 yap\u0131yoruz. \u015eu anda eski otogar, \u015eehir Hastanesi, yeni otogar hemzemin rayl\u0131 sistemine ba\u011flad\u0131k. \u015eimdi o da Altyap\u0131 Genel M\u00fcd\u00fcrl\u00fc\u011f\u00fc&#8217;nde. 35 kilometrelik rayl\u0131 sistem projemiz var&#8221; dedi.<\/p>\n<p>Se\u00e7er, Hal Katl\u0131 Kav\u015fa\u011f\u0131&#8217;na ba\u015flayabilmeleri i\u00e7in Pamukluk Baraj\u0131 Projesi&#8217;nin hayata ge\u00e7irilmesi gerekti\u011fine dikkat \u00e7ekti<\/p>\n<p>Hal Katl\u0131 Kav\u015fa\u011f\u0131&#8217;na ba\u015flayabilmeleri i\u00e7in Pamukluk Baraj\u0131 Projesi&#8217;nin hayata ge\u00e7irilmesi gerekti\u011fine dikkat \u00e7eken Se\u00e7er, &#8220;Oradan bizim mevcut Berdan Baraj\u0131&#8217;ndan beslenen boru hatt\u0131m\u0131z  ge\u00e7iyor. Mersin&#8217;in ana borusu ge\u00e7iyor. Tarsus&#8217;tan ald\u0131\u011f\u0131m\u0131z suyun borusu ve Mersin halk\u0131n\u0131n y\u00fczde 85&#8217;inin su ihtiyac\u0131n\u0131 oradan kar\u015f\u0131l\u0131yoruz ve biz o deplaseye girsek, oras\u0131 da birka\u00e7 ay s\u00fcrer. Mersin birka\u00e7 ay susuz kalamayaca\u011f\u0131 i\u00e7in oray\u0131 Pamukluk Baraj\u0131 Projesi&#8217;nden sonra yapaca\u011f\u0131z&#8221; ifadelerine yer verdi.<\/p>\n<p>\u00c7ak\u0131r: &#8220;Mersin B\u00fcy\u00fck\u015fehir Belediyesi i\u015f birliklerine a\u00e7\u0131k bir belediye&#8221;<\/p>\n<p>MTSO Ba\u015fkan\u0131 Hakan Sefa \u00c7ak\u0131r, Mersin B\u00fcy\u00fck\u015fehir&#8217;in \u00e7ok \u00f6nemli ve g\u00fczel i\u015fler yapt\u0131\u011f\u0131n\u0131, ayn\u0131 zamanda da i\u015f birliklerine a\u00e7\u0131k oldu\u011funu s\u00f6yleyerek, &#8220;Beni en \u00e7ok etkileyen ve heyecanland\u0131ran, o g\u00fczel k\u00fct\u00fcphanenin i\u00e7erisinde \u00e7ocuklar\u0131n heyecanla kitap okumas\u0131 ve \u00f6zellikle \u00fcniversite \u00f6\u011frencilerinin kendi \u015fehirlerine d\u00f6nd\u00fckleri zaman o manzaray\u0131 ve Mersin&#8217;i unutamayacak olmalar\u0131&#8221; dedi.<\/p>\n<p>Ba\u015fkan Se\u00e7er&#8217;in MTSO Meclis \u00fcyelerinin kent ve belediye \u00e7al\u0131\u015fmalar\u0131 hakk\u0131nda sorular\u0131n\u0131  yan\u0131tlamas\u0131 ile devam eden toplant\u0131 hat\u0131ra foto\u011fraf\u0131 \u00e7ekiminin ard\u0131ndan sona erdi.<\/p>\n","protected":false},"excerpt":{"rendered":"<p>Mersin B\u00fcy\u00fck\u015fehir Belediye Ba\u015fkan\u0131 Vahap Se\u00e7er, Mersin Ticaret ve Sanayi Odas\u0131&#8217;n\u0131n (MTSO) Kas\u0131m ay\u0131 ola\u011fan Meclis Toplant\u0131s\u0131&#8217;na kat\u0131ld\u0131. MTSO Meclis Ba\u015fkan\u0131 Hamit \u0130zol ba\u015fkanl\u0131\u011f\u0131nda ger\u00e7ekle\u015ftirilen toplant\u0131da konu\u015fan Se\u00e7er, meclis \u00fcyelerinin &hellip; <a href=\"https:\/\/akdenizolaygazetesi.com\/?p=28841\" class=\"more-link\">Devam\u0131n\u0131 Oku&#8230;<\/a><\/p>\n","protected":false},"author":2,"featured_media":28842,"comment_status":"open","ping_status":"open","sticky":false,"template":"","format":"standard","meta":[],"categories":[8,2,3],"tags":[],"_links":{"self":[{"href":"https:\/\/akdenizolaygazetesi.com\/index.php?rest_route=\/wp\/v2\/posts\/28841"}],"collection":[{"href":"https:\/\/akdenizolaygazetesi.com\/index.php?rest_route=\/wp\/v2\/posts"}],"about":[{"href":"https:\/\/akdenizolaygazetesi.com\/index.php?rest_route=\/wp\/v2\/types\/post"}],"author":[{"embeddable":true,"href":"https:\/\/akdenizolaygazetesi.com\/index.php?rest_route=\/wp\/v2\/users\/2"}],"replies":[{"embeddable":true,"href":"https:\/\/akdenizolaygazetesi.com\/index.php?rest_route=%2Fwp%2Fv2%2Fcomments&post=28841"}],"version-history":[{"count":1,"href":"https:\/\/akdenizolaygazetesi.com\/index.php?rest_route=\/wp\/v2\/posts\/28841\/revisions"}],"predecessor-version":[{"id":28843,"href":"https:\/\/akdenizolaygazetesi.com\/index.php?rest_route=\/wp\/v2\/posts\/28841\/revisions\/28843"}],"wp:featuredmedia":[{"embeddable":true,"href":"https:\/\/akdenizolaygazetesi.com\/index.php?rest_route=\/wp\/v2\/media\/28842"}],"wp:attachment":[{"href":"https:\/\/akdenizolaygazetesi.com\/index.php?rest_route=%2Fwp%2Fv2%2Fmedia&parent=28841"}],"wp:term":[{"taxonomy":"category","embeddable":true,"href":"https:\/\/akdenizolaygazetesi.com\/index.php?rest_route=%2Fwp%2Fv2%2Fcategories&post=28841"},{"taxonomy":"post_tag","embeddable":true,"href":"https:\/\/akdenizolaygazetesi.com\/index.php?rest_route=%2Fwp%2Fv2%2Ftags&post=28841"}],"curies":[{"name":"wp","href":"https:\/\/api.w.org\/{rel}","templated":true}]}}