{"id":28847,"date":"2023-11-30T13:00:48","date_gmt":"2023-11-30T10:00:48","guid":{"rendered":"http:\/\/akdenizolaygazetesi.com\/?p=28847"},"modified":"2023-11-30T13:00:48","modified_gmt":"2023-11-30T10:00:48","slug":"dogu-akdeniz-ormancilik-arastirma-enstitusu-mudurlugunde-teknik-kurul-toplantisina-katildik","status":"publish","type":"post","link":"https:\/\/akdenizolaygazetesi.com\/?p=28847","title":{"rendered":"Do\u011fu Akdeniz Ormanc\u0131l\u0131k Ara\u015ft\u0131rma Enstit\u00fcs\u00fc M\u00fcd\u00fcrl\u00fc\u011f\u00fcnde Teknik Kurul Toplant\u0131s\u0131na Kat\u0131ld\u0131k"},"content":{"rendered":"<p>Do\u011fu Akdeniz Ormanc\u0131l\u0131k Ara\u015ft\u0131rma Enstit\u00fcs\u00fc M\u00fcd\u00fcrl\u00fc\u011f\u00fc taraf\u0131ndan y\u0131ll\u0131k Ola\u011fan Teknik Kurul toplant\u0131s\u0131 ger\u00e7ekle\u015ftirildi. Toplant\u0131ya Enstit\u00fc M\u00fcd\u00fcr\u00fc Abdulkadir Y\u0131ld\u0131zbakan, Orman Genel M\u00fcd\u00fcrl\u00fc\u011f\u00fc A\u011fa\u00e7land\u0131rma Dairesi Ba\u015fkan Yard\u0131mc\u0131s\u0131 Ahmet Yalva\u00e7, Kahramanmara\u015f S\u00fct\u00e7\u00fc \u0130mam \u00dcniversitesi Orman Fak\u00fcltesi Dekan\u0131 Prof. Dr. Hasan Serin, Mersin Orman B\u00f6lge M\u00fcd\u00fcr\u00fc Mustafa Yal\u00e7\u0131n, Adana Orman B\u00f6lge M\u00fcd\u00fcr\u00fc Mahmut Y\u0131lmaz, B\u00f6lge M\u00fcd\u00fcr Yard\u0131mc\u0131lar\u0131, \u015eube M\u00fcd\u00fcrleri, \u0130\u015fletme M\u00fcd\u00fcrleri, M\u00fcd\u00fcr Yard\u0131mc\u0131lar\u0131, \u0130\u015fletme \u015eefleri ve Akademisyenler kat\u0131ld\u0131.<\/p>\n<p>Toplant\u0131da, biten projelerin sonu\u00e7 raporlar\u0131 de\u011ferlendirilip, devam eden projelerin safahat\u0131 hakk\u0131nda bilgi verilerek, ara\u015ft\u0131rmaya konu olacak yeni proje ve \u00f6neriler de\u011ferlendirildi. <\/p>\n","protected":false},"excerpt":{"rendered":"<p>Do\u011fu Akdeniz Ormanc\u0131l\u0131k Ara\u015ft\u0131rma Enstit\u00fcs\u00fc M\u00fcd\u00fcrl\u00fc\u011f\u00fc taraf\u0131ndan y\u0131ll\u0131k Ola\u011fan Teknik Kurul toplant\u0131s\u0131 ger\u00e7ekle\u015ftirildi. Toplant\u0131ya Enstit\u00fc M\u00fcd\u00fcr\u00fc Abdulkadir Y\u0131ld\u0131zbakan, Orman Genel M\u00fcd\u00fcrl\u00fc\u011f\u00fc A\u011fa\u00e7land\u0131rma Dairesi Ba\u015fkan Yard\u0131mc\u0131s\u0131 Ahmet Yalva\u00e7, Kahramanmara\u015f S\u00fct\u00e7\u00fc \u0130mam &hellip; <a href=\"https:\/\/akdenizolaygazetesi.com\/?p=28847\" class=\"more-link\">Devam\u0131n\u0131 Oku&#8230;<\/a><\/p>\n","protected":false},"author":2,"featured_media":28848,"comment_status":"open","ping_status":"open","sticky":false,"template":"","format":"standard","meta":[],"categories":[1,2,3],"tags":[],"_links":{"self":[{"href":"https:\/\/akdenizolaygazetesi.com\/index.php?rest_route=\/wp\/v2\/posts\/28847"}],"collection":[{"href":"https:\/\/akdenizolaygazetesi.com\/index.php?rest_route=\/wp\/v2\/posts"}],"about":[{"href":"https:\/\/akdenizolaygazetesi.com\/index.php?rest_route=\/wp\/v2\/types\/post"}],"author":[{"embeddable":true,"href":"https:\/\/akdenizolaygazetesi.com\/index.php?rest_route=\/wp\/v2\/users\/2"}],"replies":[{"embeddable":true,"href":"https:\/\/akdenizolaygazetesi.com\/index.php?rest_route=%2Fwp%2Fv2%2Fcomments&post=28847"}],"version-history":[{"count":1,"href":"https:\/\/akdenizolaygazetesi.com\/index.php?rest_route=\/wp\/v2\/posts\/28847\/revisions"}],"predecessor-version":[{"id":28849,"href":"https:\/\/akdenizolaygazetesi.com\/index.php?rest_route=\/wp\/v2\/posts\/28847\/revisions\/28849"}],"wp:featuredmedia":[{"embeddable":true,"href":"https:\/\/akdenizolaygazetesi.com\/index.php?rest_route=\/wp\/v2\/media\/28848"}],"wp:attachment":[{"href":"https:\/\/akdenizolaygazetesi.com\/index.php?rest_route=%2Fwp%2Fv2%2Fmedia&parent=28847"}],"wp:term":[{"taxonomy":"category","embeddable":true,"href":"https:\/\/akdenizolaygazetesi.com\/index.php?rest_route=%2Fwp%2Fv2%2Fcategories&post=28847"},{"taxonomy":"post_tag","embeddable":true,"href":"https:\/\/akdenizolaygazetesi.com\/index.php?rest_route=%2Fwp%2Fv2%2Ftags&post=28847"}],"curies":[{"name":"wp","href":"https:\/\/api.w.org\/{rel}","templated":true}]}}