{"id":2904,"date":"2020-11-04T18:23:22","date_gmt":"2020-11-04T15:23:22","guid":{"rendered":"http:\/\/mersinekonomipolitikagazetesi.com\/?p=2904"},"modified":"2020-11-04T18:23:22","modified_gmt":"2020-11-04T15:23:22","slug":"akamib-2018-yili-ekim-ayi-ihracati-599-milyon-dolar","status":"publish","type":"post","link":"https:\/\/akdenizolaygazetesi.com\/?p=2904","title":{"rendered":"AKAM\u0130B 2018 YILI EK\u0130M AYI  \u0130HRACATI 59,9 M\u0130LYON DOLAR"},"content":{"rendered":"<p>2018 y\u0131l\u0131 Ekim ay\u0131 sekt\u00f6rel bazda ihracat rakamlar\u0131na g\u00f6re; T\u00fcrkiye Mobilya, K\u00e2\u011f\u0131t ve Orman \u00dcr\u00fcnleri ihracat\u0131, 2017 y\u0131l\u0131n\u0131n e\u015f de\u011fer d\u00f6nemine k\u0131yasla, y\u00fczde 10,6 oran\u0131nda art\u0131\u015f g\u00f6stererek 440 milyon 284 bin dolar olarak ger\u00e7ekle\u015fti. Sekt\u00f6r\u00fcn Ekim ay\u0131 T\u00fcrkiye toplam ihracat\u0131ndaki pay\u0131 ise y\u00fczde 2,8 oldu.<\/p>\n<p><span style=\"line-height: 1.6em;\">2018 y\u0131l\u0131 Ekim ay\u0131 sekt\u00f6rel bazda ihracat rakamlar\u0131n\u0131 de\u011ferlendiren Akdeniz Mobilya, K\u00e2\u011f\u0131t ve Orman \u00dcr\u00fcnleri \u0130hracat\u00e7\u0131lar\u0131 Birli\u011fi Y\u00f6netim Kurulu Ba\u015fkan\u0131 Onur K\u0131l\u0131\u00e7er, AKAM\u0130B taraf\u0131ndan 2017 y\u0131l\u0131na k\u0131yasla y\u00fczde 5 oran\u0131nda art\u0131\u015f ile 59 milyon 893 bin dolar Mobilya, K\u00e2\u011f\u0131t ve Orman \u00dcr\u00fcnleri ihracat\u0131 ger\u00e7ekle\u015fti\u011fini kaydetti.<\/span><\/p>\n<p>T\u00fcrkiye geneli ve AKAM\u0130B olarak sekt\u00f6r\u00fcn Ekim ay\u0131nda en \u00f6nemli pazar\u0131n\u0131n yine Irak oldu\u011funu vurgulayan K\u0131l\u0131\u00e7er, \u201cAKAM\u0130B ihracat\u0131nda Irak pazar\u0131n\u0131 \u0130talya ve Almanya takip etti. T\u00fcrkiye sekt\u00f6r ihracat\u0131nda ise Ekim ay\u0131nda Birle\u015fik Devletler\u2019e ger\u00e7ekle\u015fen ihracattaki y\u00fckseli\u015f dikkat \u00e7ekti\u201d \u015feklinde bilgi verdi.<\/p>\n<p>Ocak-Ekim 10 ayl\u0131k d\u00f6nemde Mobilyalar \u00fcr\u00fcn grubu AKAM\u0130B ihracat\u0131nda %62 paya sahip olurken, ihracat de\u011feri 266 milyon 657 bin dolar\u0131 buldu. Keresteler-Sand\u0131k-Kafes-Palet \u00fcr\u00fcn grubu ihracat\u0131 ise y\u00fczde 5,55 art\u0131\u015f ile yakla\u015f\u0131k 34 milyon ihracat de\u011ferini yakalad\u0131.<\/p>\n<p>T.C. Ticaret Bakanl\u0131\u011f\u0131\u2019n\u0131n deste\u011fi ve Akdeniz Mobilya, Ka\u011f\u0131t ve Orman \u00dcr\u00fcnleri \u0130hracat\u00e7\u0131lar\u0131 Birli\u011fi\u2019nin giri\u015fimleriyle ba\u015flayan URGE projesi ile ilgili olarak da a\u00e7\u0131klama yapan K\u0131l\u0131\u00e7er, \u201cProjenin amac\u0131; Kayseri ilimizin mobilya sekt\u00f6r\u00fcnde d\u00fcnya pazar\u0131nda bilinirlili\u011fini artt\u0131rmak ve bir d\u00fcnya markas\u0131 haline getirmektir. 21 firman\u0131n kat\u0131ld\u0131\u011f\u0131 proje sayesinde Kayseri ilinin ihracattaki pay\u0131 artt\u0131r\u0131lmak isteniyor. Proje kapsam\u0131nda firmalar\u0131n ihtiya\u00e7lar\u0131na g\u00f6re e\u011fitim ve yurt d\u0131\u015f\u0131 pazarlama faaliyetleri d\u00fczenlenecek\u201d diye konu\u015ftu.\u00a0<\/p>\n<p>6 Kas\u0131m 2018 tarihinde ise AK\u0130B Kayseri \u0130rtibat Ofisi\u2019nde yap\u0131lan ihtiya\u00e7 analizi de\u011ferlendirme toplant\u0131s\u0131na proje payda\u015flar\u0131 ve proje dan\u0131\u015fmanlar\u0131 kat\u0131l\u0131m g\u00f6sterdi. Toplant\u0131da; proje yol haritas\u0131 \u00e7izildi ve Kayserili mobilya firmalar\u0131n\u0131n hangi pazarlara girebilece\u011fi konu\u015fuldu.\u00a0<\/p>\n<p>Toplant\u0131da konu\u015fan AKAM\u0130B Ba\u015fkan\u0131 K\u0131l\u0131\u00e7er, Kayseri\u2019nin \u00e7ok b\u00fcy\u00fck ihracat potansiyeli oldu\u011funun ve projeye kat\u0131lan firmalar\u0131n %64 gibi b\u00fcy\u00fck bir oranla zaten ihracat yapt\u0131klar\u0131n\u0131n alt\u0131n\u0131 \u00e7izdi. K\u0131\u0131l\u0131\u00e7er ayr\u0131ca T\u00fcrkiye geneli illerin mobilya sanayi b\u00fcy\u00fckl\u00fcklerinin toplam \u00fcretim de\u011feri i\u00e7indeki yerine g\u00f6re s\u0131ralama yap\u0131ld\u0131\u011f\u0131nda, Kayseri\u2019nin \u0130stanbul\u2019dan sonra ikinci s\u0131rada yer ald\u0131\u011f\u0131n\u0131 da belirtti.\u00a0<\/p>\n<p>Toplant\u0131 sonunda belirlenen pazar hedeflerinde Latin Amerika ve Orta Afrika gibi uzak pazarlar\u0131n olmas\u0131 Kayseri\u2019nin proje sayesinde d\u00fcnya bilinirli\u011finin artaca\u011f\u0131na olan inanc\u0131 artt\u0131rd\u0131. \u00a0<br \/>\n\u00a0<\/p>\n","protected":false},"excerpt":{"rendered":"<p>2018 y\u0131l\u0131 Ekim ay\u0131 sekt\u00f6rel bazda ihracat rakamlar\u0131na g\u00f6re; T\u00fcrkiye Mobilya, K\u00e2\u011f\u0131t ve Orman \u00dcr\u00fcnleri ihracat\u0131, 2017 y\u0131l\u0131n\u0131n e\u015f de\u011fer d\u00f6nemine k\u0131yasla, y\u00fczde 10,6 oran\u0131nda art\u0131\u015f g\u00f6stererek 440 milyon 284 &hellip; <a href=\"https:\/\/akdenizolaygazetesi.com\/?p=2904\" class=\"more-link\">Devam\u0131n\u0131 Oku&#8230;<\/a><\/p>\n","protected":false},"author":1,"featured_media":0,"comment_status":"open","ping_status":"open","sticky":false,"template":"","format":"standard","meta":[],"categories":[],"tags":[],"_links":{"self":[{"href":"https:\/\/akdenizolaygazetesi.com\/index.php?rest_route=\/wp\/v2\/posts\/2904"}],"collection":[{"href":"https:\/\/akdenizolaygazetesi.com\/index.php?rest_route=\/wp\/v2\/posts"}],"about":[{"href":"https:\/\/akdenizolaygazetesi.com\/index.php?rest_route=\/wp\/v2\/types\/post"}],"author":[{"embeddable":true,"href":"https:\/\/akdenizolaygazetesi.com\/index.php?rest_route=\/wp\/v2\/users\/1"}],"replies":[{"embeddable":true,"href":"https:\/\/akdenizolaygazetesi.com\/index.php?rest_route=%2Fwp%2Fv2%2Fcomments&post=2904"}],"version-history":[{"count":0,"href":"https:\/\/akdenizolaygazetesi.com\/index.php?rest_route=\/wp\/v2\/posts\/2904\/revisions"}],"wp:attachment":[{"href":"https:\/\/akdenizolaygazetesi.com\/index.php?rest_route=%2Fwp%2Fv2%2Fmedia&parent=2904"}],"wp:term":[{"taxonomy":"category","embeddable":true,"href":"https:\/\/akdenizolaygazetesi.com\/index.php?rest_route=%2Fwp%2Fv2%2Fcategories&post=2904"},{"taxonomy":"post_tag","embeddable":true,"href":"https:\/\/akdenizolaygazetesi.com\/index.php?rest_route=%2Fwp%2Fv2%2Ftags&post=2904"}],"curies":[{"name":"wp","href":"https:\/\/api.w.org\/{rel}","templated":true}]}}