{"id":2905,"date":"2020-11-04T18:23:24","date_gmt":"2020-11-04T15:23:24","guid":{"rendered":"http:\/\/mersinekonomipolitikagazetesi.com\/?p=2905"},"modified":"2020-11-04T18:23:24","modified_gmt":"2020-11-04T15:23:24","slug":"motorine-indirim-sart","status":"publish","type":"post","link":"https:\/\/akdenizolaygazetesi.com\/?p=2905","title":{"rendered":"Motorine indirim \u015fart"},"content":{"rendered":"<p>Benzinin litre fiyat\u0131na gelen 21 kuru\u015fluk indirimin sevindirici ancak yeterli olmad\u0131\u011f\u0131n\u0131 belirten TESK Genel Ba\u015fkan\u0131 Bendevi Paland\u00f6ken, \u201cBenzine 3 Kas\u0131m tarihinde yap\u0131lan 17 kuru\u015fluk indirimin ard\u0131ndan bug\u00fcn 21 kuru\u015f daha indirim yap\u0131lmas\u0131 olumlu. Ancak sadece benzine yap\u0131lan bu indirimler enflasyonu d\u00fc\u015f\u00fcrmek i\u00e7in tek ba\u015f\u0131na yeterli de\u011fil. A\u011f\u0131rl\u0131kl\u0131 olarak motorin kullanan ula\u015ft\u0131rma sekt\u00f6r\u00fc yap\u0131lacak olan indirimle hem nefes alacak, hem de b\u00fct\u00fcn sekt\u00f6rler bu indirimden olumlu yararlanacakt\u0131r\u201d dedi.\u00a0<br \/>\n-\u201cMotorine indirim t\u00fcm sekt\u00f6rlere olumlu yans\u0131r\u201d\u00a0<br \/>\nBenzine yap\u0131lan indirimin ard\u0131ndan motorin i\u00e7in de indirim beklediklerini ifade eden T\u00fcrkiye Esnaf ve Sanatkarlar Konfederasyonu TESK Genel Ba\u015fkan\u0131 Bendevi Paland\u00f6ken, \u201cD\u00f6viz kurlar\u0131 son 3 ay\u0131n en d\u00fc\u015f\u00fck d\u00fczeyine gerileyince uluslar aras\u0131 piyasalarda petrol fiyatlar\u0131 d\u00fc\u015ft\u00fc. Bunun ilk yans\u0131mas\u0131 olarak benzine bir ay i\u00e7erisinde iki kez indirim yap\u0131ld\u0131. Piyasadaki bu rahatlaman\u0131n motorin fiyatlar\u0131na da indirim olarak yans\u0131mas\u0131n\u0131 bekliyoruz. Benzine yap\u0131lan indirim motorin i\u00e7in de yap\u0131l\u0131rsa ba\u015fta ula\u015ft\u0131rma sekt\u00f6r\u00fcnde \u00e7al\u0131\u015fan esnaf\u0131m\u0131z olmak \u00fczere t\u00fcm piyasa canlan\u0131r. \u00d6zellikle motorin fiyatlar\u0131n\u0131n d\u00fc\u015fmesi A\u2019dan Z\u2019ye t\u00fcm \u00fcr\u00fcnlerin fiyat\u0131na da indirim olarak yans\u0131r. En \u00f6nemlisi de, enflasyonla topyekun m\u00fccadele etti\u011fimiz bir d\u00f6nemde enflasyon rakamlar\u0131n\u0131n d\u00fc\u015fmesini sa\u011flar\u201d \u015feklinde konu\u015ftu.\u00a0<\/p>\n<p>&#8220;Esnaf ve sanatkarl\u0131\u011f\u0131n temeli sahi sofralar\u0131nda at\u0131l\u0131r&#8221;\u00a0<\/p>\n<p>T\u00fcrkiye Esnaf ve Sanatkarlar\u0131 Konfederasyonu (TESK) Genel Ba\u015fkan\u0131 Bendevi Paland\u00f6ken, &#8220;Anadolu bize yurt olmadan \u00f6nce bir\u00e7ok medeniyete ev sahipli\u011fi yapt\u0131. G\u00f6beklitepe bu anlamda Anadolu\u2019nun tarihinde hi\u00e7 ku\u015fkusuz en nadide yere sahip. Tarihin ilk zamanlar\u0131ndan bu yana kurulan t\u00fcm medeniyetlerin birikimini harmanlayarak bug\u00fcne getiren, k\u00fclt\u00fcrlerin bulu\u015ftu\u011fu topraklar diyoruz biz Anadolu&#8217;ya&#8221; dedi.\u00a0<br \/>\nPaland\u00f6ken, TESK, KOSGEB, TOBB ve T\u00dcB\u0130TAK ortakl\u0131\u011f\u0131nda Br\u00fcksel&#8217;de kurulan TuR&#038;Bo Ofisi\u2019nin 2018 y\u0131l\u0131 faaliyeti kapsam\u0131nda G\u00f6beklitepe ve T\u00fcrk mutfa\u011f\u0131n\u0131 tan\u0131tmak amac\u0131yla d\u00fczenledikleri &#8220;G\u00f6beklitepe: K\u00fclt\u00fcrlerin bulu\u015ftu\u011fu topraklar&#8230;Tarihten, gastronomiye&#8221; etkinli\u011fi nedeniyle AB Parlamentosunda a\u00e7\u0131l\u0131\u015f konu\u015fmas\u0131 yapt\u0131.\u00a0<br \/>\nPaland\u00f6ken Ahili\u011fin mesleki e\u011fitim ve yeterlilikletinin hizmet ve \u00fcr\u00fcn standartlar\u0131n\u0131n temellerinin at\u0131ld\u0131\u011f\u0131 bir d\u00f6nem oldu\u011funu belirterek &#8220;Bu ekonomik anlay\u0131\u015f\u0131n temelinde \u00e7al\u0131\u015fmak, \u00fcretmek, kalite, eme\u011fe sayg\u0131, dayan\u0131\u015fma, helal kazan\u00e7, helal lokma, yard\u0131mla\u015fma, israftan ka\u00e7\u0131nma gibi temel evrensel kurallar vard\u0131r. 14. y\u00fczy\u0131l d\u00fc\u015f\u00fcn\u00fcr\u00fc, devlet adam\u0131 ve tarih\u00e7i \u0130bn-i Haldun \u2018co\u011frafya kaderdir\u2019 demi\u015ftir. Hi\u00e7 \u015f\u00fcphesiz ki her co\u011frafya kendi k\u00fclt\u00fcr\u00fcn\u00fc ve her k\u00fclt\u00fcr de kendi mutfa\u011f\u0131n\u0131 olu\u015fturur. B\u00f6ylece geli\u015fen ve zaman i\u00e7inde de\u011fi\u015fen mutfak k\u00fclt\u00fcr\u00fc, nesiller ve medeniyetler aras\u0131nda aktar\u0131larak birbirini etkiler. Anadolu\u2019ya bakt\u0131\u011f\u0131m\u0131zda bereketli bir co\u011frafya ile kar\u015f\u0131la\u015f\u0131yoruz. Anadolu\u2019da Ahi sofralar\u0131nda sohbetlerin edildi\u011fi, hayat\u0131n deneyimlerin payla\u015f\u0131ld\u0131\u011f\u0131 ve g\u00fcn\u00fcm\u00fcz esnaf ve sanatkarlar\u0131n\u0131n temelleri at\u0131lmaktad\u0131r&#8221; diye konu\u015ftu.\u00a0<\/p>\n<p>&#8220;G\u00f6beklitepe insanl\u0131\u011f\u0131n ortak tarihidir&#8221;\u00a0<\/p>\n<p>Paland\u00f6ken, G\u00f6beklitepe\u2019nin insanl\u0131\u011f\u0131n ortak tarihi miras\u0131 oldu\u011funa dikkat \u00e7ekerek, ortak bir miras\u0131 ve tarihi payla\u015fan herkesin ortak bir gelece\u011fi de yine beraber kuracaklar\u0131na inand\u0131\u011f\u0131n\u0131 s\u00f6yledi.\u00a0<br \/>\nAB Parlamentosunda Avrupa Parlamentosu \u00dcyesi \u0130smail Ertu\u011f\u2019un ev sahipli\u011finde ger\u00e7ekle\u015ftirilen toplant\u0131ya, Avrupa Parlamentosu \u00dcyesi Nedzhmi Ali\u2019nin yan\u0131s\u0131ra TC Br\u00fcksel B\u00fcy\u00fckel\u00e7isi Zeki Levent G\u00fcmr\u00fck\u00e7\u00fc, KOSGEB Ba\u015fkan Yard\u0131mc\u0131s\u0131 Salih Tuna \u015eahin ve TOBB Y\u00f6netim Kurulu \u00dcyesi Cihat Lokmano\u011flu da kat\u0131ld\u0131. A\u00e7\u0131l\u0131\u015f konu\u015fmalar\u0131ndan sonraki b\u00f6l\u00fcmde G\u00f6beklitepe Kaz\u0131 Ba\u015fkan\u0131 Lee Clare ve Sanat Tarih\u00e7isi ve Gastronomi Ara\u015ft\u0131rmac\u0131s\u0131 Nedim Atilla\u2019n\u0131n sunumlar\u0131 ile toplant\u0131 sona erdi.\u00a0<br \/>\nToplant\u0131n\u0131n ard\u0131ndan TuR&#038;Bo ofisinde gastronomi \u015fovlar\u0131 ile G\u00f6beklitepe, \u00c7atalh\u00f6y\u00fck, Aslantepe, Sel\u00e7uklu, Osmanl\u0131 ve modern T\u00fcrk mutfa\u011f\u0131 kat\u0131l\u0131mc\u0131lara tan\u0131t\u0131ld\u0131.\u00a0<\/p>\n","protected":false},"excerpt":{"rendered":"<p>Benzinin litre fiyat\u0131na gelen 21 kuru\u015fluk indirimin sevindirici ancak yeterli olmad\u0131\u011f\u0131n\u0131 belirten TESK Genel Ba\u015fkan\u0131 Bendevi Paland\u00f6ken, \u201cBenzine 3 Kas\u0131m tarihinde yap\u0131lan 17 kuru\u015fluk indirimin ard\u0131ndan bug\u00fcn 21 kuru\u015f daha &hellip; <a href=\"https:\/\/akdenizolaygazetesi.com\/?p=2905\" class=\"more-link\">Devam\u0131n\u0131 Oku&#8230;<\/a><\/p>\n","protected":false},"author":1,"featured_media":0,"comment_status":"open","ping_status":"open","sticky":false,"template":"","format":"standard","meta":[],"categories":[],"tags":[],"_links":{"self":[{"href":"https:\/\/akdenizolaygazetesi.com\/index.php?rest_route=\/wp\/v2\/posts\/2905"}],"collection":[{"href":"https:\/\/akdenizolaygazetesi.com\/index.php?rest_route=\/wp\/v2\/posts"}],"about":[{"href":"https:\/\/akdenizolaygazetesi.com\/index.php?rest_route=\/wp\/v2\/types\/post"}],"author":[{"embeddable":true,"href":"https:\/\/akdenizolaygazetesi.com\/index.php?rest_route=\/wp\/v2\/users\/1"}],"replies":[{"embeddable":true,"href":"https:\/\/akdenizolaygazetesi.com\/index.php?rest_route=%2Fwp%2Fv2%2Fcomments&post=2905"}],"version-history":[{"count":0,"href":"https:\/\/akdenizolaygazetesi.com\/index.php?rest_route=\/wp\/v2\/posts\/2905\/revisions"}],"wp:attachment":[{"href":"https:\/\/akdenizolaygazetesi.com\/index.php?rest_route=%2Fwp%2Fv2%2Fmedia&parent=2905"}],"wp:term":[{"taxonomy":"category","embeddable":true,"href":"https:\/\/akdenizolaygazetesi.com\/index.php?rest_route=%2Fwp%2Fv2%2Fcategories&post=2905"},{"taxonomy":"post_tag","embeddable":true,"href":"https:\/\/akdenizolaygazetesi.com\/index.php?rest_route=%2Fwp%2Fv2%2Ftags&post=2905"}],"curies":[{"name":"wp","href":"https:\/\/api.w.org\/{rel}","templated":true}]}}