{"id":29186,"date":"2023-12-26T13:03:16","date_gmt":"2023-12-26T10:03:16","guid":{"rendered":"http:\/\/akdenizolaygazetesi.com\/?p=29186"},"modified":"2023-12-26T13:03:16","modified_gmt":"2023-12-26T10:03:16","slug":"iz-birakanlar-muzesi-bu-kez-ozel-misafirleri-agirladi","status":"publish","type":"post","link":"https:\/\/akdenizolaygazetesi.com\/?p=29186","title":{"rendered":"\u0130Z BIRAKANLAR M\u00dcZES\u0130 BU KEZ \u2018\u00d6ZEL\u2019 M\u0130SAF\u0130RLER\u0130 A\u011eIRLADI"},"content":{"rendered":"<p>Akdeniz Belediyesi taraf\u0131ndan, kente iz b\u0131rakm\u0131\u015f isimlerin ya\u015fat\u0131lmas\u0131 ve gelecek nesillere aktar\u0131lmas\u0131 i\u00e7in a\u00e7\u0131lan \u0130z B\u0131rakanlar M\u00fczesi, bu kez de Zihinsel Yetersiz \u00c7ocuklar\u0131 Yeti\u015ftirme ve Koruma Vakf\u0131 (Z\u0130\u00c7EV)\u2019de \u00f6\u011frenim g\u00f6ren \u00f6zel bireyleri a\u011f\u0131rlad\u0131.<br \/>\nAkdeniz Belediyesi\u2019nin, Mersin Valili\u011fi\u2019nin katk\u0131lar\u0131yla, yok olmak \u00fczere olan tarihi bir Mersin Evi\u2019ni restore edip \u2018\u0130z B\u0131rakanlar M\u00fczesi\u2019 ad\u0131yla gelece\u011fe kazand\u0131rd\u0131\u011f\u0131 2 katl\u0131 tarihi bina ziyaret\u00e7ilerini a\u011f\u0131rlamaya devam ediyor. kentte ya\u015fam\u0131\u015f, \u015fehre imzas\u0131n\u0131 atm\u0131\u015f, sporcusundan, sanat\u00e7\u0131s\u0131na, tarih\u00e7isinden, siyaset\u00e7isine kadar bir\u00e7ok de\u011ferli ismin biyografisi ve resimlerinin yer ald\u0131\u011f\u0131 m\u00fczenin son ziyaret\u00e7ileri, Zihinsel Yetersiz \u00c7ocuklar\u0131 Yeti\u015ftirme ve Koruma Vakf\u0131\u2019nda (Z\u0130\u00c7EV) \u00f6\u011frenim g\u00f6ren \u00f6zel gereksinimli bireyler oldu.<br \/>\n\u201c\u00c7ok bilin\u00e7lendik\u201d<br \/>\nM\u00fczeyi gezdiklerini ve \u00e7ok be\u011fendiklerini dile getiren \u00f6zel bireyler, Akdeniz Belediye Ba\u015fkan\u0131 Mustafa G\u00fcltak\u2019a te\u015fekk\u00fcr etti. Duygular\u0131n\u0131 dile getiren \u00f6zel gen\u00e7lerden biri olan Hakan Urul, bir\u00e7ok ayd\u0131n\u0131n resimlerini g\u00f6rd\u00fc\u011f\u00fcn\u00fc ve m\u00fczeyi be\u011fendi\u011fini s\u00f6yledi. En \u00e7ok da Mustafa Kemal Atat\u00fcrk, Turgut \u00d6zal ve Adnan Mendres\u2019in resimlerine dikkat \u00e7eken Urul; \u201c\u0130yi ki buraya geldik. \u00c7ok bilin\u00e7lendik. Ben de onlar\u0131n izinde y\u00fcr\u00fcyorum, yerleri hi\u00e7bir zaman doldurulmaz. Akdeniz Belediye Ba\u015fkan\u0131na \u00e7ok te\u015fekk\u00fcr ediyoruz. Bizleri sevindirdiler, Allah da onlar\u0131 sevindirsin\u201d ifadelerini kulland\u0131.<br \/>\n\u201cMersin\u2019in tan\u0131nmas\u0131 a\u00e7\u0131s\u0131ndan \u00e7ok \u00f6nemli\u201d<br \/>\nZ\u0130\u00c7EV\u2019de usta \u00f6\u011fretici olan Serkan Karada\u015f ise, Mersin\u2019in tan\u0131nmas\u0131 a\u00e7\u0131s\u0131ndan b\u00f6yle bir m\u00fczenin olmas\u0131n\u0131n \u00f6neminden bahsederek, her Mersinlinin bu m\u00fczeyi g\u00f6rmesi gerekti\u011finin alt\u0131n\u0131 \u00e7izdi. Mersin\u2019in \u00e7ok g\u00fczel bir \u015fehir oldu\u011funu dile getiren Karada\u015f; \u201cMersin\u2019e b\u00f6yle bir m\u00fcze kazand\u0131ran Akdeniz Belediye Ba\u015fkan\u0131 Mustafa G\u00fcltak\u2019a te\u015fekk\u00fcr ederiz\u201d diye konu\u015ftu.<br \/>\n\u201c\u0130lk defa geldim, \u00e7ok be\u011fendim\u201d<br \/>\nZ\u0130\u00c7EV\u2019de m\u00fczik \u00f6\u011fretmeni olan Halil Soner K\u00fc\u00e7\u00fck de \u0130z B\u0131rakanlar M\u00fczesi\u2019ne ilk defa geldi\u011fini ve \u00e7ok be\u011fendi\u011fini s\u00f6yleyerek; \u201cBuras\u0131 \u00e7ok g\u00fczel bir birikim olmu\u015f. Arslank\u00f6yl\u00fcy\u00fcm ve m\u00fczede k\u00f6y\u00fcmle ilgili b\u00f6l\u00fcmler de g\u00f6rd\u00fcm. \u00c7ok mutlu oldum, gurur duydum. Eme\u011fi ge\u00e7enlere te\u015fekk\u00fcr ediyorum\u201d dedi. <\/p>\n","protected":false},"excerpt":{"rendered":"<p>Akdeniz Belediyesi taraf\u0131ndan, kente iz b\u0131rakm\u0131\u015f isimlerin ya\u015fat\u0131lmas\u0131 ve gelecek nesillere aktar\u0131lmas\u0131 i\u00e7in a\u00e7\u0131lan \u0130z B\u0131rakanlar M\u00fczesi, bu kez de Zihinsel Yetersiz \u00c7ocuklar\u0131 Yeti\u015ftirme ve Koruma Vakf\u0131 (Z\u0130\u00c7EV)\u2019de \u00f6\u011frenim g\u00f6ren &hellip; <a href=\"https:\/\/akdenizolaygazetesi.com\/?p=29186\" class=\"more-link\">Devam\u0131n\u0131 Oku&#8230;<\/a><\/p>\n","protected":false},"author":2,"featured_media":29187,"comment_status":"open","ping_status":"open","sticky":false,"template":"","format":"standard","meta":[],"categories":[3,5],"tags":[],"_links":{"self":[{"href":"https:\/\/akdenizolaygazetesi.com\/index.php?rest_route=\/wp\/v2\/posts\/29186"}],"collection":[{"href":"https:\/\/akdenizolaygazetesi.com\/index.php?rest_route=\/wp\/v2\/posts"}],"about":[{"href":"https:\/\/akdenizolaygazetesi.com\/index.php?rest_route=\/wp\/v2\/types\/post"}],"author":[{"embeddable":true,"href":"https:\/\/akdenizolaygazetesi.com\/index.php?rest_route=\/wp\/v2\/users\/2"}],"replies":[{"embeddable":true,"href":"https:\/\/akdenizolaygazetesi.com\/index.php?rest_route=%2Fwp%2Fv2%2Fcomments&post=29186"}],"version-history":[{"count":1,"href":"https:\/\/akdenizolaygazetesi.com\/index.php?rest_route=\/wp\/v2\/posts\/29186\/revisions"}],"predecessor-version":[{"id":29188,"href":"https:\/\/akdenizolaygazetesi.com\/index.php?rest_route=\/wp\/v2\/posts\/29186\/revisions\/29188"}],"wp:featuredmedia":[{"embeddable":true,"href":"https:\/\/akdenizolaygazetesi.com\/index.php?rest_route=\/wp\/v2\/media\/29187"}],"wp:attachment":[{"href":"https:\/\/akdenizolaygazetesi.com\/index.php?rest_route=%2Fwp%2Fv2%2Fmedia&parent=29186"}],"wp:term":[{"taxonomy":"category","embeddable":true,"href":"https:\/\/akdenizolaygazetesi.com\/index.php?rest_route=%2Fwp%2Fv2%2Fcategories&post=29186"},{"taxonomy":"post_tag","embeddable":true,"href":"https:\/\/akdenizolaygazetesi.com\/index.php?rest_route=%2Fwp%2Fv2%2Ftags&post=29186"}],"curies":[{"name":"wp","href":"https:\/\/api.w.org\/{rel}","templated":true}]}}