{"id":29248,"date":"2023-12-29T16:55:16","date_gmt":"2023-12-29T13:55:16","guid":{"rendered":"http:\/\/akdenizolaygazetesi.com\/?p=29248"},"modified":"2023-12-29T16:55:16","modified_gmt":"2023-12-29T13:55:16","slug":"mersinin-ilk-bilim-merkezi-akdenizde-aciliyor","status":"publish","type":"post","link":"https:\/\/akdenizolaygazetesi.com\/?p=29248","title":{"rendered":"MERS\u0130N\u2019\u0130N \u201c\u0130LK B\u0130L\u0130M MERKEZ\u0130\u201d AKDEN\u0130Z\u2019DE A\u00c7ILIYOR"},"content":{"rendered":"<p>Akdeniz Belediyesi\u2019nin, G\u00fcndo\u011fdu Mahallesi\u2019nde haz\u0131rlad\u0131\u011f\u0131 ve Mersin\u2019in ilk bilim merkezi olacak \u201cYaparak ve Ya\u015fayarak \u00d6\u011frenme Merkezi\u201d hizmete a\u00e7\u0131lmak i\u00e7in art\u0131k g\u00fcn say\u0131yor. Akdeniz Belediye Ba\u015fkan\u0131 M. Mustafa G\u00fcltak ile Akdeniz \u0130l\u00e7e Milli E\u011fitim M\u00fcd\u00fcr\u00fc \u00c2dem \u015eim\u015fek aras\u0131nda, merkezin i\u015fletilmesine dair protokol imzaland\u0131. Bilim merkezi olarak hizmet verecek olan e\u011fitim yuvas\u0131n\u0131n amac\u0131, Akdeniz\u2019in yan\u0131 s\u0131ra di\u011fer merkez il\u00e7elerde \u00f6\u011frenim g\u00f6ren \u00f6\u011frencilerin yaparak, ya\u015fayarak, g\u00f6rerek ve deneyerek \u00f6\u011frenmelerini sa\u011flamak, g\u00fcnl\u00fck hayat becerileri kazand\u0131rmak, kal\u0131c\u0131 \u00f6\u011frenmeyi ger\u00e7ekle\u015ftirmek, nihayetinde de e\u011fitim hayatlar\u0131ndaki ba\u015far\u0131 \u00e7\u0131tas\u0131n\u0131 \u00e7ok daha y\u00fckseklere \u00e7\u0131karmak.<br \/>\nMersin\u2019in ilk bilim merkezi ve imzalanan protokol hakk\u0131nda bir de\u011ferlendirme yapan Akdeniz Belediye Ba\u015fkan\u0131 M. Mustafa G\u00fcltak, e\u011fitim alan\u0131na ve e\u011fitimde f\u0131rsat e\u015fitli\u011fine b\u00fcy\u00fck \u00f6nem verdiklerinin alt\u0131n\u0131 \u00e7izerek; &#8220;E\u011fitim alan\u0131ndaki projelerimize her ge\u00e7en g\u00fcn yenisini ekliyoruz. Ana s\u0131n\u0131f\u0131ndan \u00fcniversiteye dek \u00e7ocuklar\u0131m\u0131z\u0131n e\u011fitimine destek oluyor, onlara \u00e7ok daha g\u00fczel bir gelecek sunmak i\u00e7in m\u00fccadele veriyoruz. Bir yandan K\u00fclt\u00fcr ve Sanat Evlerimizin kre\u015f s\u0131n\u0131flar\u0131nda ana s\u0131n\u0131f\u0131 \u00e7a\u011f\u0131ndaki \u00e7ocuklar\u0131m\u0131z\u0131 yeti\u015ftirirken, liselere ge\u00e7i\u015f s\u0131nav\u0131na haz\u0131rlanan \u00e7ocuklar\u0131m\u0131z i\u00e7in de internet \u00fczerinden y\u00fczlerce kaynak kitap ve t\u00fcm konular\u0131n oldu\u011fu binlerce soru-cevap deste\u011fi veriyoruz\u201d dedi.<br \/>\n\u201cAna s\u0131n\u0131f\u0131ndan \u00fcniversiteye kadar \u00f6\u011frencilerimizin yan\u0131nday\u0131z\u201d<br \/>\nT\u00fcrkiye\u2019nin en haval\u0131 Et\u00fct Merkezi sayesinde, gen\u00e7lere diledikleri \u00fcniversiteleri kazanmalar\u0131 i\u00e7in f\u0131rsat sunduklar\u0131n\u0131 s\u00f6yleyen Ba\u015fkan G\u00fcltak, Proje E\u011fitim ve Uygulama Merkezinde verilen farkl\u0131 kurs ve e\u011fitimler sayesinde de gen\u00e7leri meslek sahibi yaparak istihdama kazand\u0131rd\u0131klar\u0131n\u0131 ifade etti. Ba\u015fkan G\u00fcltak, s\u00f6zlerini \u015f\u00f6yle s\u00fcrd\u00fcrd\u00fc; \u201cMersin \u00dcniversitesi i\u015fbirli\u011finde y\u00fcr\u00fctt\u00fc\u011f\u00fcm\u00fcz \u2018Akdeniz\u2019in Parlayan Y\u0131ld\u0131zlar\u0131 Projesi\u2019 sayesinde, zeki ve \u00fcst\u00fcn yetenekli \u00e7ocuklar\u0131m\u0131z\u0131 ke\u015ffederek onlar\u0131 yine \u00fcniversitemize ba\u011fl\u0131 Bilim ve Sanat Merkezi\u2019ne (B\u0130LSEM) y\u00f6nlendirdik. Ailesinin maddi durumu iyi olmayan ba\u015far\u0131l\u0131 onlarca \u00e7ocu\u011fumuza bilgisayar, kaynak kitap, k\u0131rtasiye ve masa\/sandalye hediye ettik. K\u00fclt\u00fcr ve Sanat Evlerimizde okuma-yazma kurslar\u0131 vererek aralar\u0131nda 40, 50, hatta 70 ya\u015f\u0131n\u0131 a\u015fm\u0131\u015f kad\u0131nlar\u0131n okuma ve yazma \u00f6\u011frenmesini sa\u011fl\u0131yor, b\u00f6ylece hayatlar\u0131n\u0131n kolayla\u015fmas\u0131na, gelece\u011fe \u00e7ok daha \u00f6zg\u00fcven i\u00e7inde bakmalar\u0131na vesile oluyoruz. Akdeniz\u2019de, onlarca okulumuzun fiziki ko\u015fullar\u0131n\u0131 iyile\u015ftirip, \u00e7ocuklar\u0131m\u0131z\u0131n \u00e7ok daha g\u00fcvenli ve nezih bir ortamda e\u011fitim almalar\u0131n\u0131 sa\u011fl\u0131yoruz. Her ya\u015ftan insan\u0131m\u0131z\u0131n e\u011fitimini \u00f6ncelemeye, okumak isteyen insanlar\u0131m\u0131za f\u0131rsat e\u015fitli\u011fi sunmaya ve destek vermeye devam edece\u011fiz.\u201d<br \/>\n\u201c\u00d6\u011frenciler; g\u00f6rerek, yaparak ve ya\u015fayarak \u00f6\u011frenecek\u201d<br \/>\nBa\u015fkan G\u00fcltak, G\u00fcndo\u011fdu Mahallesi\u2019nde bulunan ve m\u00fclkiyeti belediyeye ait bir binay\u0131 \u2018Yaparak ve Ya\u015fayarak \u00d6\u011frenme Merkezi\u2019ne d\u00f6n\u00fc\u015ft\u00fcrd\u00fcklerini de hat\u0131rlatarak; \u201cK\u00fclt\u00fcr ve Sosyal \u0130\u015fler M\u00fcd\u00fcrl\u00fc\u011f\u00fcm\u00fcze ba\u011fl\u0131 olacak Mersin\u2019in ilk bilim merkezini \u00e7ok yak\u0131nda \u00f6\u011frencilerimizin hizmetine a\u00e7aca\u011f\u0131z. Zira d\u00fcn itibariyle bir tarafta Akdeniz Belediye Ba\u015fkan\u0131 olarak bendeniz, di\u011fer tarafta da Akdeniz \u0130l\u00e7e Milli E\u011fitim M\u00fcd\u00fcr\u00fcm\u00fcz Say\u0131n \u00c2dem \u015eim\u015fek olmak \u00fczere bu konuda kapsaml\u0131 bir protokole imza att\u0131k. Amac\u0131m\u0131z; Akdeniz\u2019in yan\u0131 s\u0131ra di\u011fer merkez il\u00e7elerimizde \u00f6\u011frenim g\u00f6ren \u00f6\u011frencilerimize g\u00fcnl\u00fck hayat becerileri kazand\u0131rmak, yaparak ve ya\u015fayarak \u00f6\u011frenmelerini sa\u011flamak, b\u00f6ylelikle kal\u0131c\u0131 \u00f6\u011frenmeyi ger\u00e7ekle\u015ftirecek etkinlikler d\u00fczenleyip onlar\u0131 gelece\u011fe haz\u0131rlamak, e\u011fitim hayatlar\u0131ndaki ba\u015far\u0131 \u00e7\u0131tas\u0131n\u0131 daha y\u00fckseklere \u00e7\u0131karmakt\u0131r\u201d \u015feklinde konu\u015ftu.<br \/>\nProtokol\u00fcn i\u00e7eri\u011fi hakk\u0131nda\u2026<br \/>\nBilim merkezinin tahsisinin 1 y\u0131l s\u00fcreyle ve \u00fccretsiz ger\u00e7ekle\u015fti\u011fini vurgulayan Ba\u015fkan G\u00fcltak, e\u011fitim materyallerinin kurulumunun yan\u0131 s\u0131ra elektrik, su, internet, temizlik ve telefon giderlerinin belediye taraf\u0131ndan kar\u015f\u0131lanaca\u011f\u0131n\u0131 belirterek; \u201cAkdeniz \u0130l\u00e7e Milli E\u011fitim M\u00fcd\u00fcrl\u00fc\u011f\u00fcm\u00fcz de bilim merkezinin kullan\u0131lmas\u0131nda okullar veya di\u011fer e\u011fitim kurumlar\u0131 ile ilgili her t\u00fcrl\u00fc i\u015f ve i\u015flemlerin mevzuata uygun y\u00fcr\u00fct\u00fclmesini sa\u011flayacak. Ayr\u0131ca e\u011fitime y\u00f6nelik etkinliklerin, \u00e7al\u0131\u015fma program\u0131 ve zaman \u00e7izelgesinin haz\u0131rlanmas\u0131n\u0131 sa\u011flayacak. Yan\u0131 s\u0131ra hizmet binas\u0131, derslikler veya a\u00e7\u0131k alanlar\u0131n kullan\u0131m\u0131 i\u00e7in herhangi bir \u00fccret ya da kira \u00f6demeyecektir\u201d dedi.<br \/>\n\u201cGer\u00e7ekle\u015ftirecek daha bir\u00e7ok hizmet, hayata katacak pek \u00e7ok projemiz var\u201d<br \/>\nS\u00f6zlerini; \u201c\u00dclkemizin muas\u0131r ve m\u00fcreffeh medeniyetler seviyesine y\u00fckselmesi m\u00fccadelesinde e\u011fitimin ne kadar \u00f6nemli oldu\u011funu biliyor, bunun i\u00e7in elimizi ta\u015f\u0131n alt\u0131na koymaktan \u00e7ekinmiyoruz\u201d \u015feklinde s\u00fcrd\u00fcren Ba\u015fkan G\u00fcltak; \u201cTer\u00f6r \u00f6rg\u00fctleri ve uyu\u015fturucu \u00e7etelerinin tuza\u011f\u0131na \u00e7ekilmek istenen \u00e7ocuklar\u0131m\u0131z i\u00e7in yeni d\u00f6nemde daha ger\u00e7ekle\u015ftirecek bir\u00e7ok hizmetimiz, hayata katacak pek \u00e7ok projemiz var. Ana s\u0131n\u0131f\u0131ndan \u00fcniversiteye dek dileyen her \u00e7ocu\u011fumuz ve gencimizin \u00fccretsiz faydalanabilece\u011fi; kentimizin ilk bilim merkezi olarak hizmet verecek olan, g\u00f6rerek, duyarak, deneyerek ve ya\u015fayarak \u00f6\u011frenmeyi peki\u015ftirecek e\u011fitim ve bilim yuvam\u0131z; \u00e7ocuklar\u0131m\u0131za, gen\u00e7lerimize, ailelerimize, Akdeniz ve Mersin\u2019e hay\u0131rl\u0131 u\u011furlu olsun\u201d ifadelerini kulland\u0131.<\/p>\n","protected":false},"excerpt":{"rendered":"<p>Akdeniz Belediyesi\u2019nin, G\u00fcndo\u011fdu Mahallesi\u2019nde haz\u0131rlad\u0131\u011f\u0131 ve Mersin\u2019in ilk bilim merkezi olacak \u201cYaparak ve Ya\u015fayarak \u00d6\u011frenme Merkezi\u201d hizmete a\u00e7\u0131lmak i\u00e7in art\u0131k g\u00fcn say\u0131yor. Akdeniz Belediye Ba\u015fkan\u0131 M. Mustafa G\u00fcltak ile Akdeniz &hellip; <a href=\"https:\/\/akdenizolaygazetesi.com\/?p=29248\" class=\"more-link\">Devam\u0131n\u0131 Oku&#8230;<\/a><\/p>\n","protected":false},"author":2,"featured_media":29249,"comment_status":"open","ping_status":"open","sticky":false,"template":"","format":"standard","meta":[],"categories":[7,2,3,5,11],"tags":[],"_links":{"self":[{"href":"https:\/\/akdenizolaygazetesi.com\/index.php?rest_route=\/wp\/v2\/posts\/29248"}],"collection":[{"href":"https:\/\/akdenizolaygazetesi.com\/index.php?rest_route=\/wp\/v2\/posts"}],"about":[{"href":"https:\/\/akdenizolaygazetesi.com\/index.php?rest_route=\/wp\/v2\/types\/post"}],"author":[{"embeddable":true,"href":"https:\/\/akdenizolaygazetesi.com\/index.php?rest_route=\/wp\/v2\/users\/2"}],"replies":[{"embeddable":true,"href":"https:\/\/akdenizolaygazetesi.com\/index.php?rest_route=%2Fwp%2Fv2%2Fcomments&post=29248"}],"version-history":[{"count":1,"href":"https:\/\/akdenizolaygazetesi.com\/index.php?rest_route=\/wp\/v2\/posts\/29248\/revisions"}],"predecessor-version":[{"id":29250,"href":"https:\/\/akdenizolaygazetesi.com\/index.php?rest_route=\/wp\/v2\/posts\/29248\/revisions\/29250"}],"wp:featuredmedia":[{"embeddable":true,"href":"https:\/\/akdenizolaygazetesi.com\/index.php?rest_route=\/wp\/v2\/media\/29249"}],"wp:attachment":[{"href":"https:\/\/akdenizolaygazetesi.com\/index.php?rest_route=%2Fwp%2Fv2%2Fmedia&parent=29248"}],"wp:term":[{"taxonomy":"category","embeddable":true,"href":"https:\/\/akdenizolaygazetesi.com\/index.php?rest_route=%2Fwp%2Fv2%2Fcategories&post=29248"},{"taxonomy":"post_tag","embeddable":true,"href":"https:\/\/akdenizolaygazetesi.com\/index.php?rest_route=%2Fwp%2Fv2%2Ftags&post=29248"}],"curies":[{"name":"wp","href":"https:\/\/api.w.org\/{rel}","templated":true}]}}