{"id":2925,"date":"2020-11-04T18:23:25","date_gmt":"2020-11-04T15:23:25","guid":{"rendered":"http:\/\/mersinekonomipolitikagazetesi.com\/?p=2925"},"modified":"2020-11-04T18:23:25","modified_gmt":"2020-11-04T15:23:25","slug":"cesmeli-tasucu-otoyolu-4-yilda-tamamlanacak","status":"publish","type":"post","link":"https:\/\/akdenizolaygazetesi.com\/?p=2925","title":{"rendered":"\u00c7E\u015eMEL\u0130-TA\u015eUCU OTOYOLU 4 YILDA TAMAMLANACAK..!"},"content":{"rendered":"<p>Mersinliler, \u00c7e\u015fmeli-Ta\u015fucu aras\u0131na yap\u0131lacak<br \/>\nolan otoyolun<br \/>\n4 y\u0131lda tamamlanacak olmas\u0131na b\u00fcy\u00fck tepki g\u00f6sterdi.<\/p>\n<p>\u00a0 \u00a0Mersinlilere se\u00e7im \u00f6ncesi verilen s\u00f6zlerin se\u00e7im sonras\u0131 unutuldu\u011funu, verilen s\u00f6zlerin tutulmas\u0131n\u0131 isteyen vatanda\u015flar: \u201cVatanda\u015f olarak bizler art\u0131k yap\u0131lmas\u0131 zorunlu hale gelen \u00c7e\u015fmeli-Ta\u015fucu otoyolunun yap\u0131m\u0131na bir an ba\u015flanmas\u0131n\u0131 ve bir an \u00f6nce de bitirilmesini istiyoruz. Mevcut yol \u00e7ok yo\u011fun oldu\u011fu i\u00e7in art\u0131k trafi\u011fi kald\u0131rm\u0131yor. Mahalle ve belde merkezlerinin i\u00e7inden ge\u00e7en ara\u00e7lar trafik kazalar\u0131na \u00f6l\u00fcm ve yaralanmalara neden oluyor. Acilen bu otoyol yap\u0131lmal\u0131\u201d diye konu\u015ftu.<br \/>\n\u00a0<br \/>\nBAKAN EN ERKEN 4 YIL SONRASINA G\u00dcN VERD\u0130!<\/p>\n<p>Ula\u015ft\u0131rma Bakan\u0131 Cahit Turan \u00c7e\u015fmeli-Erdemli-Silifke-Ta\u015fucu otoyolunun ak\u0131beti \u0130le ilgili soru \u00f6nergesine \u00fc\u00e7 ay sonra cevap vermi\u015f, Bakan Turan, Yap-\u0130\u015flet-Devret modeliyle yap\u0131lacak olan otoyol i\u00e7in 4 y\u0131l sonraya tarih vermi\u015fti.<br \/>\n\u00a0<br \/>\nVERG\u0130 KEP\u00c7E \u0130LE ALINIYOR\u00a0<br \/>\nYATIRIM KA\u015eIK \u0130LE VER\u0130L\u0130YOR!<\/p>\n<p>\u00c7e\u015fmeli-Ta\u015fucu Otoyolu\u2019nun \u00a0yap\u0131m s\u00fcresinin, s\u00f6zle\u015fmenin y\u00fcr\u00fcrl\u00fc\u011fe girdi\u011fi tarihten itibaren d\u00f6rt y\u0131l olarak a\u00e7\u0131klanmas\u0131na tepki g\u00f6steren vatanda\u015flar \u201cMersin\u2019in en \u00f6nemli trafik sorununun \u00e7\u00f6z\u00fcm konusu se\u00e7im malzemesi haline getiriyor olmas\u0131 kabul edilemez. \u0130hale s\u00fcresinin bile se\u00e7imlere g\u00f6re belirlenmesi \u00e7ok \u00fcz\u00fcc\u00fc. Yap\u0131lmas\u0131 zorunlu olan otoyol Mersin i\u00e7in bir l\u00fctuf olarak g\u00f6r\u00fcl\u00fcyor. Mersin ge\u00e7en y\u0131l \u00a0170 milyon lira gelir vergisi, 250 milyon lira da kurumlar vergisi \u00f6dedi. Di\u011fer \u00f6denen vergiler hari\u00e7. H\u00fck\u00fcmet Mersinlilerden vergiyi kep\u00e7eyle al\u0131rken yat\u0131r\u0131mlar\u0131 adeta ka\u015f\u0131kla veriyor. Ayr\u0131ca y\u0131llard\u0131r di\u011fer illere g\u00f6re Mersin\u2019e yap\u0131lan k\u00fc\u00e7\u00fck yat\u0131r\u0131mlar sadece se\u00e7imden se\u00e7ime hat\u0131rlan\u0131yor!\u201d \u015fekilde konu\u015ftu.\u00a0<\/p>\n","protected":false},"excerpt":{"rendered":"<p>Mersinliler, \u00c7e\u015fmeli-Ta\u015fucu aras\u0131na yap\u0131lacak olan otoyolun 4 y\u0131lda tamamlanacak olmas\u0131na b\u00fcy\u00fck tepki g\u00f6sterdi. \u00a0 \u00a0Mersinlilere se\u00e7im \u00f6ncesi verilen s\u00f6zlerin se\u00e7im sonras\u0131 unutuldu\u011funu, verilen s\u00f6zlerin tutulmas\u0131n\u0131 isteyen vatanda\u015flar: \u201cVatanda\u015f olarak bizler &hellip; <a href=\"https:\/\/akdenizolaygazetesi.com\/?p=2925\" class=\"more-link\">Devam\u0131n\u0131 Oku&#8230;<\/a><\/p>\n","protected":false},"author":1,"featured_media":0,"comment_status":"open","ping_status":"open","sticky":false,"template":"","format":"standard","meta":[],"categories":[],"tags":[],"_links":{"self":[{"href":"https:\/\/akdenizolaygazetesi.com\/index.php?rest_route=\/wp\/v2\/posts\/2925"}],"collection":[{"href":"https:\/\/akdenizolaygazetesi.com\/index.php?rest_route=\/wp\/v2\/posts"}],"about":[{"href":"https:\/\/akdenizolaygazetesi.com\/index.php?rest_route=\/wp\/v2\/types\/post"}],"author":[{"embeddable":true,"href":"https:\/\/akdenizolaygazetesi.com\/index.php?rest_route=\/wp\/v2\/users\/1"}],"replies":[{"embeddable":true,"href":"https:\/\/akdenizolaygazetesi.com\/index.php?rest_route=%2Fwp%2Fv2%2Fcomments&post=2925"}],"version-history":[{"count":0,"href":"https:\/\/akdenizolaygazetesi.com\/index.php?rest_route=\/wp\/v2\/posts\/2925\/revisions"}],"wp:attachment":[{"href":"https:\/\/akdenizolaygazetesi.com\/index.php?rest_route=%2Fwp%2Fv2%2Fmedia&parent=2925"}],"wp:term":[{"taxonomy":"category","embeddable":true,"href":"https:\/\/akdenizolaygazetesi.com\/index.php?rest_route=%2Fwp%2Fv2%2Fcategories&post=2925"},{"taxonomy":"post_tag","embeddable":true,"href":"https:\/\/akdenizolaygazetesi.com\/index.php?rest_route=%2Fwp%2Fv2%2Ftags&post=2925"}],"curies":[{"name":"wp","href":"https:\/\/api.w.org\/{rel}","templated":true}]}}