{"id":29264,"date":"2024-01-02T13:00:45","date_gmt":"2024-01-02T10:00:45","guid":{"rendered":"http:\/\/akdenizolaygazetesi.com\/?p=29264"},"modified":"2024-01-02T13:00:45","modified_gmt":"2024-01-02T10:00:45","slug":"tarihi-okul-yeniden-hayat-bulacak","status":"publish","type":"post","link":"https:\/\/akdenizolaygazetesi.com\/?p=29264","title":{"rendered":"\u201cTAR\u0130H\u0130 OKUL YEN\u0130DEN HAYAT BULACAK\u201d"},"content":{"rendered":"<p>Akdeniz Belediye Meclisi, Tarihi \u00c7ankaya \u0130lkokulu\u2019nun restorasyon i\u015flerinin k\u00fclt\u00fcr varl\u0131klar\u0131 katk\u0131 pay\u0131 b\u00fct\u00e7esi ile yap\u0131lmas\u0131, katk\u0131 pay\u0131ndan destek sa\u011flanmayan k\u0131sm\u0131n\u0131n ise belediye b\u00fct\u00e7esinden kar\u015f\u0131lanmas\u0131 i\u00e7in protokol imzalamak \u00fczere Ba\u015fkan Mustafa G\u00fcltak\u2019a yetkiyi oybirli\u011fiyle verdi. Mersinlilere, \u00f6ncelikle okulun bah\u00e7esinde y\u00fckselen ka\u00e7ak binan\u0131n y\u0131k\u0131laca\u011f\u0131 s\u00f6z\u00fcn\u00fc veren Ba\u015fkan G\u00fcltak; \u201c\u00c7ankaya \u0130lkokulumuz 17 y\u0131l boyunca o halde kald\u0131, gelen giden her y\u00f6netici sadece bakmakla yetindi. Fakat biz u\u011fra\u015fmasayd\u0131k nice 5 y\u0131llar daha ge\u00e7erdi. Ama bu da hem Meclis, hem belediye ba\u015fkan\u0131 olarak bizim fark\u0131m\u0131z olsun. Tarihe hep birlikte g\u00fczel bir imza att\u0131k\u201d dedi.<br \/>\n\u201cMeclis, \u00c7ankaya \u0130lkokulu\u2019nun yenilenmesi i\u00e7in yetkiyi verdi\u201d<br \/>\nMeclis toplant\u0131s\u0131nda, Vak\u0131flar\u00a0Genel\u00a0M\u00fcd\u00fcrl\u00fc\u011f\u00fc\u2019ne ait \u00a0ta\u015f\u0131nmaz k\u00fclt\u00fcr varl\u0131\u011f\u0131 olarak tescilli Tarihi \u00c7ankaya \u0130lkokulu\u2019nun restorasyon i\u015flerinin, Mersin Valili\u011fi b\u00fcnyesinde k\u00fclt\u00fcr varl\u0131klar\u0131 katk\u0131 pay\u0131 b\u00fct\u00e7esi ile yapt\u0131r\u0131lmas\u0131, restorasyon i\u015flerinin katk\u0131 pay\u0131ndan destek sa\u011flanmayan k\u0131sm\u0131n\u0131n ise belediye b\u00fct\u00e7esinden kar\u015f\u0131lanmas\u0131 konusunda protokol imzalamak \u00fczere Ba\u015fkan G\u00fcltak\u2019a yetki verilmesi hakk\u0131ndaki konu g\u00f6r\u00fc\u015f\u00fcld\u00fc. Komisyonlardan oybirli\u011fi ile gelen teklif, Meclis \u00fcyelerinin de oybirli\u011fi ile kabul edildi. Bunun \u00fczerine s\u00f6z alarak Meclis\u2019e te\u015fekk\u00fcr eden Ba\u015fkan G\u00fcltak, An\u0131tlar Kurulu\u2019ndan izin geldi\u011fini s\u00f6yledi, okulun yan\u0131na yap\u0131lan ka\u00e7ak bina i\u00e7in de y\u0131k\u0131m karar\u0131 ald\u0131klar\u0131n\u0131 belirtti.<br \/>\n\u201c\u00c7ankaya \u0130lkokulu, k\u0131rm\u0131z\u0131 \u00e7izgilerimden birisi\u201d<br \/>\nBa\u015fkan G\u00fcltak, ka\u00e7ak yap\u0131n\u0131n y\u0131k\u0131m\u0131 i\u00e7in en k\u0131sa s\u00fcrede ihaleye \u00e7\u0131k\u0131lmas\u0131 noktas\u0131nda belediye b\u00fcrokratlar\u0131na talimat vererek; \u201cBu okul, benim i\u00e7in k\u0131rm\u0131z\u0131 \u00e7izgilerimden bir tanesi. Ben de o okulda 5 y\u0131l boyunca okudum, e\u011fitim ald\u0131m. Okulumu kimseye kapt\u0131r\u0131r m\u0131y\u0131m? Zaten 17 y\u0131ld\u0131r bombo\u015f duruyor, kimse ilgilenmiyordu. Ancak biz g\u00f6reve gelince okul radara girdi. Yasalar\u0131n izin verdi\u011fi noktada h\u0131zla ihaleye de \u00e7\u0131kaca\u011f\u0131z ve Vali Bey ile birlikte \u00c7ankaya \u0130lkokulumuzun restorasyonunu tamamlayaca\u011f\u0131z\u201d diye konu\u015ftu.<br \/>\n\u201cMersin\u2019in tarihine g\u00fczel bir imza att\u0131k\u201d<br \/>\nOkulun bah\u00e7esinde y\u00fckselen ka\u00e7ak binan\u0131n \u00f6ncelikli olarak y\u0131k\u0131laca\u011f\u0131 s\u00f6z\u00fcn\u00fc yineleyen Ba\u015fkan G\u00fcltak; \u201cBuradan bir kez daha s\u00f6z veriyorum; Herkes rahat olsun. Ben burada oldu\u011fum s\u00fcrece o ka\u00e7ak bina orada kalamaz. Her hal\u00fckarda y\u0131kaca\u011f\u0131z. Zira \u00c7ankaya \u0130lkokulumuz y\u0131llarca o halde kald\u0131, gelen giden her y\u00f6netici sadece bakmakla yetindi.<br \/>\nAma bu da hem Meclis, hem belediye ba\u015fkan\u0131 olarak bizim fark\u0131m\u0131z olsun. Biz u\u011fra\u015fmasayd\u0131k nice 5 y\u0131llar daha ge\u00e7erdi. Yine herkes bakard\u0131, 17 y\u0131ld\u0131r bakm\u0131\u015flar ya! Ama \u00f6nemli de\u011fil. Tarihe hep birlikte g\u00fczel bir imza att\u0131k diye d\u00fc\u015f\u00fcn\u00fcyorum. Verdi\u011finiz destekten dolay\u0131 t\u00fcm Meclis \u00fcyelerimize te\u015fekk\u00fcr ediyorum\u201d ifadelerini kulland\u0131.<\/p>\n<p>Mesudiye\u2019nin 47 y\u0131ld\u0131r muhtarl\u0131\u011f\u0131n\u0131 yapan Osman K\u00fct\u00fck\u2019\u00fcn ad\u0131 parka verildi<br \/>\nMeclis toplant\u0131s\u0131nda, il\u00e7eye ba\u011fl\u0131 Mesudiye Mahallesi\u2019nin 5111 ile 5113 sokaklar\u0131 aras\u0131nda kalan ve ismi olmayan parka, mahallede aral\u0131ks\u0131z \u015fekilde yakla\u015f\u0131k 47 y\u0131ld\u0131r muhtarl\u0131k yapan Osman K\u00fct\u00fck\u2019\u00fcn ad\u0131n\u0131n verilmesi ile ilgili komisyonlardan oybirli\u011fi ile gelen teklif, Meclis \u00fcyelerinin de yine oybirli\u011fi ile kabul edildi.<br \/>\nDenetim komisyonu \u00fcyeleri se\u00e7ildi<br \/>\nAkdeniz Belediye Meclisi\u2019nin, M. Mustafa G\u00fcltak Ba\u015fkanl\u0131\u011f\u0131\u2019nda yap\u0131lan 2024 y\u0131l\u0131n\u0131n ilk toplant\u0131s\u0131nda, Meclis Denetim Komisyonu \u00fcyelerinin se\u00e7imi de yap\u0131l\u0131rken, oylama sonucunda Meclis \u00fcyeleri Ayd\u0131n Egin (AK Parti), Salih Akba\u015f (DEM) ve Mahmut D\u00f6nmez (CHP) denetim komisyonu \u00fcyeliklerine se\u00e7ildi. Denetim Komisyonu toplant\u0131lar\u0131nda g\u00f6revlendirilenlere \u00f6denecek g\u00fcnl\u00fck ile g\u00f6revlendirilecek ki\u015fi\/g\u00fcn say\u0131s\u0131n\u0131n tespitine ili\u015fkin teklifin oybirli\u011fi ile kabul\u00fcnden sonra di\u011fer g\u00fcndem maddelerine ge\u00e7ildi. Mecliste, Yal\u0131nayak Mahallesi\u2019nde, belediyeye ait bir ta\u015f\u0131nmaz\u0131n T\u00fcrkiye Diyanet Vakf\u0131\u2019na ait araziyle takas\u0131 hakk\u0131ndaki teklif komisyonlara havale edildi.<br \/>\nAyr\u0131ca Adana K\u00fclt\u00fcr Varl\u0131klar\u0131n\u0131 Koruma B\u00f6lge Kurulu M\u00fcd\u00fcrl\u00fc\u011f\u00fc\u2019n\u00fcn karar\u0131na istinaden, N\u00fczhetiye Mahallesinde bulunan 1\u2019inci grup tescilli ta\u015f\u0131nmaz k\u00fclt\u00fcr varl\u0131\u011f\u0131na ili\u015fkin restorasyon projesi ve raporun de\u011ferlendirilmesinde 3.2. nolu plan notunun iptal edilmesi haz\u0131rlanan 1\/1000 \u00d6l\u00e7ekli Revizyon Uygulama \u0130mar Plan\u0131, Plan Notu Plan De\u011fi\u015fikli\u011fiyle ilgili komisyonlardan gelen konu g\u00f6r\u00fc\u015f\u00fcld\u00fc. Konu, \u00fcyelerin oybirli\u011fi ile kabul.<br \/>\nBaz\u0131 ta\u015f\u0131nmazlar\u0131n devri kabul edildi<br \/>\nToplant\u0131da; belediyeye ait veya belediyenin hissedar\u0131 oldu\u011fu, ba\u015fka kurumlarca kullan\u0131lan ve belediye hizmetlerinde kullan\u0131lmayan\u00a0baz\u0131 ta\u015f\u0131nmazlar\u0131n, Personel Anonim \u015eirketi\u2019nin SGK prim borcuna kar\u015f\u0131l\u0131k, belirlenecek rayi\u00e7 bedel \u00fczerinden Sosyal G\u00fcvenlik Kurumu\u2019na devriyle ilgili komisyonlardan oy\u00e7oklu\u011fu ile gelen teklif de g\u00f6r\u00fc\u015f\u00fcld\u00fc. Farkl\u0131 siyasi partilerden meclis \u00fcyelerinin g\u00f6r\u00fc\u015f, \u00f6neri ve ele\u015ftirilerini dile getirmesinden sonra oylamaya sunuldu. Oylama sonucu teklif, Meclis \u00fcyelerinin oy\u00e7oklu\u011fu ile kabul edildi.<br \/>\nAkdeniz Belediye Meclisi\u2019nin bir sonraki toplant\u0131s\u0131; \u201c5 \u015eubat 2024 Pazartesi g\u00fcn\u00fc saat 10:00\u2019da\u201d d\u00fczenlenecek.<\/p>\n","protected":false},"excerpt":{"rendered":"<p>Akdeniz Belediye Meclisi, Tarihi \u00c7ankaya \u0130lkokulu\u2019nun restorasyon i\u015flerinin k\u00fclt\u00fcr varl\u0131klar\u0131 katk\u0131 pay\u0131 b\u00fct\u00e7esi ile yap\u0131lmas\u0131, katk\u0131 pay\u0131ndan destek sa\u011flanmayan k\u0131sm\u0131n\u0131n ise belediye b\u00fct\u00e7esinden kar\u015f\u0131lanmas\u0131 i\u00e7in protokol imzalamak \u00fczere Ba\u015fkan Mustafa &hellip; <a href=\"https:\/\/akdenizolaygazetesi.com\/?p=29264\" class=\"more-link\">Devam\u0131n\u0131 Oku&#8230;<\/a><\/p>\n","protected":false},"author":2,"featured_media":29265,"comment_status":"open","ping_status":"open","sticky":false,"template":"","format":"standard","meta":[],"categories":[34,1,2,3,5],"tags":[],"_links":{"self":[{"href":"https:\/\/akdenizolaygazetesi.com\/index.php?rest_route=\/wp\/v2\/posts\/29264"}],"collection":[{"href":"https:\/\/akdenizolaygazetesi.com\/index.php?rest_route=\/wp\/v2\/posts"}],"about":[{"href":"https:\/\/akdenizolaygazetesi.com\/index.php?rest_route=\/wp\/v2\/types\/post"}],"author":[{"embeddable":true,"href":"https:\/\/akdenizolaygazetesi.com\/index.php?rest_route=\/wp\/v2\/users\/2"}],"replies":[{"embeddable":true,"href":"https:\/\/akdenizolaygazetesi.com\/index.php?rest_route=%2Fwp%2Fv2%2Fcomments&post=29264"}],"version-history":[{"count":1,"href":"https:\/\/akdenizolaygazetesi.com\/index.php?rest_route=\/wp\/v2\/posts\/29264\/revisions"}],"predecessor-version":[{"id":29266,"href":"https:\/\/akdenizolaygazetesi.com\/index.php?rest_route=\/wp\/v2\/posts\/29264\/revisions\/29266"}],"wp:featuredmedia":[{"embeddable":true,"href":"https:\/\/akdenizolaygazetesi.com\/index.php?rest_route=\/wp\/v2\/media\/29265"}],"wp:attachment":[{"href":"https:\/\/akdenizolaygazetesi.com\/index.php?rest_route=%2Fwp%2Fv2%2Fmedia&parent=29264"}],"wp:term":[{"taxonomy":"category","embeddable":true,"href":"https:\/\/akdenizolaygazetesi.com\/index.php?rest_route=%2Fwp%2Fv2%2Fcategories&post=29264"},{"taxonomy":"post_tag","embeddable":true,"href":"https:\/\/akdenizolaygazetesi.com\/index.php?rest_route=%2Fwp%2Fv2%2Ftags&post=29264"}],"curies":[{"name":"wp","href":"https:\/\/api.w.org\/{rel}","templated":true}]}}