{"id":29282,"date":"2024-01-03T12:59:49","date_gmt":"2024-01-03T09:59:49","guid":{"rendered":"http:\/\/akdenizolaygazetesi.com\/?p=29282"},"modified":"2024-01-03T12:59:49","modified_gmt":"2024-01-03T09:59:49","slug":"baskan-gultak-sahaya-cikip-cocuklarla-idmana-katildi","status":"publish","type":"post","link":"https:\/\/akdenizolaygazetesi.com\/?p=29282","title":{"rendered":"BA\u015eKAN G\u00dcLTAK, SAHAYA \u00c7IKIP \u00c7OCUKLARLA \u0130DMANA KATILDI"},"content":{"rendered":"<p>Akdeniz Belediye Ba\u015fkan\u0131 M. Mustafa G\u00fcltak,  sporcu \u00e7ocuklar\u0131n sosyal medyadan yapt\u0131\u011f\u0131 \u00e7a\u011fr\u0131ya kay\u0131ts\u0131z kalmad\u0131. Ge\u00e7ti\u011fimiz g\u00fcnlerde kendisini davet eden Akdeniz G\u00fcc\u00fc Futbol Tak\u0131m\u0131 oyuncular\u0131yla sahaya \u00e7\u0131kan Ba\u015fkan G\u00fcltak, sporcular\u0131n antrenman\u0131na kat\u0131ld\u0131, eski bir futbolcu olarak h\u00fcnerlerini sergiledi.<br \/>\nG\u00f6reve geldi\u011fi ilk g\u00fcnden beri \u00f6zellikle kad\u0131n ve gen\u00e7lere \u00f6nem veren Akdeniz Belediye Ba\u015fkan\u0131 M. Mustafa G\u00fcltak, k\u00fclt\u00fcr sanat evleri, spor tesisleri, kurs merkezleri gibi bir\u00e7ok hizmeti hayata ge\u00e7irdi. Ayr\u0131ca il\u00e7eye kazand\u0131r\u0131lan veya tamamen yenilenen \u00e7ok say\u0131da spor tesisinde y\u00fczlerce \u00e7ocuk spor yaparken, eskiden ter\u00f6r \u00f6rg\u00fctlerinin hedefi haline gelen \u00e7ocuklar ve gen\u00e7ler, art\u0131k e\u011fitim ve sporda elde ettikleri ulusal ve uluslararas\u0131 ba\u015far\u0131 ve yetenekleriyle an\u0131l\u0131yor.<br \/>\nGen\u00e7lerden tesis te\u015fekk\u00fcr\u00fc\u2026<br \/>\nGe\u00e7ti\u011fimiz g\u00fcnlerde sosyal medya hesaplar\u0131 \u00fczerinden Ba\u015fkan G\u00fcltak\u2019\u0131 antrenmana davet eden Akdeniz G\u00fcc\u00fc Futbol Tak\u0131m\u0131 oyuncular\u0131, kar\u015f\u0131lar\u0131nda ba\u015fkan\u0131 g\u00f6r\u00fcnce sevin\u00e7 ve mutluluk ya\u015fad\u0131. \u00c7ocuklar\u0131n davetine kay\u0131ts\u0131z kalmayan Ba\u015fkan G\u00fcltak, tak\u0131m\u0131n antrenman\u0131na kat\u0131larak  gen\u00e7lerle keyifli vakit ge\u00e7irdi. Davetlerini k\u0131rmay\u0131p antrenmana kat\u0131ld\u0131\u011f\u0131 i\u00e7in Ba\u015fkan G\u00fcltak\u2019a te\u015fekk\u00fcr eden sporcu gen\u00e7ler, yap\u0131lan yeni spor tesisleri sayesinde diledikleri zaman ve daha iyi antrenman yapabildiklerini ifade etti.<br \/>\n\u201cAkdeniz\u2019e yeni spor tesisleri kazand\u0131rd\u0131k\u201d<br \/>\nBa\u015fkan G\u00fcltak da sosyal medyadan gelen davet \u00fczerine gen\u00e7leri k\u0131rmay\u0131p tak\u0131m\u0131n antrenman\u0131na kat\u0131ld\u0131\u011f\u0131n\u0131 belirterek; \u201cSporcu gen\u00e7lerimiz, G\u00fcne\u015f Mahallesi\u2019nde bulunan futbol saham\u0131zda antrenman yap\u0131yor. Gelece\u011fimiz olan gen\u00e7lerimizle birlikte ben de bir top \u00e7evirip, onlarla birlikte spor yapmak istedim. Bu tesisimiz \u00e7ok g\u00fczel. Tesisimizi, hem buradaki gen\u00e7lerimiz hem de di\u011fer amat\u00f6r spor kul\u00fcplerimiz kullan\u0131yor. Bunun gibi Akdeniz\u2019de bir\u00e7ok tesis yapt\u0131k, onlarcas\u0131n\u0131 da yeniledik. Bunlar\u0131 yaparken de amac\u0131m\u0131z \u00e7ocuklar\u0131m\u0131z\u0131n, gen\u00e7lerimizin sporla i\u00e7 i\u00e7e olmas\u0131n\u0131 sa\u011flamakt\u0131\u201d diye konu\u015ftu.<\/p>\n","protected":false},"excerpt":{"rendered":"<p>Akdeniz Belediye Ba\u015fkan\u0131 M. Mustafa G\u00fcltak, sporcu \u00e7ocuklar\u0131n sosyal medyadan yapt\u0131\u011f\u0131 \u00e7a\u011fr\u0131ya kay\u0131ts\u0131z kalmad\u0131. Ge\u00e7ti\u011fimiz g\u00fcnlerde kendisini davet eden Akdeniz G\u00fcc\u00fc Futbol Tak\u0131m\u0131 oyuncular\u0131yla sahaya \u00e7\u0131kan Ba\u015fkan G\u00fcltak, sporcular\u0131n antrenman\u0131na &hellip; <a href=\"https:\/\/akdenizolaygazetesi.com\/?p=29282\" class=\"more-link\">Devam\u0131n\u0131 Oku&#8230;<\/a><\/p>\n","protected":false},"author":2,"featured_media":29283,"comment_status":"open","ping_status":"open","sticky":false,"template":"","format":"standard","meta":[],"categories":[2,5,10],"tags":[],"_links":{"self":[{"href":"https:\/\/akdenizolaygazetesi.com\/index.php?rest_route=\/wp\/v2\/posts\/29282"}],"collection":[{"href":"https:\/\/akdenizolaygazetesi.com\/index.php?rest_route=\/wp\/v2\/posts"}],"about":[{"href":"https:\/\/akdenizolaygazetesi.com\/index.php?rest_route=\/wp\/v2\/types\/post"}],"author":[{"embeddable":true,"href":"https:\/\/akdenizolaygazetesi.com\/index.php?rest_route=\/wp\/v2\/users\/2"}],"replies":[{"embeddable":true,"href":"https:\/\/akdenizolaygazetesi.com\/index.php?rest_route=%2Fwp%2Fv2%2Fcomments&post=29282"}],"version-history":[{"count":1,"href":"https:\/\/akdenizolaygazetesi.com\/index.php?rest_route=\/wp\/v2\/posts\/29282\/revisions"}],"predecessor-version":[{"id":29284,"href":"https:\/\/akdenizolaygazetesi.com\/index.php?rest_route=\/wp\/v2\/posts\/29282\/revisions\/29284"}],"wp:featuredmedia":[{"embeddable":true,"href":"https:\/\/akdenizolaygazetesi.com\/index.php?rest_route=\/wp\/v2\/media\/29283"}],"wp:attachment":[{"href":"https:\/\/akdenizolaygazetesi.com\/index.php?rest_route=%2Fwp%2Fv2%2Fmedia&parent=29282"}],"wp:term":[{"taxonomy":"category","embeddable":true,"href":"https:\/\/akdenizolaygazetesi.com\/index.php?rest_route=%2Fwp%2Fv2%2Fcategories&post=29282"},{"taxonomy":"post_tag","embeddable":true,"href":"https:\/\/akdenizolaygazetesi.com\/index.php?rest_route=%2Fwp%2Fv2%2Ftags&post=29282"}],"curies":[{"name":"wp","href":"https:\/\/api.w.org\/{rel}","templated":true}]}}