{"id":29289,"date":"2024-01-03T16:37:15","date_gmt":"2024-01-03T13:37:15","guid":{"rendered":"http:\/\/akdenizolaygazetesi.com\/?p=29289"},"modified":"2024-01-03T16:37:15","modified_gmt":"2024-01-03T13:37:15","slug":"baskan-yilmaz-tesekkurler-mersin-tesekkurler-toroslar","status":"publish","type":"post","link":"https:\/\/akdenizolaygazetesi.com\/?p=29289","title":{"rendered":"BA\u015eKAN YILMAZ; &#8220;TE\u015eEKK\u00dcRLER MERS\u0130N, TE\u015eEKK\u00dcRLER TOROSLAR&#8221;"},"content":{"rendered":"<p>Mersin, her 3 Ocak&#8217;ta oldu\u011fu gibi yine meydanlara ve caddelere s\u0131\u011fmad\u0131.<\/p>\n<p>Mersin&#8217;in D\u00fc\u015fman \u0130\u015fgalinden Kurtulu\u015fu&#8217;nun 102&#8217;nci y\u0131l d\u00f6n\u00fcm\u00fcnde Toroslar Belediyesinin, Mersin Valili\u011fi ile birlikte d\u00fczenledi\u011fi &#8220;Geleneksel 3 Ocak Zafer Y\u00fcr\u00fcy\u00fc\u015f\u00fc&#8221; b\u00fcy\u00fck co\u015fkuya sahne oldu.<\/p>\n<p>Binlerce Mersinli, T\u00fcrkiye Y\u00fczy\u0131l\u0131&#8217;na emin ad\u0131mlarla y\u00fcr\u00fcd\u00fcklerini t\u00fcm d\u00fcnyaya bir kez daha g\u00f6sterdi. Genciyle, ya\u015fl\u0131s\u0131yla, \u00e7ocu\u011fuyla 7&#8217;den 70&#8217;e herkes, Toroslar Kuvayi Milliye An\u0131t\u0131 \u00f6n\u00fcnde bulu\u015farak, kalpaklar\u0131yla, bayraklar\u0131yla, mehteran ve mar\u015flar e\u015fli\u011finde Toroslar&#8217;dan Cumhuriyet Meydan\u0131&#8217;na kadar sel olup akt\u0131.<\/p>\n<p>T\u00fcm kurumlar\u0131n ve Mersin&#8217;in d\u00f6rt bir yan\u0131ndan gelen vatanda\u015flar\u0131n kat\u0131ld\u0131\u011f\u0131 kutlamalarda, &#8220;Devlet Millet El Ele&#8221; vererek atalar\u0131n\u0131n miras\u0131na sahip \u00e7\u0131kt\u0131. Kazan\u0131lan zaferin gururu ya\u015fand\u0131.<\/p>\n<p>M\u0130LL\u0130 M\u00dcCADELEN\u0130N S\u0130MGES\u0130 KALPAK HED\u0130YE ED\u0130LD\u0130<\/p>\n<p>Sabah\u0131n erken saatlerinde Toroslar Kuvayi Milliye An\u0131t\u0131 \u00f6n\u00fcnde toplanan vatanda\u015flara, Toroslar Belediyesi taraf\u0131ndan milli m\u00fccadelenin simgesi kalpak hediye edilirken, ayn\u0131 zamanda s\u0131cak \u00e7orba ikram\u0131nda da bulunuldu.<\/p>\n<p>Mersin Valisi Ali Hamza Pehlivan, Zafer Y\u00fcr\u00fcy\u00fc\u015f\u00fc&#8217;ne kat\u0131lan t\u00fcm hem\u015fehrilerine te\u015fekk\u00fcr ederek; &#8220;Att\u0131\u011f\u0131m\u0131z her ad\u0131mda, bu kutlu m\u00fccadeleleri veren ecdad\u0131m\u0131z\u0131 hat\u0131rlad\u0131k&#8221; dedi.<\/p>\n<p>Toroslar Belediye Ba\u015fkan\u0131 Ats\u0131z Af\u015f\u0131n Y\u0131lmaz ise, y\u00fcr\u00fcy\u00fc\u015fe olan ilginin son derece y\u00fcksek ve g\u00fczel oldu\u011funu belirterek; &#8220;3 Ocak&#8217;\u0131n ruhuna yara\u015f\u0131r bir y\u00fcr\u00fcy\u00fc\u015f ger\u00e7ekle\u015ftirdik. Her zaman yan\u0131m\u0131zda olan, y\u00fcr\u00fcy\u00fc\u015f\u00fcm\u00fcze destek veren t\u00fcm hem\u015fehrilerime te\u015fekk\u00fcr ediyorum&#8221; ifadelerini kulland\u0131.<\/p>\n<p>&#8220;MERS\u0130N&#8217;DE \u0130RADE, KUVAY\u0130 M\u0130LL\u0130YE \u0130Z\u0130NDE&#8221;<\/p>\n<p>&#8220;Mersin&#8217;de \u0130rade, Kuvayi Milliye \u0130zinde&#8221; temas\u0131yla yap\u0131lan y\u00fcr\u00fcy\u00fc\u015fe; Mersin Valisi Ali Hamza Pehlivan, Akdeniz B\u00f6lge ve Garnizon Komutan\u0131 Tu\u011famiral Murat F\u0131rat, Mersin \u0130l Jandarma Komutan\u0131 Tu\u011fgeneral Ercan Atasoy, Cumhur \u0130ttifak\u0131 Mersin Milletvekilleri, Toroslar Belediye Ba\u015fkan\u0131 Ats\u0131z Af\u015f\u0131n Y\u0131lmaz, MHP Mersin \u0130l Ba\u015fkan\u0131 Serdar Soydan, AK Parti Mersin \u0130l Ba\u015fkan\u0131 Adem Aldemir, Belediye Ba\u015fkanlar\u0131, Mersin \u0130l Emniyet M\u00fcd\u00fcr\u00fc Mehmet Aslan, Mersin \u0130l Milli E\u011fitim M\u00fcd\u00fcr\u00fc Fazilet Durmu\u015f, Mersin \u00dclk\u00fc Ocaklar\u0131 Ba\u015fkan\u0131 Emre Celal G\u00fcl, Cumhur \u0130ttifak\u0131 \u0130l ve \u0130l\u00e7e Te\u015fkilat Ba\u015fkanlar\u0131, Mahalle Muhtarlar\u0131, Sivil Toplum Kurulu\u015flar\u0131n\u0131n Temsilcileri, gaziler, sporcular ve 7&#8217;den 70&#8217;e binlerce vatanda\u015f kat\u0131ld\u0131.<\/p>\n<p>BA\u015eKAN YILMAZ&#8217;DAN, VAL\u0130 PEHL\u0130VAN&#8217;A T\u00dcRK BAYRA\u011eI VE KALPAK<\/p>\n<p>Toroslar Belediye Ba\u015fkan\u0131 Ats\u0131z Af\u015f\u0131n Y\u0131lmaz, y\u00fcr\u00fcy\u00fc\u015f esnas\u0131nda Mersin Valisi Ali Hamza Pehlivan&#8217;a T\u00fcrk Bayra\u011f\u0131 ve kalpak hediye ederek, 3 Ocak kutlamalar\u0131na sundu\u011fu katk\u0131lar\u0131ndan dolay\u0131 te\u015fekk\u00fcr etti. Ba\u015fkan Y\u0131lmaz; &#8220;102 y\u0131ld\u0131r devam eden bu geleneksel y\u00fcr\u00fcy\u00fc\u015f\u00fc hem Toroslar Belediye Ba\u015fkan\u0131 olarak, vatan\u0131n bir evlad\u0131 olarak hem de Kuvayi Milliye gazisi bir dedenin torunu olarak ger\u00e7ekle\u015ftirmenin ve Say\u0131n Valimize \u015fanl\u0131 bayra\u011f\u0131m\u0131z\u0131 teslim etmenin gururunu ya\u015f\u0131yoruz&#8221; dedi.<\/p>\n<p>Vali Pehlivan da Ba\u015fkan Y\u0131lmaz&#8217;a te\u015fekk\u00fcr ederek; &#8220;Ba\u011f\u0131ms\u0131zl\u0131\u011f\u0131m\u0131z\u0131n sembol\u00fc bu \u015fanl\u0131 bayra\u011f\u0131 onurla, \u015ferefle teslim al\u0131yorum. \u0130lelebet g\u00f6nderde dalgalanmas\u0131 i\u00e7in \u00fczerimize d\u00fc\u015fen g\u00f6revi hep birlikte yapaca\u011f\u0131m\u0131z\u0131n s\u00f6z\u00fcn\u00fc veriyorum&#8221; ifadelerini kulland\u0131.<\/p>\n<p>&#8220;TAR\u0130H\u0130 YEN\u0130DEN CANLANDIRDILAR&#8221;<\/p>\n<p>Temsili Elif&#8217;in Ka\u011fn\u0131s\u0131 ve s\u0131rt\u0131nda cepheye mermi ta\u015f\u0131yan Nene Hatunlar da tarihi yeniden canland\u0131rd\u0131.<\/p>\n<p>Mersin&#8217;deki kurtulu\u015f co\u015fkusunu g\u00f6r\u00fcnt\u00fclemek isteyenler ise cep telefonlar\u0131na sar\u0131l\u0131rken, evlerinin ve i\u015fyerlerinin balkonlar\u0131na \u00e7\u0131kan vatanda\u015flar da korteje T\u00fcrk Bayraklar\u0131yla ve alk\u0131\u015flar\u0131yla destek verdi.<\/p>\n<p>&#8220;DEV T\u00dcRK BAYRA\u011eI A\u00c7ILDI&#8221;<\/p>\n<p>Geleneksel y\u00fcr\u00fcy\u00fc\u015fte kalabal\u0131k, dev T\u00fcrk bayra\u011f\u0131n\u0131 omuzlar\u0131nda ta\u015f\u0131d\u0131. Toroslar Kuvayi Milliye An\u0131t\u0131 \u00f6n\u00fcnden ba\u015flayarak Kuvayi Milliye Caddesi, Eski Devlet Hastanesi Kav\u015fa\u011f\u0131, Cemal Pa\u015fa Caddesi, \u00c7akmak Caddesi, Tren Gar\u0131, \u0130stiklal Caddesi ve Sakarya Caddesi g\u00fczergah\u0131ndan Cumhuriyet Meydan\u0131&#8217;na kadar s\u00fcren y\u00fcr\u00fcy\u00fc\u015fte, birlik ve beraberli\u011fin en g\u00fczel foto\u011fraf karesi verildi.<\/p>\n<p>Kortej, daha sonra Tren Gar\u0131ndaki t\u00f6rene ge\u00e7ti. Gazilerin olu\u015fturdu\u011fu temsili milis kuvvetlerini ta\u015f\u0131yan tren, Vali Pehlivan, askeri erkan ve kent protokol\u00fc taraf\u0131ndan kar\u015f\u0131land\u0131. Korteje kat\u0131lanlar, Cumhuriyet Meydan\u0131&#8217;na kadar y\u00fcr\u00fcd\u00fc.<\/p>\n<p>&#8220;MERS\u0130NL\u0130LER&#8217;DEN TE\u015eEKK\u00dcR&#8221;<\/p>\n<p>Zafer Y\u00fcr\u00fcy\u00fc\u015f\u00fc&#8217;ne kat\u0131lan vatanda\u015flar, Mersin&#8217;in kurtulu\u015f g\u00fcn\u00fcn\u00fc tarihi bir kutlamayla co\u015fkuya d\u00f6n\u00fc\u015ft\u00fcren Toroslar Belediye Ba\u015fkan\u0131 Ats\u0131z Af\u015f\u0131n Y\u0131lmaz&#8217;a ve Mersin Valili\u011fi&#8217;ne te\u015fekk\u00fcr ederek; &#8220;T\u00fcrkiye&#8217;nin gelece\u011fi a\u00e7\u0131s\u0131ndan dostlar\u0131 sevindiren, \u00fclkemizin d\u00fc\u015fmanlar\u0131n\u0131 \u00fczen bir tablo ile kar\u015f\u0131 kar\u015f\u0131yay\u0131z. Burada birlik ve beraberlik var. Dostlar\u0131m\u0131z sevinsin, d\u00fc\u015fmanlar\u0131m\u0131z \u00fcz\u00fcls\u00fcn. Kurtulu\u015f G\u00fcn\u00fcm\u00fcz kutlu olsun&#8221; dedi.<\/p>\n<p>VAL\u0130 PEHL\u0130VAN; &#8220;MERS\u0130NL\u0130 HEM\u015eEHR\u0130LER\u0130M\u0130Z BAYRAMIN CO\u015eKUSUNA HEP B\u0130RL\u0130KTE ORTAK OLDU&#8221;<\/p>\n<p>Mersin Valisi Ali Hamza Pehlivan, 3 Ocak Zafer Y\u00fcr\u00fcy\u00fc\u015f\u00fc&#8217;ne ve kutlamalara kat\u0131lan t\u00fcm hem\u015fehrilerine te\u015fekk\u00fcr ederek; &#8220;Mersinimizin D\u00fc\u015fman \u0130\u015fgalinden Kurtulu\u015fu&#8217;nun 102. Y\u0131l\u0131n\u0131 en i\u00e7ten dileklerimle kutluyor, ba\u015fta Gazi Mustafa Kemal Atat\u00fcrk olmamk \u00fczere milli m\u00fccadele kahramanlar\u0131m\u0131z\u0131, aziz \u015fehitlerimiz, gazilerimizi sayg\u0131, minnet ve rahmetle yad ediyorum, bug\u00fcn Kuvayi Milliye Caddesi&#8217;nde, tren gar\u0131nda bu meydan\u0131 dolduran, bu co\u015fkuya ortak olan Mersinli hem\u015fehrilerimize en derin sevgi ve sayg\u0131lar\u0131m\u0131 sunuyorum&#8221; diye konu\u015ftu.<\/p>\n<p>BA\u015eKAN YILMAZ; &#8220;HER ZAMAN YANIMIZDA OLAN T\u00dcM HEM\u015eEHR\u0130LER\u0130ME TE\u015eEKK\u00dcR ED\u0130YORUM&#8221;<\/p>\n<p>Toroslar Belediye Ba\u015fkan\u0131 Ats\u0131z Af\u015f\u0131n Y\u0131lmaz, geleneksel hale gelen bu kutlaman\u0131n Mersin&#8217;e sahip \u00e7\u0131kma noktas\u0131nda ve tarih \u015fuuru a\u00e7\u0131s\u0131ndan \u00f6nemli bir organizasyon oldu\u011funu belirterek; &#8220;Bug\u00fcn, 3 Ocak Mersin&#8217;in kurtulu\u015funun y\u0131l d\u00f6n\u00fcm\u00fc. Birinci D\u00fcnya Sava\u015f\u0131&#8217;ndan sonra \u0130ngilizler, Frans\u0131zlar, \u0130talyanlar ve Yunanl\u0131lar arkalar\u0131nda Amerika ile \u00fclkemizi i\u015fgal ettiler, insan\u0131m\u0131za zul\u00fcm ettiler. T\u00fcm vatanseverler bir araya geldiler. Kuvayi Milliye Dernekleri&#8217;ni kurdular. O g\u00fcnden bu yana her y\u0131l Kuvayi Milliyeciler bulu\u015ftular, atland\u0131lar, kalpaklar\u0131n\u0131 giydiler ve bu y\u00fcr\u00fcy\u00fc\u015f\u00fc ger\u00e7ekle\u015ftirdiler. Bug\u00fcn hep beraber 102. y\u0131l\u0131n\u0131 kutluyoruz. Sabah\u0131n erken saatinde bir araya gelen ve Zafer Y\u00fcr\u00fcy\u00fc\u015f\u00fcm\u00fcze kat\u0131lan herkese te\u015fekk\u00fcr ediyorum. Bu topraklar\u0131 kanlar\u0131yla, canlar\u0131yla bizlere vatan yapan ba\u015fta Gazi Mustafa Kemal Atat\u00fcrk ve silah arkada\u015flar\u0131 olmak \u00fczere t\u00fcm kahraman \u015fehitlerimizi, gazilerimizi rahmetle ve minnetle an\u0131yorum. 3 Ocak Mersinimizin D\u00fc\u015fman \u0130\u015fgalinden Kurtulu\u015fu&#8217;nun y\u0131l d\u00f6n\u00fcm\u00fc kutlu olsun&#8221; diye konu\u015ftu.<\/p>\n<p>MHP \u0130L BA\u015eKANI SOYDAN; &#8220;7&#8217;DEN 70&#8217;E HERKES BURADA&#8221;<\/p>\n<p>MHP Mersin \u0130l Ba\u015fkan\u0131 Serdar Soydan ise Mersin&#8217;in kurtulu\u015f g\u00fcn\u00fcn\u00fc co\u015fkuyla kutlad\u0131klar\u0131n\u0131 kaydederek; &#8220;7&#8217;den 70&#8217;e t\u00fcm Mersinli hem\u015fehrilerimiz Zafer Y\u00fcr\u00fcy\u00fc\u015f\u00fcm\u00fczde. Atalar\u0131m\u0131z\u0131 yad ediyor, hep birlikte y\u00fcr\u00fcyoruz&#8221; dedi.<\/p>\n<p>AK PART\u0130 \u0130L BA\u015eKANI ALDEM\u0130R; &#8220;B\u0130RL\u0130K VE BERABERL\u0130K \u0130\u00c7\u0130NDE OMUZ OMUZAYIZ&#8221;<\/p>\n<p>AK Parti \u0130l Ba\u015fkan\u0131 Adem Aldemir de Mersin&#8217;in D\u00fc\u015fman \u0130\u015fgalinden Kurtulu\u015fu&#8217;nun 102. Y\u0131l D\u00f6n\u00fcm\u00fcn\u00fc kutlayarak; &#8220;Birlik ve beraberlik i\u00e7erisinde omuz omuzay\u0131z. \u015eehrimizin kurtulu\u015funun y\u0131l d\u00f6n\u00fcm\u00fc kutlu olsun&#8221; ifadelerini kulland\u0131.<\/p>\n<p>M\u0130LLETVEK\u0130L\u0130 KIRATLI; &#8220;KUVAY\u0130 M\u0130LL\u0130YE RUHUYLA Y\u00dcR\u00dcYORUZ&#8221;<\/p>\n<p>AK Parti Mersin Milletvekili Ali K\u0131ratl\u0131, Toroslar&#8217;dan t\u00fcm Mersinli hem\u015fehrilerine sevgi ve sayg\u0131lar\u0131n\u0131 ileterek; &#8220;Cumhuriyetimizin 100. y\u0131l\u0131 ile beraber Mersinimizin de D\u00fc\u015fman \u0130\u015fgalinden Kurtulu\u015fu&#8217;nun 102. Y\u0131l\u0131n\u0131 kutluyoruz. Genciyle, ya\u015fl\u0131s\u0131yla, kad\u0131n\u0131yla, erke\u011fiyle birlik ve beraberlik i\u00e7inde t\u00fcm hem\u015fehrilerimizin Kuvayi Milliye ruhuyla bu meydanlar\u0131 doldurdu\u011funu g\u00f6r\u00fcyoruz.  3 Ocak Mersinimizin kurtulu\u015funun y\u0131l d\u00f6n\u00fcm\u00fcn\u00fc tebrik ediyor, Gazi Mustafa Kemal Atat\u00fcrk olmak \u00fczere aziz \u015fehitlerimizi, gazilerimiz rahmet ve minnetle an\u0131yorum&#8221; dedi.<\/p>\n","protected":false},"excerpt":{"rendered":"<p>Mersin, her 3 Ocak&#8217;ta oldu\u011fu gibi yine meydanlara ve caddelere s\u0131\u011fmad\u0131. Mersin&#8217;in D\u00fc\u015fman \u0130\u015fgalinden Kurtulu\u015fu&#8217;nun 102&#8217;nci y\u0131l d\u00f6n\u00fcm\u00fcnde Toroslar Belediyesinin, Mersin Valili\u011fi ile birlikte d\u00fczenledi\u011fi &#8220;Geleneksel 3 Ocak Zafer Y\u00fcr\u00fcy\u00fc\u015f\u00fc&#8221; &hellip; <a href=\"https:\/\/akdenizolaygazetesi.com\/?p=29289\" class=\"more-link\">Devam\u0131n\u0131 Oku&#8230;<\/a><\/p>\n","protected":false},"author":2,"featured_media":29290,"comment_status":"open","ping_status":"open","sticky":false,"template":"","format":"standard","meta":[],"categories":[1,2,3,5],"tags":[],"_links":{"self":[{"href":"https:\/\/akdenizolaygazetesi.com\/index.php?rest_route=\/wp\/v2\/posts\/29289"}],"collection":[{"href":"https:\/\/akdenizolaygazetesi.com\/index.php?rest_route=\/wp\/v2\/posts"}],"about":[{"href":"https:\/\/akdenizolaygazetesi.com\/index.php?rest_route=\/wp\/v2\/types\/post"}],"author":[{"embeddable":true,"href":"https:\/\/akdenizolaygazetesi.com\/index.php?rest_route=\/wp\/v2\/users\/2"}],"replies":[{"embeddable":true,"href":"https:\/\/akdenizolaygazetesi.com\/index.php?rest_route=%2Fwp%2Fv2%2Fcomments&post=29289"}],"version-history":[{"count":1,"href":"https:\/\/akdenizolaygazetesi.com\/index.php?rest_route=\/wp\/v2\/posts\/29289\/revisions"}],"predecessor-version":[{"id":29291,"href":"https:\/\/akdenizolaygazetesi.com\/index.php?rest_route=\/wp\/v2\/posts\/29289\/revisions\/29291"}],"wp:featuredmedia":[{"embeddable":true,"href":"https:\/\/akdenizolaygazetesi.com\/index.php?rest_route=\/wp\/v2\/media\/29290"}],"wp:attachment":[{"href":"https:\/\/akdenizolaygazetesi.com\/index.php?rest_route=%2Fwp%2Fv2%2Fmedia&parent=29289"}],"wp:term":[{"taxonomy":"category","embeddable":true,"href":"https:\/\/akdenizolaygazetesi.com\/index.php?rest_route=%2Fwp%2Fv2%2Fcategories&post=29289"},{"taxonomy":"post_tag","embeddable":true,"href":"https:\/\/akdenizolaygazetesi.com\/index.php?rest_route=%2Fwp%2Fv2%2Ftags&post=29289"}],"curies":[{"name":"wp","href":"https:\/\/api.w.org\/{rel}","templated":true}]}}