{"id":29292,"date":"2024-01-03T16:38:35","date_gmt":"2024-01-03T13:38:35","guid":{"rendered":"http:\/\/akdenizolaygazetesi.com\/?p=29292"},"modified":"2024-01-03T16:38:35","modified_gmt":"2024-01-03T13:38:35","slug":"secer-bu-zafer-birlik-ve-beraberlik-ruhuyla-kazanilmistir","status":"publish","type":"post","link":"https:\/\/akdenizolaygazetesi.com\/?p=29292","title":{"rendered":"SE\u00c7ER: &#8220;BU ZAFER, B\u0130RL\u0130K VE BERABERL\u0130K RUHUYLA KAZANILMI\u015eTIR&#8221;"},"content":{"rendered":"<p>Mersin B\u00fcy\u00fck\u015fehir Belediye Ba\u015fkan\u0131 Vahap Se\u00e7er, 3 Ocak Mersin&#8217;in d\u00fc\u015fman i\u015fgalinden kurtulu\u015funun 102. y\u0131l d\u00f6n\u00fcm\u00fc dolay\u0131s\u0131yla Mersin Valili\u011fi taraf\u0131ndan d\u00fczenlenen kutlama programlar\u0131na kat\u0131ld\u0131.<\/p>\n<p>\u0130lk olarak Mersin Tren Gar\u0131&#8217;nda trenle istasyona gelen muharip gazilerden olu\u015fan temsili heyeti kar\u015f\u0131layan Ba\u015fkan Se\u00e7er ve kent protokol\u00fc, kar\u015f\u0131laman\u0131n ard\u0131ndan Tren Gar\u0131&#8217;ndan Cumhuriyet Meydan\u0131&#8217;na Mersin B\u00fcy\u00fck\u015fehir Belediye Bandosu e\u015fli\u011finde y\u00fcr\u00fcy\u00fc\u015f yapt\u0131. . \u0130stiklal Caddesi boyunca y\u00fcr\u00fcyen kortej, Sakarya Caddesi&#8217;nin ard\u0131ndan Cumhuriyet Meydan\u0131&#8217;na ula\u015ft\u0131. Korteje yol boyunca da vatanda\u015flar evlerinin balkonlar\u0131 ve pencerelerinden ve d\u00fckk\u00e2nlar\u0131ndan 3 Ocak Kurtulu\u015f co\u015fkusuna ortak oldu.<\/p>\n<p>Programlara; Mersin B\u00fcy\u00fck\u015fehir Belediye Ba\u015fkan\u0131 Vahap Se\u00e7er&#8217;in yan\u0131 s\u0131ra, Mersin Valisi Ali Hamza Pehlivan, Akdeniz B\u00f6lge ve Garnizon Komutan\u0131 Tu\u011famiral Murat F\u0131rat, Mersin Milletvekilleri, kent protokol\u00fc, gaziler, Azerbaycan Karaba\u011f Gazileri, Meclis \u00fcyeleri, sivil toplum kurulu\u015fu temsilcileri, siyasi parti temsilcileri, \u00f6\u011frenciler ve vatanda\u015flar kat\u0131ld\u0131.<\/p>\n<p>3 Ocak co\u015fkusu Cumhuriyet Meydan\u0131&#8217;nda devam etti<\/p>\n<p>Cumhuriyet Meydan\u0131&#8217;nda devam eden kutlama program\u0131nda Mersin Valili\u011fi, Akdeniz B\u00f6lge ve Garnizon Komutanl\u0131\u011f\u0131 ve Mersin B\u00fcy\u00fck\u015fehir Belediye Ba\u015fkanl\u0131\u011f\u0131 taraf\u0131ndan Atat\u00fcrk An\u0131t\u0131&#8217;na \u00e7elenk sunuldu.<\/p>\n<p>Sayg\u0131 duru\u015fu ve \u0130stikl\u00e2l Mar\u015f\u0131&#8217;n\u0131n ard\u0131ndan ise Mersin Valisi Ali Hamza Pehlivan, Akdeniz B\u00f6lge ve Garnizon Komutan\u0131 Tu\u011famiral Murat F\u0131rat ve Mersin B\u00fcy\u00fck\u015fehir Belediye Ba\u015fkan\u0131 Vahap Se\u00e7er, t\u00f6rene kat\u0131lanlar\u0131n ve halk\u0131n Kurtulu\u015f G\u00fcn\u00fc&#8217;n\u00fc kutlad\u0131. Programda; bir \u00f6\u011frenci taraf\u0131ndan \u015fiir okunmas\u0131n\u0131n ard\u0131ndan, Akdeniz B\u00f6lge ve Garnizon Komutanl\u0131\u011f\u0131&#8217;ndan bir subay taraf\u0131ndan da g\u00fcn\u00fcn anlam ve \u00f6nemini belirten konu\u015fma yap\u0131ld\u0131.<\/p>\n<p>Ba\u015fkan Se\u00e7er: &#8220;Bu zafer, birlik ve beraberlik ruhuyla kazan\u0131lm\u0131\u015ft\u0131r&#8221;<\/p>\n<p>Programda konu\u015fan Ba\u015fkan Vahap Se\u00e7er, Mersin&#8217;in kurtulu\u015funun 102. y\u0131l d\u00f6n\u00fcm\u00fcnde bir arada olman\u0131n gurur ve co\u015fkusunu ya\u015fad\u0131klar\u0131n\u0131 vurgulad\u0131. 3 Ocak 1922&#8217;de, Mersin&#8217;in Frans\u0131z i\u015fgalinden kurtulup ba\u011f\u0131ms\u0131zl\u0131\u011f\u0131n\u0131 ilan etti\u011fini hat\u0131rlatan Se\u00e7er, &#8220;Bug\u00fcn, o tarihi zaferi anarak, ge\u00e7mi\u015fimizin kahramanl\u0131k dolu sayfalar\u0131n\u0131 bir kez daha hat\u0131rl\u0131yor ve minnettarl\u0131kla an\u0131yoruz. Bu zafer, sadece o d\u00f6nemdeki m\u00fccadele azmiyle de\u011fil, ayn\u0131 zamanda birlik ve beraberlik ruhuyla kazan\u0131lm\u0131\u015ft\u0131r. Milletimiz, i\u015fgalcilere kar\u015f\u0131 kenetlenmi\u015f, vatan topraklar\u0131na sahip \u00e7\u0131km\u0131\u015f ve ba\u011f\u0131ms\u0131zl\u0131\u011f\u0131n\u0131 savunmu\u015ftur. Bug\u00fcn, Gazi Mustafa Kemal Atat\u00fcrk&#8217;\u00fcn ve o d\u00f6nemin \u00f6zg\u00fcrl\u00fck ruhunu rehber edinerek o m\u00fccadele ruhunu ya\u015fatmak, birlik ve beraberlik i\u00e7inde daha g\u00fc\u00e7l\u00fc yar\u0131nlara y\u00fcr\u00fcmek g\u00f6revimizdir&#8221; dedi.<\/p>\n<p>&#8220;Mersin&#8217;in gelece\u011fi i\u00e7in var g\u00fcc\u00fcm\u00fczle \u00e7al\u0131\u015f\u0131yoruz&#8221;<\/p>\n<p>Mersin&#8217;in, gelece\u011fi i\u00e7in projeler \u00fcretmek; e\u011fitimden sa\u011fl\u0131\u011fa, altyap\u0131dan k\u00fclt\u00fcrel etkinliklere kadar her alanda kaliteli hizmet sunmak i\u00e7in var g\u00fc\u00e7leriyle \u00e7al\u0131\u015ft\u0131klar\u0131n\u0131 s\u00f6yledi. Sosyal belediyecilik anlay\u0131\u015f\u0131yla, toplumun t\u00fcm kesimlerinin ihtiya\u00e7lar\u0131n\u0131 kar\u015f\u0131lamak i\u00e7in \u00e7al\u0131\u015ft\u0131klar\u0131n\u0131 belirten Se\u00e7er, &#8220;Vatanda\u015flar\u0131m\u0131z\u0131n dertleriyle dertlenerek, mutluluklar\u0131na vesile olarak her zaman yanlar\u0131nda olduk. Bundan sonra da kapsay\u0131c\u0131 projelerle \u00e7al\u0131\u015fmaya, vatanda\u015flar\u0131m\u0131z\u0131n yan\u0131nda olmaya devam edece\u011fiz. Gece g\u00fcnd\u00fcz \u00e7al\u0131\u015farak, Mersin&#8217;in renklerini olu\u015fturan her bir karde\u015fimin, &#8216;Ben bu \u015fehirde ya\u015famaktan mutluyum, bu \u015fehirde huzurluyum&#8217; dedi\u011fi bir Mersin&#8217;i yaratt\u0131k&#8221; diye konu\u015ftu.<\/p>\n<p>&#8220;Yol haritam\u0131z d\u00fcn oldu\u011fu gibi bug\u00fcn de ak\u0131l ve bilimdir&#8221;<\/p>\n<p>Yol haritalar\u0131n\u0131n d\u00fcn oldu\u011fu gibi bug\u00fcn de yar\u0131n da Cumhuriyet&#8217;in kurulu\u015f felsefesinde yer alan ak\u0131l ve bilim olaca\u011f\u0131n\u0131n alt\u0131n\u0131 \u00e7izen Se\u00e7er, bu do\u011frultuda e\u011fitim, sa\u011fl\u0131k, bilim, k\u00fclt\u00fcr-sanat, tar\u0131m, \u00e7evre ve daha pek \u00e7ok alanda aral\u0131ks\u0131z \u00e7al\u0131\u015ft\u0131klar\u0131n\u0131 belirterek, &#8220;Bununla birlikte b\u00fcy\u00fck altyap\u0131 ve \u00fcstyap\u0131 yat\u0131r\u0131mlar\u0131n\u0131 tek tek hizmete ald\u0131k, almaya da devam ediyoruz. Tecr\u00fcbemizi ve birikimimizi, siz gen\u00e7lerin dinamizminden ald\u0131\u011f\u0131m\u0131z g\u00fc\u00e7le gelece\u011fe ta\u015f\u0131maya kararl\u0131y\u0131z&#8221; dedi.<\/p>\n<p>&#8220;Mersin&#8217;i daha ayd\u0131nl\u0131k yar\u0131nlara ta\u015f\u0131yaca\u011f\u0131z&#8221;<\/p>\n<p>Kendilerine b\u0131rak\u0131lan miras\u0131 korumak ve gelecek nesillere aktarmak i\u00e7in azim ve kararl\u0131l\u0131kla \u00e7al\u0131\u015fmaya devam edeceklerini s\u00f6yleyen Se\u00e7er, Mersin&#8217;in zengin tarihini, k\u00fclt\u00fcr\u00fcn\u00fc ve ho\u015fg\u00f6r\u00fcs\u00fcn\u00fc ya\u015fatma sorumlulu\u011fuyla, gelecek nesillere daha g\u00fczel bir miras b\u0131rakma gayreti i\u00e7inde Mersin&#8217;i daha ayd\u0131nl\u0131k yar\u0131nlara ta\u015f\u0131yacaklar\u0131n\u0131, b\u00fcy\u00fck ve g\u00fc\u00e7l\u00fc bir gelece\u011fi hep birlikte kuracaklar\u0131n\u0131 kaydetti.  Cumhuriyet&#8217;in 2. y\u00fczy\u0131l\u0131nda; daha \u00e7a\u011fda\u015f, demokratik bir T\u00fcrkiye&#8217;yi, daha g\u00fczel bir Mersin&#8217;i hep birlikte in\u015fa etmeye devam edeceklerini vurgulayan Se\u00e7er, &#8220;Bizler, \u015fehrimize hizmet etmekten ve sizlerle birlikte olmaktan b\u00fcy\u00fck mutluluk duyuyoruz. Kentimizin b\u00fcy\u00fcmesi ve kalk\u0131nmas\u0131 i\u00e7in, daha \u00e7a\u011fda\u015f ve modern bir kent haline getirmek i\u00e7in siz de\u011ferli Mersinlilerin destek ve katk\u0131lar\u0131na da ihtiyac\u0131m\u0131z var. Birlik ve beraberlik i\u00e7erisinde hareket etti\u011fimizde, daha b\u00fcy\u00fck ba\u015far\u0131lar elde edebiliriz&#8221; ifadelerini kulland\u0131.<\/p>\n<p>&#8220;Kurtulu\u015f g\u00fcn\u00fcm\u00fcz kutlu olsun!&#8221;<\/p>\n<p>Gazi Mustafa Kemal Atat\u00fcrk&#8217;\u00fcn &#8216;Mersinliler Mersin&#8217;e sahip \u00e7\u0131k\u0131n\u0131z&#8217; s\u00f6z\u00fcn\u00fc hat\u0131rlatan Se\u00e7er, &#8220;Bizler bu miras\u0131 daha da ileri ta\u015f\u0131mak, \u015fehrimizi \u00e7a\u011fda\u015f, ya\u015fanabilir bir yer haline getirmek i\u00e7in \u00e7al\u0131\u015f\u0131yoruz; \u00e7al\u0131\u015fmaya ve Mersin&#8217;e sahip \u00e7\u0131kmaya devam edece\u011fiz&#8221; dedi. Yeni y\u0131l hakk\u0131nda da duygular\u0131n\u0131 payla\u015fan Se\u00e7er, yeni y\u0131ldan \u00f6ncelikli dile\u011finin; t\u00fcm d\u00fcnyada ve T\u00fcrkiye&#8217;de bar\u0131\u015f\u0131n, sevginin, adaletin, demokrasinin ve ho\u015fg\u00f6r\u00fcn\u00fcn h\u00e2kim olmas\u0131 oldu\u011funa dikkat \u00e7ekerek, &#8220;B\u00fcy\u00fck \u00d6nderimiz Gazi Mustafa Kemal Atat\u00fcrk ba\u015fta olmak \u00fczere, vatan u\u011fruna hayatlar\u0131n\u0131 feda eden t\u00fcm yi\u011fit \u015fehitlerimizi, ebediyete intikal etmi\u015f gazilerimizi \u015f\u00fckranla an\u0131yorum. Atam\u0131z\u0131n \u015fu s\u00f6zleriyle konu\u015fmam\u0131 tamamlamak istiyorum: &#8216;H\u00fcrriyet olmayan bir memlekette \u00f6l\u00fcm ve \u00e7\u00f6k\u00fc\u015f vard\u0131r. Her ilerleyi\u015fin ve kurtulu\u015fun anas\u0131 h\u00fcrriyettir&#8217; Kurtulu\u015f g\u00fcn\u00fcm\u00fcz kutlu olsun!&#8221; ifadelerine yer verdi.<\/p>\n<p>&#8220;\u0130nsanlar\u0131m\u0131z Mersin&#8217;de kendini g\u00fcvende ve mutlu hissediyor&#8221;<\/p>\n<p>T\u00f6ren sonras\u0131nda bas\u0131n mensuplar\u0131n\u0131n sorular\u0131n\u0131 yan\u0131tlayan Ba\u015fkan Se\u00e7er, Mersin&#8217;in, Ulu \u00d6nder Mustafa Kemal Atat\u00fcrk&#8217;\u00fcn kurdu\u011fu Cumhuriyet&#8217;in \u015femsiyesi alt\u0131nda \u00e7ok yol kat edip, &#8216;Mersinliler, Mersin&#8217;e sahip \u00e7\u0131kt\u0131n\u0131z&#8217; s\u00f6z\u00fcn\u00fc harfiyen yerine getirdiklerini s\u00f6yledi. Se\u00e7er, &#8220;O g\u00fcnden bug\u00fcne kentimiz her alanda \u00e7ok geli\u015fti, \u00e7ok b\u00fcy\u00fcd\u00fc ve bu geli\u015fmesini de devam ettiriyor. Kentimiz bir d\u00fcnya kenti olma yolunda h\u0131zla ilerliyor. Mersinimiz sadece T\u00fcrkiye&#8217;nin de\u011fil, b\u00f6lgenin de bir\u00e7ok yerinden gelen insanlarla b\u00fcy\u00fcyen, geli\u015fen bir kent haline geldi. Mersin resmi n\u00fcfusunun \u00e7ok \u00fczerinde insan\u0131 a\u011f\u0131rlayan bir kent. 2,5 milyon insan\u0131n ya\u015fad\u0131\u011f\u0131 farkl\u0131 etnik yap\u0131lardan, mezheplerden hatta farkl\u0131 \u00fclkelerin insanlar\u0131 burada ya\u015f\u0131yor. Ama kentimizde huzur, mutluluk hakim. \u0130nsanlar\u0131m\u0131z Mersin&#8217;de kendini g\u00fcvende ve mutlu hissediyor. Kentimiz her ge\u00e7en g\u00fcn daha da modernle\u015fiyor, daha temiz bir kent haline geliyor. Toplumun \u00e7evreye sayg\u0131s\u0131 her ge\u00e7en g\u00fcn daha da art\u0131yor. Mersin&#8217;e dair umutlar\u0131m\u0131z \u00e7ok, gelece\u011fe dair umutlar\u0131m\u0131z \u00e7ok. Mersin B\u00fcy\u00fck\u015fehir Belediye Ba\u015fkan\u0131 olarak bu duygularla ve bu inan\u00e7la bug\u00fcne kadar Mersinimize hizmet ettim. Bundan sonra da etmeye devam edece\u011fim&#8221; diye konu\u015ftu.<\/p>\n<p>Vali Pehlivan: &#8220;3 Ocak 1922&#8217;de zafer Mersin&#8217;in oldu&#8221;<\/p>\n<p>Mersin&#8217;in 102 y\u0131l \u00f6nce kahramanca bir m\u00fccadele ile d\u00fc\u015fman i\u015fgalinden kurtuldu\u011funu s\u00f6yleyen Mersin Valisi Ali Hamza Pehlivan ise, &#8220;Tarih boyunca esareti asla kabul etmemi\u015f olan, hi\u00e7bir zaman boyunduruk alt\u0131na girmemi\u015f olan aziz milletimiz, bayra\u011f\u0131n\u0131 boynu b\u00fck\u00fck b\u0131rakamazd\u0131, birli\u011fini, beraberli\u011fini bozduramazd\u0131. Bu inan\u00e7tayd\u0131 ve bu inanc\u0131n yans\u0131mas\u0131n\u0131n bir tezah\u00fcr\u00fc olarak Kuvay\u0131 Milliye birliklerini kurdu ve \u00e7etin m\u00fccadeleler neticesinde 3 Ocak 1922&#8217;de zafer Mersin&#8217;in oldu&#8221; dedi.<\/p>\n<p>Konu\u015fmalar\u0131n ard\u0131ndan Jandarma Merasim B\u00f6l\u00fck Komutanl\u0131\u011f\u0131&#8217;n\u0131n t\u00fcfekli hareketler g\u00f6sterisi, Mersin B\u00fcy\u00fck\u015fehir Belediyesi Halk Oyunlar\u0131 Ekibi&#8217;nin g\u00f6sterisi, Jandarma Genel Komutanl\u0131\u011f\u0131 Mehteran Birli\u011fi&#8217;nin konseri ve Jandarma Komando \u00d6zel Asayi\u015f Komutanl\u0131\u011f\u0131 taraf\u0131ndan helikopter ile \u00fcz\u00fcm salk\u0131m\u0131 g\u00f6sterisi yap\u0131ld\u0131.<\/p>\n<p>Mersin B\u00fcy\u00fck\u015fehir Belediye Ba\u015fkan\u0131 Vahap Se\u00e7er, Cumhuriyet Meydan\u0131&#8217;ndaki t\u00f6renin ard\u0131ndan protokol \u00fcyeleri ile birlikte Muharip Gazileri Dernek binas\u0131nda ziyaret ettiler.<\/p>\n","protected":false},"excerpt":{"rendered":"<p>Mersin B\u00fcy\u00fck\u015fehir Belediye Ba\u015fkan\u0131 Vahap Se\u00e7er, 3 Ocak Mersin&#8217;in d\u00fc\u015fman i\u015fgalinden kurtulu\u015funun 102. y\u0131l d\u00f6n\u00fcm\u00fc dolay\u0131s\u0131yla Mersin Valili\u011fi taraf\u0131ndan d\u00fczenlenen kutlama programlar\u0131na kat\u0131ld\u0131. \u0130lk olarak Mersin Tren Gar\u0131&#8217;nda trenle istasyona &hellip; <a href=\"https:\/\/akdenizolaygazetesi.com\/?p=29292\" class=\"more-link\">Devam\u0131n\u0131 Oku&#8230;<\/a><\/p>\n","protected":false},"author":2,"featured_media":29293,"comment_status":"open","ping_status":"open","sticky":false,"template":"","format":"standard","meta":[],"categories":[1,2,3,5],"tags":[],"_links":{"self":[{"href":"https:\/\/akdenizolaygazetesi.com\/index.php?rest_route=\/wp\/v2\/posts\/29292"}],"collection":[{"href":"https:\/\/akdenizolaygazetesi.com\/index.php?rest_route=\/wp\/v2\/posts"}],"about":[{"href":"https:\/\/akdenizolaygazetesi.com\/index.php?rest_route=\/wp\/v2\/types\/post"}],"author":[{"embeddable":true,"href":"https:\/\/akdenizolaygazetesi.com\/index.php?rest_route=\/wp\/v2\/users\/2"}],"replies":[{"embeddable":true,"href":"https:\/\/akdenizolaygazetesi.com\/index.php?rest_route=%2Fwp%2Fv2%2Fcomments&post=29292"}],"version-history":[{"count":1,"href":"https:\/\/akdenizolaygazetesi.com\/index.php?rest_route=\/wp\/v2\/posts\/29292\/revisions"}],"predecessor-version":[{"id":29294,"href":"https:\/\/akdenizolaygazetesi.com\/index.php?rest_route=\/wp\/v2\/posts\/29292\/revisions\/29294"}],"wp:featuredmedia":[{"embeddable":true,"href":"https:\/\/akdenizolaygazetesi.com\/index.php?rest_route=\/wp\/v2\/media\/29293"}],"wp:attachment":[{"href":"https:\/\/akdenizolaygazetesi.com\/index.php?rest_route=%2Fwp%2Fv2%2Fmedia&parent=29292"}],"wp:term":[{"taxonomy":"category","embeddable":true,"href":"https:\/\/akdenizolaygazetesi.com\/index.php?rest_route=%2Fwp%2Fv2%2Fcategories&post=29292"},{"taxonomy":"post_tag","embeddable":true,"href":"https:\/\/akdenizolaygazetesi.com\/index.php?rest_route=%2Fwp%2Fv2%2Ftags&post=29292"}],"curies":[{"name":"wp","href":"https:\/\/api.w.org\/{rel}","templated":true}]}}