{"id":29302,"date":"2024-01-04T12:46:12","date_gmt":"2024-01-04T09:46:12","guid":{"rendered":"http:\/\/akdenizolaygazetesi.com\/?p=29302"},"modified":"2024-01-04T12:46:12","modified_gmt":"2024-01-04T09:46:12","slug":"gecen-yil-127-ogrencinin-universiteye-yerlestigi-merkezde-bugun-400-genc-sinava-hazirlaniyor","status":"publish","type":"post","link":"https:\/\/akdenizolaygazetesi.com\/?p=29302","title":{"rendered":"Ge\u00e7en y\u0131l 127 \u00f6\u011frencinin \u00fcniversiteye yerle\u015fti\u011fi merkezde bug\u00fcn 400 gen\u00e7 s\u0131nava haz\u0131rlan\u0131yor"},"content":{"rendered":"<p> Akdeniz Belediyesi\u2019nin hizmete a\u00e7t\u0131\u011f\u0131 T\u00fcrkiye\u2019nin en haval\u0131 Et\u00fct Merkezi, \u00f6\u011frencileri \u00fcniversite hayallerine kavu\u015fturuyor. Metropol G\u00f6kdelen binas\u0131nda hizmet veren ve ge\u00e7en y\u0131l 127 \u00f6\u011frencinin \u00e7e\u015fitli \u00fcniversitelerin b\u00f6l\u00fcmlerine yerle\u015fti\u011fi Et\u00fct Merkezi\u2019nde, bu y\u0131l ise uzman e\u011fitmenler g\u00f6zetiminde say\u0131sal ve e\u015fit a\u011f\u0131rl\u0131k alanlar\u0131nda kurs alan 400 gen\u00e7 \u00fcniversite hedefine emin ad\u0131mlarla ilerliyor.<br \/>\nG\u00f6reve geldi\u011fi g\u00fcnden itibaren gen\u00e7lere ayr\u0131 bir \u00f6nem veren Akdeniz Belediye Ba\u015fkan\u0131 M. Mustafa G\u00fcltak, e\u011fitimde f\u0131rsat e\u015fitli\u011fini sa\u011flayarak imkan\u0131 k\u0131s\u0131tl\u0131 veya olmayan \u00f6\u011frencilere kurs imkan\u0131 sa\u011flad\u0131. Bu desteklerden biri de K\u00fclt\u00fcr ve Sosyal \u0130\u015fler M\u00fcd\u00fcrl\u00fc\u011f\u00fcne ba\u011fl\u0131 ve G\u00f6kdelen \u0130\u015f Merkezi 29\u2019uncu katta hizmet veren Et\u00fct Merkezi. Merkezde bug\u00fcn itibariyle lise mezunu 400 \u00f6\u011frenciye e\u015fit a\u011f\u0131rl\u0131k ve say\u0131sal alanlarda uzman e\u011fitmenler g\u00f6zetiminde \u00fccretsiz \u00fcniversite s\u0131nav\u0131na haz\u0131rl\u0131k kursu veriliyor.<br \/>\n\u00dcniversiteye yerle\u015fmede Akdeniz\u2019in ba\u015far\u0131 oran\u0131 artt\u0131<br \/>\nDaha \u00f6nce \u00e7ok az say\u0131da \u00f6\u011frencinin \u00fcniversiteye yerle\u015fti\u011fi Akdeniz\u2019de, ge\u00e7en y\u0131l sadece belediyenin et\u00fct merkezinden 127 \u00f6\u011frenci \u00fcniversitelerin \u00e7e\u015fitli b\u00f6l\u00fcmlerine yerle\u015ferek b\u00fcy\u00fck bir ba\u015far\u0131ya imza att\u0131. Mersin Halk E\u011fitim Merkezi i\u015fbirli\u011finde verilen kurslar sayesinde s\u0131navlara haz\u0131rlanan \u00f6\u011frenciler, e\u011fitimde sa\u011flanan f\u0131rsat e\u015fitli\u011fi sayesinde ya\u015f\u0131tlar\u0131yla rekabet etme f\u0131rsat\u0131 yakalad\u0131.<br \/>\n\u201cArt\u0131k sorular\u0131 \u00e7ok rahat \u00e7\u00f6zebiliyorum\u201d<br \/>\nEt\u00fct Merkezi\u2019ne ge\u00e7en y\u0131l ba\u015flad\u0131\u011f\u0131n\u0131 belirten \u00f6\u011frencilerden Elif \u00d6ner; \u201cBenim belirli hedefim vard\u0131. O hedefe ula\u015fabilmek i\u00e7in buradan faydalanmak istedim. Kurs sayesinde daha fazla bilgi sahibi oldum, konular\u0131 burada daha iyi \u00f6\u011frendim. Hedefim polis olmak. Kursta bu konuda bana \u00e7ok yard\u0131mc\u0131 oluyor. Daha \u00f6nce hi\u00e7 matematik \u00e7\u00f6zemiyordum. \u015eimdi ise matemati\u011fi iyi anl\u0131yorum ve sorular\u0131 rahat \u00e7\u00f6zebiliyorum. Bize bu imkan\u0131 sunan ba\u015fta Ba\u015fkan\u0131m\u0131z Mustafa G\u00fcltak\u2019a \u00e7ok te\u015fekk\u00fcr ediyorum. Belediyemiz her konuda \u00e7al\u0131\u015f\u0131yor. E\u011fitim anlam\u0131nda da bize hep destek veriyorlar\u201d diye konu\u015ftu.<br \/>\n\u201cKurs, eksiklerimi kapatt\u0131\u201d<br \/>\n\u00d6\u011frencilerden G\u00fclcan \u00c7elikten de kursa ge\u00e7en y\u0131l da kat\u0131ld\u0131\u011f\u0131n\u0131 ancak istedi\u011fi b\u00f6l\u00fcm\u00fc kazanamad\u0131\u011f\u0131 i\u00e7in bu y\u0131l yeniden geldi\u011fini anlatt\u0131. Kursu, k\u00fclt\u00fcr ve sanat evlerindeki \u00f6\u011fretmenlerden duydu\u011funu s\u00f6yleyen \u00c7elikten; \u201cGe\u00e7en y\u0131l ge\u00e7 ba\u015flad\u0131\u011f\u0131m i\u00e7in istedi\u011fim b\u00f6l\u00fcm\u00fc kazanamam\u0131\u015ft\u0131m. Kurs hem sosyalle\u015fme hem de derslerim a\u00e7\u0131s\u0131ndan eksiklerimi kapatt\u0131. Hedefim Akdeniz \u00dcniversitesi Di\u015f Hekimli\u011fi. Daha \u00f6nce evde \u00e7al\u0131\u015fmak zorundayd\u0131m ama kursu duyunca \u00e7ok mutlu oldum. Buraya ba\u015flay\u0131nca da daha iyi yerlere geldim. Ba\u015fkan\u0131m\u0131za \u00e7ok te\u015fekk\u00fcr ediyorum. Belediyenin kurslar\u0131ndan benimle birlikte ailem de yararlan\u0131yor\u201d ifadelerini kulland\u0131.<br \/>\n\u201cKursa ba\u015flad\u0131ktan sonra netlerim artt\u0131\u201d<br \/>\nHasan Mucuk adl\u0131 \u00f6\u011frenci de arkada\u015flar\u0131n\u0131n tavsiyesi \u00fczerine 3 ay \u00f6nce kursa ba\u015flad\u0131\u011f\u0131n\u0131 ifade ederek; \u201cKursa ba\u015flad\u0131ktan sonra s\u0131navlarda netlerim fazlala\u015fmaya ba\u015flad\u0131. S\u0131navlar\u0131n yan\u0131 s\u0131ra konular\u0131 daha iyi \u00f6\u011frenmeye ba\u015flad\u0131m. Hedefim avukatl\u0131k. Bu yolda da emin ad\u0131mlarla ilerliyorum. Kurslar sayesinde de bunu ba\u015faraca\u011f\u0131ma inan\u0131yorum. Et\u00fct Merkezi\u2019ni duyan t\u00fcm arkada\u015flar\u0131m\u0131z gelmek istiyor. \u00c7ok say\u0131da \u00f6\u011frenci kay\u0131t yapt\u0131rmak istiyor. Bunun i\u00e7in \u00e7ok ba\u015fvuru var. Herkes memnun. Eme\u011fi ge\u00e7enlere te\u015fekk\u00fcr ediyorum\u201d \u015feklinde konu\u015ftu.<br \/>\n\u201cHer t\u00fcrl\u00fc kayna\u011fa ve deneme s\u0131nav\u0131na ula\u015fabiliyorum\u201d<br \/>\n\u00d6\u011frencilerden \u0130lknur Hayat Kara ise, ge\u00e7en y\u0131l Ekim ay\u0131ndan beri kurs g\u00f6rd\u00fc\u011f\u00fcn\u00fc ifade etti. Arkada\u015f tavsiyesi \u00fczerine kursa ba\u015flad\u0131\u011f\u0131n\u0131 vurgulayan Kara, \u201cGer\u00e7ekten \u00e7ok memnunum. Ge\u00e7en seneye g\u00f6re derslerimde, deneme s\u0131navlar\u0131nda daha istikrarl\u0131y\u0131m. Buras\u0131 bana ger\u00e7ekten \u00e7ok \u015fey katt\u0131. D\u00fczenli \u00e7al\u0131\u015f\u0131yorum, \u00f6\u011fretmenlerimiz de bize \u00e7ok yard\u0131mc\u0131 oluyor. Her t\u00fcrl\u00fc deneme ve kayna\u011fa ula\u015fabiliyorum. Hedefim \u0130ngilizce \u00f6\u011fretmenli\u011fi. \u0130n\u015fallah ilk 10 bine girmek istiyorum. Kurslar\u0131n \u00e7ok faydas\u0131 oluyor. Di\u011fer ba\u015fka kurslara da aile \u00fcyelerim gidiyor. Bu hizmetleri bizlere sunan herkese te\u015fekk\u00fcrler\u201d dedi.<br \/>\n\u201cBir\u00e7ok \u00f6\u011frencimiz \u00fcniversitelerimizin \u00f6nde gelen b\u00f6l\u00fcmlerine yerle\u015fti\u201d<br \/>\nEt\u00fct Merkezi\u2019nin matematik \u00f6\u011fretmenlerinden Osman T\u00fcrk de ge\u00e7en y\u0131l kurs merkezinde 402 \u00f6\u011frencinin e\u011fitim ald\u0131\u011f\u0131n\u0131 dile getirdi. Bu \u00f6\u011frencilerden 127\u2019sinin \u00e7e\u015fitli \u00fcniversitelere yerle\u015fti\u011finin alt\u0131n\u0131 \u00e7izen T\u00fcrk; \u201cMerkezde bu y\u0131l 400 \u00f6\u011frencimiz var. \u0130n\u015fallah bu y\u0131l 400 \u00f6\u011frencimizin tamam\u0131n\u0131 \u00fcniversitelere yerle\u015ftirmek istiyoruz.<br \/>\nGe\u00e7en y\u0131l T\u00fcrkiye dereceleri k\u0131ran \u00f6\u011frencilerimiz oldu; t\u0131p, hukuk, iktisat gibi b\u00f6l\u00fcmleri kazananlar var. Bir\u00e7ok \u00f6\u011frencimiz \u00fcniversitelerin \u00f6nde gelen b\u00f6l\u00fcmlerine yerle\u015fti. Bu y\u0131l da en iyi s\u0131ralamalar\u0131 ve en yerleri kazanacaklar\u0131na inan\u0131yorum. Akdeniz\u2019in kaderi de gelece\u011fi de gen\u00e7lerimizin ellerinde. Gen\u00e7lerimiz, Akdeniz\u2019in kaderini de gelece\u011fini de de\u011fi\u015ftirecek\u201d ifadelerini kulland\u0131.<\/p>\n","protected":false},"excerpt":{"rendered":"<p>Akdeniz Belediyesi\u2019nin hizmete a\u00e7t\u0131\u011f\u0131 T\u00fcrkiye\u2019nin en haval\u0131 Et\u00fct Merkezi, \u00f6\u011frencileri \u00fcniversite hayallerine kavu\u015fturuyor. Metropol G\u00f6kdelen binas\u0131nda hizmet veren ve ge\u00e7en y\u0131l 127 \u00f6\u011frencinin \u00e7e\u015fitli \u00fcniversitelerin b\u00f6l\u00fcmlerine yerle\u015fti\u011fi Et\u00fct Merkezi\u2019nde, bu &hellip; <a href=\"https:\/\/akdenizolaygazetesi.com\/?p=29302\" class=\"more-link\">Devam\u0131n\u0131 Oku&#8230;<\/a><\/p>\n","protected":false},"author":2,"featured_media":29303,"comment_status":"open","ping_status":"open","sticky":false,"template":"","format":"standard","meta":[],"categories":[1,2,3,5],"tags":[],"_links":{"self":[{"href":"https:\/\/akdenizolaygazetesi.com\/index.php?rest_route=\/wp\/v2\/posts\/29302"}],"collection":[{"href":"https:\/\/akdenizolaygazetesi.com\/index.php?rest_route=\/wp\/v2\/posts"}],"about":[{"href":"https:\/\/akdenizolaygazetesi.com\/index.php?rest_route=\/wp\/v2\/types\/post"}],"author":[{"embeddable":true,"href":"https:\/\/akdenizolaygazetesi.com\/index.php?rest_route=\/wp\/v2\/users\/2"}],"replies":[{"embeddable":true,"href":"https:\/\/akdenizolaygazetesi.com\/index.php?rest_route=%2Fwp%2Fv2%2Fcomments&post=29302"}],"version-history":[{"count":1,"href":"https:\/\/akdenizolaygazetesi.com\/index.php?rest_route=\/wp\/v2\/posts\/29302\/revisions"}],"predecessor-version":[{"id":29304,"href":"https:\/\/akdenizolaygazetesi.com\/index.php?rest_route=\/wp\/v2\/posts\/29302\/revisions\/29304"}],"wp:featuredmedia":[{"embeddable":true,"href":"https:\/\/akdenizolaygazetesi.com\/index.php?rest_route=\/wp\/v2\/media\/29303"}],"wp:attachment":[{"href":"https:\/\/akdenizolaygazetesi.com\/index.php?rest_route=%2Fwp%2Fv2%2Fmedia&parent=29302"}],"wp:term":[{"taxonomy":"category","embeddable":true,"href":"https:\/\/akdenizolaygazetesi.com\/index.php?rest_route=%2Fwp%2Fv2%2Fcategories&post=29302"},{"taxonomy":"post_tag","embeddable":true,"href":"https:\/\/akdenizolaygazetesi.com\/index.php?rest_route=%2Fwp%2Fv2%2Ftags&post=29302"}],"curies":[{"name":"wp","href":"https:\/\/api.w.org\/{rel}","templated":true}]}}