{"id":29363,"date":"2024-01-11T12:53:19","date_gmt":"2024-01-11T09:53:19","guid":{"rendered":"http:\/\/akdenizolaygazetesi.com\/?p=29363"},"modified":"2024-01-11T12:53:19","modified_gmt":"2024-01-11T09:53:19","slug":"yenisehir-belediyesinden-yesil-enerji-hamlesi","status":"publish","type":"post","link":"https:\/\/akdenizolaygazetesi.com\/?p=29363","title":{"rendered":"Yeni\u015fehir Belediyesinden ye\u015fil enerji hamlesi"},"content":{"rendered":"<p>Mersin Yeni\u015fehir Belediyesi taraf\u0131ndan bu y\u0131l ikincisi d\u00fczenlenen Enerji G\u00fcnleri\u2019nde konu\u015fan Yeni\u015fehir Belediye Ba\u015fkan\u0131 Abdullah \u00d6zyi\u011fit, Belediye olarak kulland\u0131klar\u0131 enerjinin y\u00fczde 70\u2019ini g\u00fcne\u015ften elde edecekleri projeyi k\u0131sa s\u00fcrede hayata ge\u00e7ireceklerini s\u00f6yledi. Ba\u015fkan \u00d6zyi\u011fit, \u201cYeni\u015fehir Belediyesi Atat\u00fcrk K\u00fclt\u00fcr Merkezi, Yeni\u015fehir Belediyesi \u00d6zgecan Aslan Tesisleri ve Yeni\u015fehir Belediyesi BETEM\u2019de yenilenebilir enerji kullan\u0131m\u0131 i\u00e7in d\u0131\u015f kaynakl\u0131 ve uygun geri d\u00f6n\u00fc\u015f\u00fcml\u00fc finansman kayna\u011f\u0131n\u0131 temin ettik. Proje kapsam\u0131nda k\u0131sa s\u00fcre i\u00e7erisinde kuraca\u011f\u0131m\u0131z g\u00fcne\u015f enerjisi santralleri ile binalar\u0131m\u0131z kendi enerjilerini kar\u015f\u0131layacak. \u0130lk etapta Belediyemizin kulland\u0131\u011f\u0131 enerjinin y\u00fczde 70\u2019ini g\u00fcne\u015ften elde edece\u011fiz.\u201d dedi.<br \/>\nMersin Yeni\u015fehir Belediyesi \u201cGelece\u011fin Enerjileri, Yar\u0131n\u0131n D\u00fcnyas\u0131\u201d slogan\u0131yla 2. Enerji G\u00fcnleri\u2019ni d\u00fczenledi. 2. Enerji G\u00fcnleri kapsam\u0131nda yap\u0131lan  \u201cGelece\u011fin Enerjileri Yeni\u015fehir\u2019de\u201d panelinde Yeni\u015fehir Belediye Ba\u015fkan\u0131 Abdullah \u00d6zyi\u011fit, s\u00fcrd\u00fcr\u00fclebilir bir Yeni\u015fehir i\u00e7in hayata ge\u00e7irdikleri \u00e7al\u0131\u015fmalar\u0131 anlatt\u0131.  \u201cG\u00f6reve geldi\u011fimiz 2019 y\u0131l\u0131ndan bu yana sadece bu g\u00fcn\u00fcm\u00fcz\u00fc de\u011fil, yar\u0131nlar\u0131m\u0131z\u0131 da g\u00fcvence alt\u0131na alacak bir vizyonla \u00e7al\u0131\u015ft\u0131k.\u201d ifadelerini kullanan Ba\u015fkan Abdullah \u00d6zyi\u011fit, kentlerde n\u00fcfusun h\u0131zla artt\u0131\u011f\u0131n\u0131 ve bunun da ula\u015f\u0131m, \u00e7evre, sa\u011fl\u0131k, enerji ve su y\u00f6netimi gibi pek \u00e7ok sorunu beraberinde getirdi\u011fine dikkat \u00e7ekti. \u0130klim de\u011fi\u015fikli\u011fi, enerji kaynaklar\u0131n\u0131n s\u0131n\u0131rl\u0131l\u0131\u011f\u0131 ve \u00e7evresel etkilerini i\u015faret eden Ba\u015fkan \u00d6zyi\u011fit, \u201cDaha ak\u0131ll\u0131 ve verimli enerji kullan\u0131m\u0131 ka\u00e7\u0131n\u0131lmaz bir gereklilik haline geldi.\u201d dedi. Yeni\u015fehir Belediyesi olarak kulland\u0131klar\u0131 enerjinin y\u00fczde 70\u2019ini g\u00fcne\u015ften elde etmek i\u00e7in hayata ge\u00e7irecekleri proje ile ilgili bilgi veren Ba\u015fkan \u00d6zyi\u011fit, \u201cYeni\u015fehir Belediyesi Atat\u00fcrk K\u00fclt\u00fcr Merkezi ve Yeni\u015fehir Belediyesi \u00d6zgecan Aslan Tesisleri ve Yeni\u015fehir Belediyesi BETEM\u2019de yenilenebilir enerji kullan\u0131m\u0131 i\u00e7in d\u0131\u015f kaynakl\u0131 ve uygun geri d\u00f6n\u00fc\u015f\u00fcml\u00fc finansman kayna\u011f\u0131n\u0131 temin ettik. Kuraca\u011f\u0131m\u0131z g\u00fcne\u015f enerjisi santralleri ile binalar\u0131m\u0131z kendi enerjilerini kar\u015f\u0131layacak. \u0130lk etapta Belediyemizin kulland\u0131\u011f\u0131 enerjinin y\u00fczde 70\u2019ini g\u00fcne\u015ften elde edece\u011fiz. Ayr\u0131ca yenilenebilir enerji ile enerjisi sa\u011flanan ye\u015fil \u015farj istasyonlar\u0131 kuraca\u011f\u0131z. Ard\u0131ndan ara\u00e7 filomuzu elektrikli olarak yenileyecek ve bununla birlikte Belediyemiz mobilitesinde kullan\u0131lan yak\u0131tlar\u0131n karbon emisyonunu da d\u00fc\u015f\u00fcrece\u011fiz.\u201d diye konu\u015ftu.<br \/>\n\u201cSECAP kapsam\u0131nda 2050 y\u0131l\u0131 karbon n\u00f6tr emisyon eylemlerini haz\u0131rlayan T\u00fcrkiye&#8217;deki ilk il\u00e7e belediyesi olduk\u201d<br \/>\nEkoloji konusunda T\u00fcrkiye\u2019de ilklere imza att\u0131klar\u0131n\u0131 ve \u00f6rnek \u00e7al\u0131\u015fmalar yapt\u0131klar\u0131n\u0131 kaydeden Yeni\u015fehir Belediye Ba\u015fkan\u0131 Abdullah \u00d6zyi\u011fit, \u201c2020 y\u0131l\u0131nda \u0130klim ve Enerji \u0130\u00e7in Avrupa Belediye Ba\u015fkanlar\u0131 S\u00f6zle\u015fmesi(Covenant of Mayors)\u2019ne imza att\u0131k. Bu imzay\u0131 atan T\u00fcrkiye\u2019deki 19. belediye olduk. Bu imzan\u0131n alt\u0131n\u0131 doldurduk, \u00f6nemli \u00e7al\u0131\u015fmalar yapt\u0131k. Ara\u015ft\u0131rma ve Geli\u015ftirme (Ar-Ge) M\u00fcd\u00fcrl\u00fc\u011f\u00fcm\u00fcz\u00fc kurduk. S\u00fcrd\u00fcr\u00fclebilir Enerji ve \u0130klim De\u011fi\u015fikli\u011fine Uyum Eylem Plan\u0131 (SECAP) kapsam\u0131nda 2050 y\u0131l\u0131 karbon n\u00f6tr emisyon eylemlerini haz\u0131rlayan T\u00fcrkiye&#8217;deki ilk il\u00e7e belediyesi olduk. Yeni\u015fehir\u2019imizi bilimsel temeller \u00fczerinde ileriye ta\u015f\u0131yaca\u011f\u0131z. SECAP 2030 hedefimizi i\u00e7eren plan\u0131m\u0131z Covenant of Mayors\u2019un resmi internet sitesinde yay\u0131mland\u0131. 2050 hedeflerimizi i\u00e7eren yol haritam\u0131z da \u00f6n\u00fcm\u00fczdeki g\u00fcnlerde yay\u0131mlanacak. Bu eylem plan\u0131nda b\u00fcy\u00fck bir koordinasyon kurduk, t\u00fcm birimlerimiz \u00e7al\u0131\u015fmalar\u0131n\u0131 bu temel \u00fczerinde yapacak. \u00d6rne\u011fin bir yerde bir imar uygulamas\u0131 yap\u0131lacaksa bu, SECAP s\u00fcrecinde tarif edilen \u015fekilde yap\u0131lacak. \u0130ki noktada elektrikli ara\u00e7 \u015farj istasyonu kurduk. T\u00fcm ara\u00e7lar\u0131m\u0131z\u0131n elektrikli olmas\u0131 konusunda bir davran\u0131\u015f sergileyece\u011fiz. Yani biz \u00f6nc\u00fc olmaya devam edece\u011fiz. D\u00fcnya Sa\u011fl\u0131k \u00d6rg\u00fct\u00fc taraf\u0131ndan ba\u015flat\u0131lan ve kentte ya\u015fayan vatanda\u015flar\u0131n fiziki, \u00e7evresel ve psikolojik refah\u0131n\u0131 geli\u015ftirmeyi ama\u00e7layan, Sa\u011fl\u0131kl\u0131 Kentler Birli\u011fine \u00fcye olduk. Yeni\u015fehir Belediyesi olarak 32 mahallemizin tamam\u0131nda Kent Sa\u011fl\u0131\u011f\u0131 Ara\u015ft\u0131rmas\u0131 y\u00fcr\u00fctt\u00fck ve Yeni\u015fehir\u2019imizin Kent Sa\u011fl\u0131k Profili\u2019ni olu\u015fturduk.\u201d dedi.<br \/>\n\u201cKentimizin dijital ikizini olu\u015fturduk.\u201d<br \/>\nAk\u0131ll\u0131 \u015fehircilik \u00e7al\u0131\u015fmalar\u0131 hakk\u0131nda bilgi veren Ba\u015fkan \u00d6zyi\u011fit, \u201c\u00c7evre \u015eehircilik ve \u0130klim De\u011fi\u015fikli\u011fi Bakanl\u0131\u011f\u0131n\u0131n be\u015f y\u0131lda yapt\u0131\u011f\u0131, bir kentin ak\u0131ll\u0131 \u015fehir kabiliyetleri de\u011ferlendirilerek olgunluk seviyesinin tespit edildi\u011fi ve olgunluk seviyesinin iyile\u015ftirilmesi i\u00e7in \u00f6neriler sunuldu\u011fu Ak\u0131ll\u0131 \u015eehir Olgunluk De\u011ferlendirme Modeli\u2019ne kat\u0131lan T\u00fcrkiye\u2019deki ilk il\u00e7e belediyesi olduk. Mersin Yeni\u015fehir Belediyesi Ak\u0131ll\u0131 \u015eehirler Stratejik Plan 2030\u2019u haz\u0131rlad\u0131k.  Kentimizin dijital ikizini olu\u015fturduk. Bu model ile sim\u00fclasyonlar ger\u00e7ekle\u015ftirecek, projeler ile il\u00e7emizin ger\u00e7ek i\u015fleyi\u015fi, altyap\u0131s\u0131 ve kaynaklar\u0131 dijital ortamda canland\u0131raca\u011f\u0131z.\u201d \u015feklinde konu\u015ftu.<br \/>\nYeni\u015fehir Belediyesi LEED Sertifikal\u0131 binalar\u0131 te\u015fvik etti<br \/>\nYeni\u015fehir Belediyesi olarak ye\u015fil binalar\u0131n in\u015fa edilmesi i\u00e7in \u00f6nc\u00fcl\u00fck ettiklerini dile getiren Ba\u015fkan Abdullah \u00d6zyi\u011fit, \u201c2021 y\u0131l\u0131nda Beceri Temelli E\u011fitim Merkezi(BETEM)\u2019mizi \u00e7evre dostu binalara verilen LEED Sertifikas\u0131\u2019na uygun olarak in\u015fa ettik. \u015eu anda gold seviyesinde ama orada enerjiyi g\u00fcne\u015ften elde edece\u011fiz ve sertifikay\u0131 platin seviyesine y\u00fckseltece\u011fiz. Ya\u015fad\u0131\u011f\u0131m\u0131z deprem felaketi hala haf\u0131zalar\u0131m\u0131zda. Depremden sonra vatanda\u015flar nas\u0131l bir binada oturdu\u011funu sormaya ba\u015flad\u0131. Herkes g\u00fcvende olup olmad\u0131\u011f\u0131n\u0131 do\u011fal olarak bilmek istiyor. LEED Sertifikal\u0131 binam\u0131z bir \u00f6rnek oldu. Ard\u0131ndan bunu te\u015fvik etmeye ba\u015flad\u0131k. 15 kat \u00fcst\u00fc binalarda LEED Sertifikas\u0131\u2019n\u0131 zorunlu hale getirdik. Maliyeti y\u00fczde 7-8 art\u0131rabiliyor ancak kalite ve s\u00fcrd\u00fcrebilir olma noktas\u0131nda b\u00fcy\u00fck katk\u0131lar sa\u011fl\u0131yor. Kentimizde 20\u2019ye yak\u0131n proje LEED Sertifikas\u0131\u2019na uygun olarak yap\u0131l\u0131yor. S\u00fcrd\u00fcr\u00fclebilirlik konusunda ortak bir bak\u0131\u015f\u0131n hakim olmas\u0131 gerekiyor. Bilim ve teknolojiden uzakla\u015fmadan bilimsel temeler \u00e7er\u00e7evesinde \u00e7al\u0131\u015fmaya devam edece\u011fiz.\u201d ifadelerini kulland\u0131. <\/p>\n","protected":false},"excerpt":{"rendered":"<p>Mersin Yeni\u015fehir Belediyesi taraf\u0131ndan bu y\u0131l ikincisi d\u00fczenlenen Enerji G\u00fcnleri\u2019nde konu\u015fan Yeni\u015fehir Belediye Ba\u015fkan\u0131 Abdullah \u00d6zyi\u011fit, Belediye olarak kulland\u0131klar\u0131 enerjinin y\u00fczde 70\u2019ini g\u00fcne\u015ften elde edecekleri projeyi k\u0131sa s\u00fcrede hayata ge\u00e7ireceklerini &hellip; <a href=\"https:\/\/akdenizolaygazetesi.com\/?p=29363\" class=\"more-link\">Devam\u0131n\u0131 Oku&#8230;<\/a><\/p>\n","protected":false},"author":2,"featured_media":29364,"comment_status":"open","ping_status":"open","sticky":false,"template":"","format":"standard","meta":[],"categories":[3,5,11],"tags":[],"_links":{"self":[{"href":"https:\/\/akdenizolaygazetesi.com\/index.php?rest_route=\/wp\/v2\/posts\/29363"}],"collection":[{"href":"https:\/\/akdenizolaygazetesi.com\/index.php?rest_route=\/wp\/v2\/posts"}],"about":[{"href":"https:\/\/akdenizolaygazetesi.com\/index.php?rest_route=\/wp\/v2\/types\/post"}],"author":[{"embeddable":true,"href":"https:\/\/akdenizolaygazetesi.com\/index.php?rest_route=\/wp\/v2\/users\/2"}],"replies":[{"embeddable":true,"href":"https:\/\/akdenizolaygazetesi.com\/index.php?rest_route=%2Fwp%2Fv2%2Fcomments&post=29363"}],"version-history":[{"count":1,"href":"https:\/\/akdenizolaygazetesi.com\/index.php?rest_route=\/wp\/v2\/posts\/29363\/revisions"}],"predecessor-version":[{"id":29365,"href":"https:\/\/akdenizolaygazetesi.com\/index.php?rest_route=\/wp\/v2\/posts\/29363\/revisions\/29365"}],"wp:featuredmedia":[{"embeddable":true,"href":"https:\/\/akdenizolaygazetesi.com\/index.php?rest_route=\/wp\/v2\/media\/29364"}],"wp:attachment":[{"href":"https:\/\/akdenizolaygazetesi.com\/index.php?rest_route=%2Fwp%2Fv2%2Fmedia&parent=29363"}],"wp:term":[{"taxonomy":"category","embeddable":true,"href":"https:\/\/akdenizolaygazetesi.com\/index.php?rest_route=%2Fwp%2Fv2%2Fcategories&post=29363"},{"taxonomy":"post_tag","embeddable":true,"href":"https:\/\/akdenizolaygazetesi.com\/index.php?rest_route=%2Fwp%2Fv2%2Ftags&post=29363"}],"curies":[{"name":"wp","href":"https:\/\/api.w.org\/{rel}","templated":true}]}}