{"id":29383,"date":"2024-01-12T13:11:41","date_gmt":"2024-01-12T10:11:41","guid":{"rendered":"http:\/\/akdenizolaygazetesi.com\/?p=29383"},"modified":"2024-01-12T13:11:41","modified_gmt":"2024-01-12T10:11:41","slug":"mersin-buyuksehir-35-farkli-noktada-15-bin-kandil-simidi-dagitti","status":"publish","type":"post","link":"https:\/\/akdenizolaygazetesi.com\/?p=29383","title":{"rendered":"MERS\u0130N B\u00dcY\u00dcK\u015eEH\u0130R 35 FARKLI NOKTADA 15 B\u0130N KAND\u0130L S\u0130M\u0130D\u0130 DA\u011eITTI"},"content":{"rendered":"<p>Mersin B\u00fcy\u00fck\u015fehir Belediyesi, 3 aylar\u0131n ba\u015flang\u0131c\u0131 olan &#8216;Regaip Kandili&#8217; dolay\u0131s\u0131yla, kent genelindeki cami \u00f6nlerinde ve Mersin B\u00fcy\u00fck\u015fehir taraf\u0131ndan belirlenen da\u011f\u0131t\u0131m noktalar\u0131nda vatanda\u015flara kandil simidi da\u011f\u0131tt\u0131. B\u00fcy\u00fck\u015fehir ekipleri taraf\u0131ndan Regaip Kandili&#8217;nde kent genelinde, toplam 15 bin kandil simidi da\u011f\u0131t\u0131m\u0131 yap\u0131ld\u0131.<\/p>\n<p>35 farkl\u0131 noktada 15 bin kandil simidi ikram\u0131<\/p>\n<p>Sosyal Hizmetler Dairesi Ba\u015fkanl\u0131\u011f\u0131 ile Muhtarl\u0131k \u0130\u015fleri Dairesi Ba\u015fkanl\u0131\u011f\u0131 taraf\u0131ndan merkez il\u00e7eler ba\u015fta olmak \u00fczere; Tarsus, \u00c7aml\u0131yayla, Silifke, Anamur, Bozyaz\u0131, G\u00fclnar, Ayd\u0131nc\u0131k, Erdemli ve Mut&#8217;ta 30 cami \u00f6n\u00fcne stantlar kuruldu. Ekipler ayr\u0131ca daha fazla vatanda\u015fa ula\u015fabilmek ad\u0131na Forum Platin Ma\u011fazas\u0131 \u00d6n\u00fc, Yo\u011furt Pazar\u0131, Mezitli Bankalar \u00d6n\u00fc, Toroslar Karayollar\u0131 Kav\u015fa\u011f\u0131 ve Eshab-\u0131 Kehf&#8217;de de belirlenen noktalara stantlar kurarak da\u011f\u0131t\u0131m ger\u00e7ekle\u015ftirdi.<\/p>\n<p>Ekipler vatanda\u015flar\u0131n kandilini kutlayarak, B\u00fcy\u00fck\u015fehir taraf\u0131ndan haz\u0131rlanan kandil simitlerini ikram etti. B\u00fcy\u00fck\u015fehir taraf\u0131ndan 13 il\u00e7ede toplam 15 bin adet kandil simidi da\u011f\u0131t\u0131ld\u0131.  Vatanda\u015flar da, her kandil oldu\u011fu gibi bu kandilde de kendilerini unutmayan B\u00fcy\u00fck\u015fehir Belediyesi&#8217;ne te\u015fekk\u00fcrlerini iletirken, simit da\u011f\u0131t\u0131m\u0131 yap\u0131lmas\u0131ndan dolay\u0131 duyduklar\u0131 memnuniyeti de dile getirdiler.<\/p>\n<p>Arslan: &#8220;B\u00f6yle g\u00fcnlerde vatanda\u015flar\u0131n hat\u0131rlanmalar\u0131, kendilerine dokunulmas\u0131 son derece mutluluk verici&#8221;<\/p>\n<p>Sosyal Hizmetler Dairesi Ba\u015fkanl\u0131\u011f\u0131&#8217;ndan G\u00fcl\u015fah Arslan da\u011f\u0131t\u0131m hakk\u0131nda bilgi vererek, &#8220;Her kandilde oldu\u011fu gibi Regaip Kandili&#8217;nde, vatanda\u015flar\u0131m\u0131za kandil simidimizi da\u011f\u0131t\u0131yoruz. Mersin&#8217;in 13 il\u00e7esinde 30&#8217;u cami, 5&#8217;i farkl\u0131 da\u011f\u0131t\u0131m noktalar\u0131 olmak \u00fczere 35 ayr\u0131 noktada vatanda\u015flar\u0131m\u0131za kandil simitlerini verip, Vahap Ba\u015fkan\u0131m\u0131z\u0131n sevgi ve selamlar\u0131n\u0131 iletiyoruz. Vatanda\u015flar\u0131m\u0131z ger\u00e7ekten son derece mutlu ve hizmetten olduk\u00e7a memnunlar. B\u00f6yle g\u00fcnlerde onlar\u0131n hat\u0131rlanmalar\u0131, \u00f6zel g\u00fcnlerde kendilerine dokunulmas\u0131 son derece mutluluk verici&#8221; dedi.<\/p>\n<p>Vatanda\u015flar b\u00f6yle g\u00fcnlerde hat\u0131rlanmaktan dolay\u0131 memnuniyet duyuyor<\/p>\n<p>B\u00fcy\u00fck\u015fehir&#8217;in da\u011f\u0131t\u0131m\u0131n\u0131 yapt\u0131\u011f\u0131 kandil simidinden alan emekli \u00f6\u011fretmen Nermin \u00d6m\u00fcr, da\u011f\u0131t\u0131m hakk\u0131nda duydu\u011fu memnuniyeti dile getirerek, &#8220;Belediyemiz g\u00fczel \u00e7al\u0131\u015fmalar yap\u0131yor. Vahap Ba\u015fkan\u0131m\u0131z\u0131n \u00e7al\u0131\u015fmalar\u0131ndan zaten memnunuz. Sahilde spor etkinliklerimiz oluyor, emekli kad\u0131nlar i\u00e7in \u00e7e\u015fitli kurslar veriliyor, geziler d\u00fczenleniyor. Milletimizin Regaip Kandili m\u00fcbarek olsun&#8221; diye konu\u015ftu.<\/p>\n<p>Kandil simidinden alan 14 ya\u015f\u0131ndaki Damla Aslanyavrusu da, &#8220;Da\u011f\u0131t\u0131m bence \u00e7ok g\u00fczel. Hem dinimizce, hem insanl\u0131k\u00e7a, yani halk i\u00e7in de \u00e7ok g\u00fczel bir \u015fey. \u015eehrimde b\u00f6yle bir \u015fey g\u00f6r\u00fcnce ben \u00e7ok mutlu oldum. Buradan Ba\u015fkan\u0131m\u0131za te\u015fekk\u00fcr ediyoruz. Herkesin Kandil&#8217;i m\u00fcbarek olsun. \u0130n\u015fallah daha g\u00fczel, nice bar\u0131\u015f i\u00e7inde bir d\u00fcnyada kutlar\u0131z&#8221; ifadelerini kulland\u0131.<\/p>\n<p>Vatanda\u015flardan Asuman Ba\u015fka\u015f ise Mersin B\u00fcy\u00fck\u015fehir Belediye Ba\u015fkan\u0131 Vahap Se\u00e7er&#8217;e te\u015fekk\u00fcrlerini ileterek, &#8220;Herkese hay\u0131rl\u0131 kandiller diliyorum. Bu da\u011f\u0131t\u0131m \u00e7ok g\u00fczel ve in\u015fallah b\u00f6yle devam eder. Ba\u015fkan\u0131m\u0131zdan memnunuz. Yolu a\u00e7\u0131k olsun&#8221; dedi.<\/p>\n","protected":false},"excerpt":{"rendered":"<p>Mersin B\u00fcy\u00fck\u015fehir Belediyesi, 3 aylar\u0131n ba\u015flang\u0131c\u0131 olan &#8216;Regaip Kandili&#8217; dolay\u0131s\u0131yla, kent genelindeki cami \u00f6nlerinde ve Mersin B\u00fcy\u00fck\u015fehir taraf\u0131ndan belirlenen da\u011f\u0131t\u0131m noktalar\u0131nda vatanda\u015flara kandil simidi da\u011f\u0131tt\u0131. B\u00fcy\u00fck\u015fehir ekipleri taraf\u0131ndan Regaip Kandili&#8217;nde &hellip; <a href=\"https:\/\/akdenizolaygazetesi.com\/?p=29383\" class=\"more-link\">Devam\u0131n\u0131 Oku&#8230;<\/a><\/p>\n","protected":false},"author":2,"featured_media":29384,"comment_status":"open","ping_status":"open","sticky":false,"template":"","format":"standard","meta":[],"categories":[1,2,3],"tags":[],"_links":{"self":[{"href":"https:\/\/akdenizolaygazetesi.com\/index.php?rest_route=\/wp\/v2\/posts\/29383"}],"collection":[{"href":"https:\/\/akdenizolaygazetesi.com\/index.php?rest_route=\/wp\/v2\/posts"}],"about":[{"href":"https:\/\/akdenizolaygazetesi.com\/index.php?rest_route=\/wp\/v2\/types\/post"}],"author":[{"embeddable":true,"href":"https:\/\/akdenizolaygazetesi.com\/index.php?rest_route=\/wp\/v2\/users\/2"}],"replies":[{"embeddable":true,"href":"https:\/\/akdenizolaygazetesi.com\/index.php?rest_route=%2Fwp%2Fv2%2Fcomments&post=29383"}],"version-history":[{"count":1,"href":"https:\/\/akdenizolaygazetesi.com\/index.php?rest_route=\/wp\/v2\/posts\/29383\/revisions"}],"predecessor-version":[{"id":29385,"href":"https:\/\/akdenizolaygazetesi.com\/index.php?rest_route=\/wp\/v2\/posts\/29383\/revisions\/29385"}],"wp:featuredmedia":[{"embeddable":true,"href":"https:\/\/akdenizolaygazetesi.com\/index.php?rest_route=\/wp\/v2\/media\/29384"}],"wp:attachment":[{"href":"https:\/\/akdenizolaygazetesi.com\/index.php?rest_route=%2Fwp%2Fv2%2Fmedia&parent=29383"}],"wp:term":[{"taxonomy":"category","embeddable":true,"href":"https:\/\/akdenizolaygazetesi.com\/index.php?rest_route=%2Fwp%2Fv2%2Fcategories&post=29383"},{"taxonomy":"post_tag","embeddable":true,"href":"https:\/\/akdenizolaygazetesi.com\/index.php?rest_route=%2Fwp%2Fv2%2Ftags&post=29383"}],"curies":[{"name":"wp","href":"https:\/\/api.w.org\/{rel}","templated":true}]}}