{"id":29386,"date":"2024-01-15T12:57:33","date_gmt":"2024-01-15T09:57:33","guid":{"rendered":"http:\/\/akdenizolaygazetesi.com\/?p=29386"},"modified":"2024-01-15T12:57:33","modified_gmt":"2024-01-15T09:57:33","slug":"uretici-kadinlar-gelir-kapilarini-buyuksehirle-aciyor","status":"publish","type":"post","link":"https:\/\/akdenizolaygazetesi.com\/?p=29386","title":{"rendered":"\u00dcRET\u0130C\u0130 KADINLAR GEL\u0130R KAPILARINI B\u00dcY\u00dcK\u015eEH\u0130R&#8217;LE A\u00c7IYOR"},"content":{"rendered":"<p>Mersin B\u00fcy\u00fck\u015fehir Belediyesi, \u00fcretici kad\u0131nlar\u0131 desteklemeye ve ba\u015flatt\u0131klar\u0131 k\u00fc\u00e7\u00fck \u00fcretim yolculu\u011funu b\u00fcy\u00fcterek d\u00fcnyaya a\u00e7\u0131lmas\u0131na olanak sa\u011flamaya devam ediyor. Evinde \u00fcretti\u011fi sabunlar\u0131 B\u00fcy\u00fck\u015fehir&#8217;le tan\u0131\u015ft\u0131ktan sonra farkl\u0131 illere ve ard\u0131ndan yurtd\u0131\u015f\u0131na pazarlayan Do\u011fal Sabun \u00dcreticisi T\u00fclin Evren, B\u00fcy\u00fck\u015fehir&#8217;in hayat\u0131n\u0131 de\u011fi\u015ftirdi\u011fi ve gelir kap\u0131s\u0131n\u0131 aralad\u0131\u011f\u0131 \u00fcretici kad\u0131nlardan yaln\u0131zca biri. Hobi olarak ba\u015flad\u0131\u011f\u0131 i\u015fi \u00f6nce kazanca \u00e7eviren, ard\u0131ndan da B\u00fcy\u00fck\u015fehir&#8217;in stantlar\u0131nda yer alarak bir marka haline getiren Evren, B\u00fcy\u00fck\u015fehir&#8217;in stantlar\u0131ndan festivallerine bir\u00e7ok organizasyonunda sat\u0131\u015f yaparak markas\u0131n\u0131 d\u00fcnyan\u0131n farkl\u0131 \u00fclkelerine dahi tan\u0131tman\u0131n mutlulu\u011funu ya\u015f\u0131yor.<\/p>\n<p>B\u00fcy\u00fck\u015fehir&#8217;in bir\u00e7ok organizasyonunda stant a\u00e7arak kazan\u00e7 sa\u011flayan T\u00fclin Evren&#8217;in son adresi ge\u00e7ti\u011fimiz aylarda hizmete a\u00e7\u0131lan Trafik Park oldu. \u00d6zellikle hafta sonlar\u0131 ailelerin u\u011frak noktas\u0131 olan Trafik Park&#8217;ta do\u011fal ve temiz i\u00e7erikli sabunlar\u0131n sat\u0131\u015f\u0131n\u0131 yapan T\u00fclin Evren, evinde hobi olarak ba\u015flad\u0131\u011f\u0131 \u00fcretim hikayesinin yolculu\u011funu anlatt\u0131.<\/p>\n<p>&#8220;B\u00fcy\u00fck\u015fehir \u00fcretici kad\u0131nlara \u00e7ok b\u00fcy\u00fck destek oluyor&#8221;<\/p>\n<p>Pandemi s\u00fcrecinde evinde sabun \u00fcretimine ba\u015flad\u0131\u011f\u0131n\u0131 aktaran Evren, online olarak sabun \u00fcretimi e\u011fitimi ald\u0131\u011f\u0131n\u0131 ve ard\u0131ndan da uygulamal\u0131 olarak ald\u0131\u011f\u0131 e\u011fitimlerle \u00fcretim yolculu\u011funda profesyonel bir ad\u0131m att\u0131\u011f\u0131n\u0131 anlatt\u0131. \u0130lk ba\u015flarda hobi olarak \u00fcretim yapt\u0131\u011f\u0131n\u0131 ancak sonras\u0131nda yak\u0131n \u00e7evresinin deste\u011fi ile sat\u0131\u015fa ba\u015flad\u0131\u011f\u0131n\u0131 belirten Evren, &#8220;Kullananlar \u00e7ok memnun kald\u0131. \u0130\u00e7eri\u011fi tamamen do\u011fal, kimyasal katk\u0131 maddesi yok, renklerinde bile bitki k\u00f6kleri ve g\u0131da boyalar\u0131 kulland\u0131m. Tamamen do\u011fal. Sa\u00e7a ve cilde faydal\u0131. Ticaret benim hi\u00e7 akl\u0131mda yoktu. Yak\u0131n arkada\u015flar\u0131m\u0131n &#8216;Bunu hayata ge\u00e7irmen, satman laz\u0131m, herkese tan\u0131tman laz\u0131m&#8217; demesiyle ufak ufak sat\u0131\u015f ba\u015flad\u0131. Sonras\u0131nda B\u00fcy\u00fck\u015fehir ile yolumuz kesi\u015fti. B\u00fcy\u00fck\u015fehir \u00fcretici kad\u0131nlara \u00e7ok b\u00fcy\u00fck destek oluyor. Belediye ile tan\u0131\u015ft\u0131k. Belediyenin \u00fcretici kad\u0131n stantlar\u0131nda yer almaya ba\u015flad\u0131m. Mersin&#8217;de sahilde, Tarsus&#8217;ta, il\u00e7elerde stantlar kurulmaya ba\u015fland\u0131. Onlara kat\u0131lmaya ba\u015flad\u0131m. Bu \u015fekilde yava\u015f yava\u015f ismimi duyurmaya ba\u015flad\u0131m&#8221; dedi.<\/p>\n<p>&#8220;B\u00fcy\u00fck\u015fehir&#8217;le tan\u0131\u015fmak benim i\u00e7in bir d\u00f6n\u00fcm noktas\u0131 oldu&#8221;<\/p>\n<p>T\u00fcrkiye&#8217;nin farkl\u0131 illerinde m\u00fc\u015fterileri oldu\u011funu daha sonras\u0131nda yurtd\u0131\u015f\u0131na a\u00e7\u0131ld\u0131\u011f\u0131n\u0131 s\u00f6yleyen Evren, kullanan herkesin \u00e7ok memnun kald\u0131\u011f\u0131n\u0131 ve geri d\u00f6n\u00fc\u015flerin \u00e7ok g\u00fczel oldu\u011funu ifade ederek, \u00e7ok fazla talep ald\u0131\u011f\u0131n\u0131 ve sat\u0131\u015flar\u0131n \u00e7ok iyi gitti\u011fini vurgulad\u0131. B\u00fcy\u00fck\u015fehir&#8217;le tan\u0131\u015fman\u0131n kendisi i\u00e7in bir d\u00f6n\u00fcm noktas\u0131 oldu\u011funa i\u015faret eden Evren, &#8220;B\u00fcy\u00fck\u015fehir&#8217;in hem maddi hem de manevi anlamda b\u00fcy\u00fck katk\u0131s\u0131 oldu bana. Getirisi de \u00e7ok g\u00fczel oldu. Tarsus&#8217;ta ve Mersin&#8217;de yap\u0131lan festivallere kat\u0131l\u0131yorum. Uluslararas\u0131 Tarsus Festivali&#8217;ne de kat\u0131ld\u0131m. Ge\u00e7en seneki Kleopatra y\u0131l\u0131yd\u0131. Bu y\u0131l \u015eahmeran y\u0131l\u0131yd\u0131. Bu sene ona da kat\u0131ld\u0131m. G\u00fczel ge\u00e7ti, sonu\u00e7lar\u0131 g\u00fczel, memnunum&#8221; diye konu\u015ftu.<\/p>\n<p>&#8220;Azra Naturel&#8217;i Azra Naturel&#8217;i yapan B\u00fcy\u00fck\u015fehir Belediyesi oldu. B\u00fcy\u00fck katk\u0131s\u0131 var&#8221; diyen Evren, B\u00fcy\u00fck\u015fehir&#8217;in kad\u0131nlar\u0131 desteklemesinin \u00e7ok gurur verici oldu\u011fundan s\u00f6z ederek, &#8220;Benim gibi o kadar \u00e7ok kad\u0131n var ki. Bir \u015fekilde kendini belki g\u00f6steremeyen, hala evinde \u00fcreten, belediyenin katk\u0131lar\u0131yla evinde \u00fcretmeyi b\u0131rak\u0131p at\u00f6lyelere ge\u00e7en \u00e7evremde arkada\u015flar\u0131m var, onlar ad\u0131na ben \u00e7ok mutluyum, \u00e7ok g\u00fczel ve gurur verici&#8221; ifadelerine yer verdi. Trafik Park&#8217;ta da g\u00fczel bir ortamda sat\u0131\u015f yapt\u0131\u011f\u0131n\u0131 s\u00f6yleyen Evren, desteklerinden dolay\u0131 B\u00fcy\u00fck\u015fehir&#8217;e te\u015fekk\u00fcrlerini iletti.<\/p>\n","protected":false},"excerpt":{"rendered":"<p>Mersin B\u00fcy\u00fck\u015fehir Belediyesi, \u00fcretici kad\u0131nlar\u0131 desteklemeye ve ba\u015flatt\u0131klar\u0131 k\u00fc\u00e7\u00fck \u00fcretim yolculu\u011funu b\u00fcy\u00fcterek d\u00fcnyaya a\u00e7\u0131lmas\u0131na olanak sa\u011flamaya devam ediyor. Evinde \u00fcretti\u011fi sabunlar\u0131 B\u00fcy\u00fck\u015fehir&#8217;le tan\u0131\u015ft\u0131ktan sonra farkl\u0131 illere ve ard\u0131ndan yurtd\u0131\u015f\u0131na pazarlayan &hellip; <a href=\"https:\/\/akdenizolaygazetesi.com\/?p=29386\" class=\"more-link\">Devam\u0131n\u0131 Oku&#8230;<\/a><\/p>\n","protected":false},"author":2,"featured_media":29387,"comment_status":"open","ping_status":"open","sticky":false,"template":"","format":"standard","meta":[],"categories":[1,2,3,5],"tags":[],"_links":{"self":[{"href":"https:\/\/akdenizolaygazetesi.com\/index.php?rest_route=\/wp\/v2\/posts\/29386"}],"collection":[{"href":"https:\/\/akdenizolaygazetesi.com\/index.php?rest_route=\/wp\/v2\/posts"}],"about":[{"href":"https:\/\/akdenizolaygazetesi.com\/index.php?rest_route=\/wp\/v2\/types\/post"}],"author":[{"embeddable":true,"href":"https:\/\/akdenizolaygazetesi.com\/index.php?rest_route=\/wp\/v2\/users\/2"}],"replies":[{"embeddable":true,"href":"https:\/\/akdenizolaygazetesi.com\/index.php?rest_route=%2Fwp%2Fv2%2Fcomments&post=29386"}],"version-history":[{"count":1,"href":"https:\/\/akdenizolaygazetesi.com\/index.php?rest_route=\/wp\/v2\/posts\/29386\/revisions"}],"predecessor-version":[{"id":29388,"href":"https:\/\/akdenizolaygazetesi.com\/index.php?rest_route=\/wp\/v2\/posts\/29386\/revisions\/29388"}],"wp:featuredmedia":[{"embeddable":true,"href":"https:\/\/akdenizolaygazetesi.com\/index.php?rest_route=\/wp\/v2\/media\/29387"}],"wp:attachment":[{"href":"https:\/\/akdenizolaygazetesi.com\/index.php?rest_route=%2Fwp%2Fv2%2Fmedia&parent=29386"}],"wp:term":[{"taxonomy":"category","embeddable":true,"href":"https:\/\/akdenizolaygazetesi.com\/index.php?rest_route=%2Fwp%2Fv2%2Fcategories&post=29386"},{"taxonomy":"post_tag","embeddable":true,"href":"https:\/\/akdenizolaygazetesi.com\/index.php?rest_route=%2Fwp%2Fv2%2Ftags&post=29386"}],"curies":[{"name":"wp","href":"https:\/\/api.w.org\/{rel}","templated":true}]}}