{"id":29392,"date":"2024-01-15T13:00:30","date_gmt":"2024-01-15T10:00:30","guid":{"rendered":"http:\/\/akdenizolaygazetesi.com\/?p=29392"},"modified":"2024-01-15T13:00:30","modified_gmt":"2024-01-15T10:00:30","slug":"yanan-sahamizda-agaclandirma-calismamizi-tamamladik","status":"publish","type":"post","link":"https:\/\/akdenizolaygazetesi.com\/?p=29392","title":{"rendered":"Yanan Saham\u0131zda A\u011fa\u00e7land\u0131rma \u00c7al\u0131\u015fmam\u0131z\u0131 Tamamlad\u0131k"},"content":{"rendered":"<p>Mersin Orman B\u00f6lge M\u00fcd\u00fcrl\u00fc\u011f\u00fcne ba\u011fl\u0131 G\u00fclnar Orman \u0130\u015fletme M\u00fcd\u00fcrl\u00fc\u011f\u00fc, Korucuk \u015eefli\u011fi Kavakolu\u011fu sahas\u0131nda \u00e7\u0131kan orman yang\u0131n\u0131nda, yanan alanlarda a\u011fa\u00e7land\u0131rma \u00e7al\u0131\u015fmalar\u0131 tamamland\u0131. Yanan orman alan\u0131 y\u0131l\u0131 i\u00e7inde a\u011fa\u00e7land\u0131r\u0131ld\u0131.<br \/>\nG\u00fclnar Orman \u0130\u015fletme M\u00fcd\u00fcrl\u00fc\u011f\u00fcne ba\u011fl\u0131 Korucuk sahas\u0131nda, 16 Temmuz 2023 tarihinde \u00e7\u0131kan orman yang\u0131n\u0131nda 817 hektar alan zarar g\u00f6rd\u00fc.<br \/>\nYang\u0131n sonras\u0131nda ye\u015fil vatan a\u015fk\u0131yla yanan sahalar\u0131m\u0131z\u0131 tekrar ye\u015fertmek ad\u0131na t\u00fcm g\u00fcc\u00fcm\u00fczle toprak i\u015fleme ve fidan dikim i\u015flerimizi tamamlad\u0131k. A\u011fa\u00e7land\u0131rma \u00e7al\u0131\u015fmalar\u0131nda y\u00f6rede ya\u015fayan halk\u0131m\u0131za gelir getirici ve yang\u0131na dayan\u0131kl\u0131 t\u00fcr olarak, Ke\u00e7i Boynuzu (Harnup) dikilmi\u015ftir.<br \/>\n\u00c7al\u0131\u015fmalar\u0131 yerinde inceleyen Mersin Orman B\u00f6lge M\u00fcd\u00fcr\u00fc Mustafa Yal\u00e7\u0131n\u2019a, G\u00fclnar Orman \u0130\u015fletme M\u00fcd\u00fcr\u00fc Serdar Karaca ve i\u015fletme \u015fefleri e\u015flik etti. \u00c7al\u0131\u015fmalardan duydu\u011fu memnuniyeti dile getiren Yal\u00e7\u0131n, eme\u011fi ge\u00e7en herkese te\u015fekk\u00fcr etti.<\/p>\n","protected":false},"excerpt":{"rendered":"<p>Mersin Orman B\u00f6lge M\u00fcd\u00fcrl\u00fc\u011f\u00fcne ba\u011fl\u0131 G\u00fclnar Orman \u0130\u015fletme M\u00fcd\u00fcrl\u00fc\u011f\u00fc, Korucuk \u015eefli\u011fi Kavakolu\u011fu sahas\u0131nda \u00e7\u0131kan orman yang\u0131n\u0131nda, yanan alanlarda a\u011fa\u00e7land\u0131rma \u00e7al\u0131\u015fmalar\u0131 tamamland\u0131. Yanan orman alan\u0131 y\u0131l\u0131 i\u00e7inde a\u011fa\u00e7land\u0131r\u0131ld\u0131. G\u00fclnar Orman \u0130\u015fletme &hellip; <a href=\"https:\/\/akdenizolaygazetesi.com\/?p=29392\" class=\"more-link\">Devam\u0131n\u0131 Oku&#8230;<\/a><\/p>\n","protected":false},"author":2,"featured_media":29393,"comment_status":"open","ping_status":"open","sticky":false,"template":"","format":"standard","meta":[],"categories":[3],"tags":[],"_links":{"self":[{"href":"https:\/\/akdenizolaygazetesi.com\/index.php?rest_route=\/wp\/v2\/posts\/29392"}],"collection":[{"href":"https:\/\/akdenizolaygazetesi.com\/index.php?rest_route=\/wp\/v2\/posts"}],"about":[{"href":"https:\/\/akdenizolaygazetesi.com\/index.php?rest_route=\/wp\/v2\/types\/post"}],"author":[{"embeddable":true,"href":"https:\/\/akdenizolaygazetesi.com\/index.php?rest_route=\/wp\/v2\/users\/2"}],"replies":[{"embeddable":true,"href":"https:\/\/akdenizolaygazetesi.com\/index.php?rest_route=%2Fwp%2Fv2%2Fcomments&post=29392"}],"version-history":[{"count":1,"href":"https:\/\/akdenizolaygazetesi.com\/index.php?rest_route=\/wp\/v2\/posts\/29392\/revisions"}],"predecessor-version":[{"id":29394,"href":"https:\/\/akdenizolaygazetesi.com\/index.php?rest_route=\/wp\/v2\/posts\/29392\/revisions\/29394"}],"wp:featuredmedia":[{"embeddable":true,"href":"https:\/\/akdenizolaygazetesi.com\/index.php?rest_route=\/wp\/v2\/media\/29393"}],"wp:attachment":[{"href":"https:\/\/akdenizolaygazetesi.com\/index.php?rest_route=%2Fwp%2Fv2%2Fmedia&parent=29392"}],"wp:term":[{"taxonomy":"category","embeddable":true,"href":"https:\/\/akdenizolaygazetesi.com\/index.php?rest_route=%2Fwp%2Fv2%2Fcategories&post=29392"},{"taxonomy":"post_tag","embeddable":true,"href":"https:\/\/akdenizolaygazetesi.com\/index.php?rest_route=%2Fwp%2Fv2%2Ftags&post=29392"}],"curies":[{"name":"wp","href":"https:\/\/api.w.org\/{rel}","templated":true}]}}