{"id":29395,"date":"2024-01-15T13:02:53","date_gmt":"2024-01-15T10:02:53","guid":{"rendered":"http:\/\/akdenizolaygazetesi.com\/?p=29395"},"modified":"2024-01-15T13:02:53","modified_gmt":"2024-01-15T10:02:53","slug":"bilsemli-cocuklarin-ailelerinden-tam-not","status":"publish","type":"post","link":"https:\/\/akdenizolaygazetesi.com\/?p=29395","title":{"rendered":"\u201cB\u0130LSEM\u2019L\u0130 \u00c7OCUKLARIN A\u0130LELER\u0130NDEN TAM NOT\u201d"},"content":{"rendered":"<p>Akdeniz Belediyesi\u2019nin, 2020 y\u0131l\u0131 i\u00e7inde hayata ge\u00e7irdi\u011fi \u201cAkdeniz\u2019in Parlayan Y\u0131ld\u0131zlar\u0131\u201d projesi kapsam\u0131nda; Mersin \u00dcniversitesi&#8217;ne (ME\u00dc) ba\u011fl\u0131 Bilim ve Sanat Merkezi&#8217;nde (B\u0130LSEM) e\u011fitim alan zeki ve \u00fcst\u00fcn yetenekli Akdenizli \u00e7ocuklar\u0131n ebeveynleri; sunulan hizmetten memnuniyetlerini dile getirdi, \u00e7ocuklar\u0131n\u0131n ba\u015far\u0131s\u0131n\u0131 artt\u0131ran e\u011fitime ve sa\u011flanan t\u00fcm destek ve imk\u00e2nlara tam not verdi.<br \/>\nAkdeniz Belediye Ba\u015fkan\u0131 Mustafa G\u00fcltak, g\u00f6reve geldi\u011fi g\u00fcnden itibaren gen\u00e7lere ve \u00e7ocuklara \u00f6nem ve \u00f6ncelik veren hizmet ve projeleri tek tek hayata ge\u00e7irdi. Akdeniz\u2019in Parlayan Y\u0131ld\u0131zlar\u0131 projesiyle de Akdeniz\u2019de okuyan zeki ve \u00fcst\u00fcn yetenekli \u00f6\u011frencileri ME\u00dc\u2019ye ba\u011fl\u0131 Bilim ve Sanat Merkezi (B\u0130LSEM) ile bulu\u015fturmay\u0131 hedefleyen Ba\u015fkan G\u00fcltak, 2 olan B\u0130LSEM\u2019li say\u0131s\u0131n\u0131 52\u2019ye y\u00fckseltmeyi ba\u015fard\u0131. Projeyle \u00f6\u011frenciler B\u0130LSEM s\u0131navlar\u0131na y\u00f6nlendirilirken, aileler de verilen hizmetlere tam not verdi. B\u0130LSEM\u2019li \u00e7ocuklara maddi ve manevi destek de sa\u011flan\u0131rken, y\u0131l\u0131n baz\u0131 d\u00f6nemlerinde de geziye g\u00f6t\u00fcr\u00fcl\u00fcyorlar.<br \/>\n\u201cK\u0131z\u0131m okumay\u0131 \u00e7ok seviyor, her zaman daha ilerisini istiyor\u201d<br \/>\nB\u0130LSEM\u2019li \u00e7ocuklardan biri olan Hazal\u2019\u0131n annesi Suna Sakar, Akdeniz Belediyesi\u2019nden sosyal ve maddi destek ald\u0131klar\u0131n\u0131 s\u00f6yledi. K\u0131zlar\u0131na burs verildi\u011fini de belirten Sakar; \u201cK\u0131z\u0131m bu sayede baz\u0131 ihtiya\u00e7lar\u0131n\u0131 ald\u0131. Bu, bir k\u0131z \u00e7ocu\u011fu i\u00e7in \u00e7ok iyi bir \u015fey. K\u0131z\u0131m okumay\u0131 \u00e7ok seviyor. Her zaman daha ilerisini istiyor. \u015eu anda da derslerine odaklanm\u0131\u015f durumda. \u0130yi bir yere gelmek istiyor. Kendisinin ilk hedefi de fen lisesi. Bu imk\u00e2nlar\u0131 sundu\u011fu i\u00e7in Ba\u015fkan\u0131m\u0131za \u00e7ok te\u015fekk\u00fcr ederim. Bize verilen desteklerden \u00e7ok memnunuz. Mesela \u00f6n\u00fcm\u00fczdeki g\u00fcnlerde k\u0131z\u0131m Kapadokya gezisine gidecek. Ben hayat\u0131m boyunca hi\u00e7 gidemedim. O gidece\u011fi i\u00e7in ben mutluyum\u201d dedi.<br \/>\n\u201cAkdeniz Belediyesi sayesinde B\u0130LSEM\u2019li \u00f6\u011frenci say\u0131s\u0131 artt\u0131\u201d<br \/>\nBaba Ali R\u0131za Sakar ise B\u0130LSEM\u2019in k\u0131z\u0131na \u00e7ok art\u0131s\u0131 oldu\u011funu dile getirerek, \u201cDerslerin yan\u0131nda k\u0131z\u0131m sosyalle\u015fti. Her a\u00e7\u0131dan katk\u0131s\u0131 oldu. Biz \u00e7ocu\u011fumuzu iyi bir yerde g\u00f6rmek istiyoruz. Ben de k\u0131z\u0131m\u0131 doktor olarak g\u00f6rmek istiyorum. Ba\u015fkana \u00e7ok te\u015fekk\u00fcr ediyorum. B\u0130LSEM\u2019li \u00e7ocuklar\u0131m\u0131zla ilgileniyor. Hazal, ilk B\u0130LSEM\u2019e kat\u0131ld\u0131\u011f\u0131nda Akdeniz\u2019de 22 B\u0130LSEM\u2019li \u00f6\u011frenci vard\u0131, say\u0131 \u015fu an 52\u2019ye ula\u015ft\u0131. Belediyenin \u00e7al\u0131\u015fmalar\u0131 sayesinde s\u0131nava kat\u0131l\u0131m art\u0131nca B\u0130LSEM\u2019li \u00f6\u011frenci say\u0131s\u0131 da artt\u0131\u201d \u015feklinde konu\u015ftu. <\/p>\n<p>\u201cVerilen e\u011fitimler \u00e7ok iyi\u201d<br \/>\nB\u0130LSEM\u2019li Samir\u2019in annesi H\u00fclya \u00c7etin, B\u0130LSEM\u2019den ald\u0131klar\u0131 e\u011fitimim \u00e7ok iyi oldu\u011funu vurgulayarak, \u201cB\u0130LSEM\u2019e ba\u015flad\u0131ktan sonra \u00e7ocu\u011fum olaylara farkl\u0131 a\u00e7\u0131nda bakmaya ba\u015flad\u0131. Yani \u00e7ok iyi geldi. Derslerin yan\u0131nda \u00e7ocu\u011fum farkl\u0131 arkada\u015flar\u0131 oldu, sosyalle\u015fti. \u00c7ocuklar\u0131m\u0131z gezilere g\u00f6t\u00fcr\u00fcl\u00fcyor. Eme\u011fi ge\u00e7enlere \u00e7ok te\u015fekk\u00fcr ediyorum. Geziler, yard\u0131mlar ger\u00e7ekten \u00e7ok iyi. Se\u00e7imlerde de G\u00fcltak Ba\u015fkan\u0131 destekleyece\u011fiz\u201d ifadelerini kulland\u0131.<br \/>\n\u201cBana \u00e7ok katk\u0131 sundu, daha y\u00fckseldi\u201d<br \/>\n\u00d6\u011frenci Samir \u00c7etin de B\u0130LSEM\u2019e 4\u2019\u00fcnc\u00fc s\u0131n\u0131fta kat\u0131ld\u0131\u011f\u0131n\u0131 belirterek, \u201cS\u0131nav\u0131n oldu\u011funu duydum ve girdim. Ba\u015far\u0131l\u0131 olunca da B\u0130LSEM\u2019e kat\u0131ld\u0131m. Bilimi daha \u00e7ok sevmeye ba\u015flad\u0131m. \u00c7ok e\u011flenceli zamanlar ge\u00e7iriyoruz. Bir\u00e7ok sosyal aktiviteye kat\u0131l\u0131yoruz. E\u011fitim anlam\u0131nda da \u00e7ok katk\u0131s\u0131 oldu. \u00d6zellikle fen bilgisi konusunda bana \u00e7ok katk\u0131 sundu. Notlar\u0131m daha da y\u00fckseldi. \u0130n\u015fallah g\u00fczel bir liseye giderim. Verilen hizmetlerden \u00e7ok memnunuz. Bu hizmetlerin devam\u0131n\u0131 istiyoruz\u201d diye konu\u015ftu.<br \/>\n\u201cK\u0131z\u0131m B\u0130LSEM\u2019i \u00e7ok seviyor\u201d<br \/>\nKadriye Su adl\u0131 B\u0130LSEM\u2019li \u00f6\u011frencinin annesi \u0130slim Bozy\u0131lan ise, belediyeden ald\u0131klar\u0131 hizmetlerden \u00e7ok memnun olduklar\u0131n\u0131n alt\u0131n\u0131 \u00e7izerek, \u201cK\u0131z\u0131m B\u0130LSEM\u2019e kat\u0131l\u0131nca \u00e7ok \u015fey de\u011fi\u015fti. K\u0131z\u0131m\u0131n hayat\u0131na g\u00fczel \u015feyler katt\u0131. B\u0130LSEM\u2019i \u00e7ok seviyor. Sa\u011f olsun Mustafa G\u00fcltak Ba\u015fkan da desteklerini esirgemiyor. K\u0131z\u0131m\u0131n \u00e7al\u0131\u015fma masas\u0131 yoktu, getirdiler, okumas\u0131 i\u00e7in kitaplar verdiler. Bu destekler sayesinde k\u0131z\u0131m \u00e7ok de\u011fi\u015fti. Derslerine daha \u00e7ok \u00e7aba g\u00f6stermeye ba\u015flad\u0131. Ald\u0131\u011f\u0131 burslarla da kendine birikim yapt\u0131. Ben de k\u0131z\u0131m\u0131 ileride g\u00fczel bir yerde g\u00f6rmek istiyorum\u201d ifadelerini kulland\u0131.<\/p>\n","protected":false},"excerpt":{"rendered":"<p>Akdeniz Belediyesi\u2019nin, 2020 y\u0131l\u0131 i\u00e7inde hayata ge\u00e7irdi\u011fi \u201cAkdeniz\u2019in Parlayan Y\u0131ld\u0131zlar\u0131\u201d projesi kapsam\u0131nda; Mersin \u00dcniversitesi&#8217;ne (ME\u00dc) ba\u011fl\u0131 Bilim ve Sanat Merkezi&#8217;nde (B\u0130LSEM) e\u011fitim alan zeki ve \u00fcst\u00fcn yetenekli Akdenizli \u00e7ocuklar\u0131n ebeveynleri; &hellip; <a href=\"https:\/\/akdenizolaygazetesi.com\/?p=29395\" class=\"more-link\">Devam\u0131n\u0131 Oku&#8230;<\/a><\/p>\n","protected":false},"author":2,"featured_media":29396,"comment_status":"open","ping_status":"open","sticky":false,"template":"","format":"standard","meta":[],"categories":[1,2,3,5],"tags":[],"_links":{"self":[{"href":"https:\/\/akdenizolaygazetesi.com\/index.php?rest_route=\/wp\/v2\/posts\/29395"}],"collection":[{"href":"https:\/\/akdenizolaygazetesi.com\/index.php?rest_route=\/wp\/v2\/posts"}],"about":[{"href":"https:\/\/akdenizolaygazetesi.com\/index.php?rest_route=\/wp\/v2\/types\/post"}],"author":[{"embeddable":true,"href":"https:\/\/akdenizolaygazetesi.com\/index.php?rest_route=\/wp\/v2\/users\/2"}],"replies":[{"embeddable":true,"href":"https:\/\/akdenizolaygazetesi.com\/index.php?rest_route=%2Fwp%2Fv2%2Fcomments&post=29395"}],"version-history":[{"count":1,"href":"https:\/\/akdenizolaygazetesi.com\/index.php?rest_route=\/wp\/v2\/posts\/29395\/revisions"}],"predecessor-version":[{"id":29397,"href":"https:\/\/akdenizolaygazetesi.com\/index.php?rest_route=\/wp\/v2\/posts\/29395\/revisions\/29397"}],"wp:featuredmedia":[{"embeddable":true,"href":"https:\/\/akdenizolaygazetesi.com\/index.php?rest_route=\/wp\/v2\/media\/29396"}],"wp:attachment":[{"href":"https:\/\/akdenizolaygazetesi.com\/index.php?rest_route=%2Fwp%2Fv2%2Fmedia&parent=29395"}],"wp:term":[{"taxonomy":"category","embeddable":true,"href":"https:\/\/akdenizolaygazetesi.com\/index.php?rest_route=%2Fwp%2Fv2%2Fcategories&post=29395"},{"taxonomy":"post_tag","embeddable":true,"href":"https:\/\/akdenizolaygazetesi.com\/index.php?rest_route=%2Fwp%2Fv2%2Ftags&post=29395"}],"curies":[{"name":"wp","href":"https:\/\/api.w.org\/{rel}","templated":true}]}}