{"id":29404,"date":"2024-01-16T12:55:43","date_gmt":"2024-01-16T09:55:43","guid":{"rendered":"http:\/\/akdenizolaygazetesi.com\/?p=29404"},"modified":"2024-01-16T12:55:43","modified_gmt":"2024-01-16T09:55:43","slug":"kktcnin-kahramanlari-toroslarda-anildi","status":"publish","type":"post","link":"https:\/\/akdenizolaygazetesi.com\/?p=29404","title":{"rendered":"KKTC&#8217;N\u0130N KAHRAMANLARI TOROSLAR&#8217;DA ANILDI"},"content":{"rendered":"<p>Mersin&#8217;in merkez il\u00e7esi Toroslar Belediyesi; Kuzey K\u0131br\u0131s T\u00fcrk Cumhuriyeti (KKTC) Kurucu Cumhurba\u015fkan\u0131 Rauf Raif Denkta\u015f ve K\u0131br\u0131s T\u00fcrk halk\u0131n\u0131n Varolu\u015f ve \u00d6zg\u00fcrl\u00fck M\u00fccadelesi Lideri Dr. Faz\u0131l K\u00fc\u00e7\u00fck&#8217;\u00fcn vefat\u0131n\u0131n y\u0131l d\u00f6n\u00fcm\u00fc dolay\u0131s\u0131yla bir anma program\u0131 d\u00fczenledi.<\/p>\n<p>KKTC Mersin Ba\u015fkonsoloslu\u011fu ile birlikte Toroslar Belediyesi Rauf Raif Denkta\u015f Park\u0131 ve A\u00e7\u0131k Hava M\u00fczesi&#8217;nde yap\u0131lan program, \u00e7elenk sunma t\u00f6reni, sayg\u0131 duru\u015fu ve \u0130stiklal Mar\u015f\u0131&#8217;n\u0131n okunmas\u0131yla ba\u015flad\u0131.<\/p>\n<p>&#8220;DUALAR ve \u015e\u0130\u0130RLERLE Y\u00c2D ED\u0130LD\u0130LER&#8221;<\/p>\n<p>Kuran\u0131 Kerim tilaveti ile devam eden programda; 13 Ocak 2012 y\u0131l\u0131nda vefat eden KKTC Kurucu Cumhurba\u015fkan\u0131 Rauf Raif Denkta\u015f ve 15 Ocak 1984 y\u0131l\u0131nda vefat eden KKTC&#8217;nin ilk Cumhurba\u015fkan\u0131 Yard\u0131mc\u0131s\u0131 Dr. Faz\u0131l K\u00fc\u00e7\u00fck, dualarla yad edildi. \u00d6\u011frencilerin, Rauf Raif Denkta\u015f ve Dr. Faz\u0131l K\u00fc\u00e7\u00fck&#8217;\u00fcn an\u0131s\u0131na okudu\u011fu \u015fiirler ise kat\u0131l\u0131mc\u0131lar\u0131 duyguland\u0131rd\u0131.<\/p>\n<p>KKTC Mersin Ba\u015fkonsolosu Zalihe Mendeli, t\u00f6rende bir konu\u015fma yaparak; &#8220;Ebediyete irtihalinin 40. y\u0131l d\u00f6n\u00fcm\u00fcnde \u00d6zg\u00fcrl\u00fck m\u00fccadelesi liderimiz Dr. Faz\u0131l K\u00fc\u00e7\u00fck&#8217;\u00fc ve 13 Ocak&#8217;ta ebediyete irtihalinin 12. y\u0131l\u0131 nedeniyle kurucu Cumhurba\u015fkan\u0131m\u0131z Rauf Raif Denta\u015f&#8217;\u0131 anmak i\u00e7in bir arada bulunuyoruz. K\u0131br\u0131s meselesi, T\u00fcrkiyesiz \u00e7\u00f6z\u00fclemez s\u00f6ylemleri m\u00fccadelemize rehberlik etmeye, d\u00fc\u015f\u00fcnceleri ve u\u011fra\u015flar\u0131 yolumuzu ayd\u0131nlatmaya devam etmektedir&#8221; dedi.<\/p>\n<p>Toroslar Belediye Ba\u015fkan\u0131 Ats\u0131z Af\u015f\u0131n Y\u0131lmaz ise KKTC Kurucu Cumhurba\u015fkan\u0131 Rauf Raif Denkta\u015f ve Dr. Faz\u0131l K\u00fc\u00e7\u00fck&#8217;\u00fcn, K\u0131br\u0131s davas\u0131n\u0131n kahramanlar\u0131 oldu\u011funu belirterek; &#8220;Ba\u011f\u0131ms\u0131zl\u0131k tutkusuyla K\u0131br\u0131s T\u00fcrkl\u00fc\u011f\u00fcne umut ve heyecan a\u015f\u0131layan b\u00fcy\u00fck devlet adam\u0131 Rauf Denkta\u015f&#8217;\u0131 ve K\u0131br\u0131s Bar\u0131\u015f Harek\u00e2t\u0131 kahramanlar\u0131m\u0131zdan KKTC&#8217;nin ilk Cumhurba\u015fkan\u0131 Yard\u0131mc\u0131s\u0131 Dr. Faz\u0131l K\u00fc\u00e7\u00fck&#8217;\u00fc rahmet ve minnetle an\u0131yorum&#8221; ifadelerini kulland\u0131.<\/p>\n<p>T\u00f6ren, Rauf Raif Denkta\u015f B\u00fcst\u00fc \u00f6n\u00fcnde toplu foto\u011fraf \u00e7ekimi ile sona erdi.<\/p>\n<p>Mustafa Kemal Mahallesi&#8217;nde bulunan Toroslar Belediyesi Rauf Raif Denkta\u015f Park\u0131 ve A\u00e7\u0131k Hava M\u00fczesi&#8217;nde; \u00f6mr\u00fcn\u00fc K\u0131br\u0131s T\u00fcrklerinin ba\u011f\u0131ms\u0131zl\u0131\u011f\u0131na adayan KKTC Kurucu Cumhurba\u015fkan\u0131 merhum Rauf  Raif  Denkta\u015f, KKTC&#8217;nin ilk Cumhurba\u015fkan\u0131 Yard\u0131mc\u0131s\u0131 merhum Dr. Faz\u0131l K\u00fc\u00e7\u00fck ve \u015eehit Pilot Y\u00fczba\u015f\u0131 Cengiz Topel&#8217;in b\u00fcstleri ile K\u0131br\u0131s Bar\u0131\u015f Harekat\u0131&#8217;nda kullan\u0131lan emtialar yer al\u0131yor.<\/p>\n","protected":false},"excerpt":{"rendered":"<p>Mersin&#8217;in merkez il\u00e7esi Toroslar Belediyesi; Kuzey K\u0131br\u0131s T\u00fcrk Cumhuriyeti (KKTC) Kurucu Cumhurba\u015fkan\u0131 Rauf Raif Denkta\u015f ve K\u0131br\u0131s T\u00fcrk halk\u0131n\u0131n Varolu\u015f ve \u00d6zg\u00fcrl\u00fck M\u00fccadelesi Lideri Dr. Faz\u0131l K\u00fc\u00e7\u00fck&#8217;\u00fcn vefat\u0131n\u0131n y\u0131l d\u00f6n\u00fcm\u00fc &hellip; <a href=\"https:\/\/akdenizolaygazetesi.com\/?p=29404\" class=\"more-link\">Devam\u0131n\u0131 Oku&#8230;<\/a><\/p>\n","protected":false},"author":2,"featured_media":29405,"comment_status":"open","ping_status":"open","sticky":false,"template":"","format":"standard","meta":[],"categories":[2,3],"tags":[],"_links":{"self":[{"href":"https:\/\/akdenizolaygazetesi.com\/index.php?rest_route=\/wp\/v2\/posts\/29404"}],"collection":[{"href":"https:\/\/akdenizolaygazetesi.com\/index.php?rest_route=\/wp\/v2\/posts"}],"about":[{"href":"https:\/\/akdenizolaygazetesi.com\/index.php?rest_route=\/wp\/v2\/types\/post"}],"author":[{"embeddable":true,"href":"https:\/\/akdenizolaygazetesi.com\/index.php?rest_route=\/wp\/v2\/users\/2"}],"replies":[{"embeddable":true,"href":"https:\/\/akdenizolaygazetesi.com\/index.php?rest_route=%2Fwp%2Fv2%2Fcomments&post=29404"}],"version-history":[{"count":1,"href":"https:\/\/akdenizolaygazetesi.com\/index.php?rest_route=\/wp\/v2\/posts\/29404\/revisions"}],"predecessor-version":[{"id":29406,"href":"https:\/\/akdenizolaygazetesi.com\/index.php?rest_route=\/wp\/v2\/posts\/29404\/revisions\/29406"}],"wp:featuredmedia":[{"embeddable":true,"href":"https:\/\/akdenizolaygazetesi.com\/index.php?rest_route=\/wp\/v2\/media\/29405"}],"wp:attachment":[{"href":"https:\/\/akdenizolaygazetesi.com\/index.php?rest_route=%2Fwp%2Fv2%2Fmedia&parent=29404"}],"wp:term":[{"taxonomy":"category","embeddable":true,"href":"https:\/\/akdenizolaygazetesi.com\/index.php?rest_route=%2Fwp%2Fv2%2Fcategories&post=29404"},{"taxonomy":"post_tag","embeddable":true,"href":"https:\/\/akdenizolaygazetesi.com\/index.php?rest_route=%2Fwp%2Fv2%2Ftags&post=29404"}],"curies":[{"name":"wp","href":"https:\/\/api.w.org\/{rel}","templated":true}]}}