{"id":29407,"date":"2024-01-16T12:57:11","date_gmt":"2024-01-16T09:57:11","guid":{"rendered":"http:\/\/akdenizolaygazetesi.com\/?p=29407"},"modified":"2024-01-16T12:57:11","modified_gmt":"2024-01-16T09:57:11","slug":"saya-park-bolgesindeki-trafik-yogunlugu-buyuk-olcude-azalacak","status":"publish","type":"post","link":"https:\/\/akdenizolaygazetesi.com\/?p=29407","title":{"rendered":"&#8220;SAYA PARK B\u00d6LGES\u0130NDEK\u0130 TRAF\u0130K YO\u011eUNLU\u011eU B\u00dcY\u00dcK \u00d6L\u00c7\u00dcDE AZALACAK&#8221;"},"content":{"rendered":"<p>Mersin B\u00fcy\u00fck\u015fehir Belediye Meclisi&#8217;nin 2024 Y\u0131l\u0131 Ocak Ay\u0131 Ola\u011fan Toplant\u0131s\u0131&#8217;n\u0131n 2. Birle\u015fimi, B\u00fcy\u00fck\u015fehir Belediye Ba\u015fkan\u0131 Vahap Se\u00e7er ba\u015fkanl\u0131\u011f\u0131nda yap\u0131ld\u0131. B\u00fcy\u00fck\u015fehir Belediyesi Kongre ve Sergi Saray\u0131 \u00c7ok Ama\u00e7l\u0131 Salon&#8217;da ger\u00e7ekle\u015ftirilen toplant\u0131da Komisyonlara Havale Edilen 25 ve Birimlerden Gelen 3 olmak \u00fczere toplam 28 madde g\u00f6r\u00fc\u015f\u00fcld\u00fc.<\/p>\n<p>Se\u00e7er&#8217;den \u015fehitlere ba\u015fsa\u011fl\u0131\u011f\u0131<\/p>\n<p>Toplant\u0131n\u0131n g\u00fcndem d\u0131\u015f\u0131 konu\u015fmalar b\u00f6l\u00fcm\u00fcnde konu\u015fan Ba\u015fkan Se\u00e7er, &#8220;Ge\u00e7ti\u011fimiz hafta Pen\u00e7e-Kilit Harek\u00e2t\u0131 B\u00f6lgesi&#8217;nde ter\u00f6r sald\u0131r\u0131lar\u0131 sonucu 9 askerimiz \u015fehit oldu. Yap\u0131lan bu ter\u00f6r sald\u0131r\u0131lar\u0131n\u0131 lanetliyorum. \u015eehitlerimize Allah&#8217;tan rahmet diliyorum. Kederli ailelerine ve yak\u0131nlar\u0131na sab\u0131rlar diliyorum, milletimizin ba\u015f\u0131 sa\u011f olsun&#8221; dedi.<\/p>\n<p>B\u00fcy\u00fck\u015fehir Belediyesi taraf\u0131ndan kent genelinde ba\u015flat\u0131lan yol \u00e7al\u0131\u015fmalar\u0131 hakk\u0131nda bilgilendirmelerde bulunan Se\u00e7er, Liman B\u00f6lgesi&#8217;ndeki \u00e7al\u0131\u015fmalar kapsam\u0131nda 2 bin 500 metrelik hat \u00fczerinde yol yenileme ve Abide Kav\u015fa\u011f\u0131 \u00fczerinde de kav\u015fak d\u00fczenleme \u00e7al\u0131\u015fmalar\u0131n\u0131 yap\u0131laca\u011f\u0131n\u0131 aktard\u0131. B\u00f6lgenin altyap\u0131 \u00e7al\u0131\u015fmalar\u0131n\u0131 da tamamlayacaklar\u0131n\u0131 s\u00f6yleyen Se\u00e7er, \u00e7al\u0131\u015fmalar tamamlan\u0131nca Mersin&#8217;in Do\u011fu giri\u015finin kente yara\u015f\u0131r hale gelece\u011fini belirtti. Se\u00e7er, &#8220;Liman B kap\u0131s\u0131ndan giri\u015flerde \u00f6zellikle t\u0131r parklanmalar\u0131 \u00e7ok b\u00fcy\u00fck sorun ya\u015fat\u0131yordu. Art\u0131k yeni kap\u0131lardan sonra giri\u015f de iptal edildi, sadece \u00e7\u0131k\u0131\u015flar veriliyor. Onun i\u00e7in de yeni yol \u00e7al\u0131\u015fmalar\u0131nda ara\u00e7lar\u0131n kulland\u0131\u011f\u0131 yolun d\u0131\u015f\u0131nda bir servis yolu yap\u0131l\u0131yor ve \u00e7\u0131k\u0131\u015flar oradan belirli bir s\u00fcre devam edecek, daha sonra ara\u00e7lar normal yola kat\u0131l\u0131m sa\u011flayacak. Bu a\u00e7\u0131dan da hem merkeze giri\u015f yapan ara\u00e7lar\u0131n hem \u00e7\u0131k\u0131\u015f yapan ara\u00e7lar\u0131n daha konforlu ve temiz bir g\u00fczerg\u00e2hta seyahat etme imk\u00e2n\u0131 olacak, g\u00f6rsellik de son derece g\u00fczel olacak&#8221; diye konu\u015ftu.<\/p>\n<p>&#8220;Saya Park b\u00f6lgesindeki trafik yo\u011funlu\u011fu b\u00fcy\u00fck \u00f6l\u00e7\u00fcde azalacak&#8221;<\/p>\n<p>2. \u00c7evre Yolu&#8217;nun uzat\u0131lmas\u0131 \u00e7al\u0131\u015fmas\u0131 hakk\u0131nda da konu\u015fan Se\u00e7er, Vatan Caddesi&#8217;nden Bat\u0131 istikametine do\u011fru tamamlanan 980 metrelik k\u0131sm\u0131n devam\u0131 olan projenin 2. Etap k\u0131sm\u0131nda 1300 metre uzunlu\u011funda yeni yol a\u00e7t\u0131klar\u0131n\u0131 ve yol d\u00fczenleme ile menfez imalat\u0131n\u0131n devam etti\u011fini belirterek, &#8220;15 \u015eubat&#8217;ta \u00e7al\u0131\u015fmalar\u0131m\u0131z\u0131 bitirece\u011fiz. Toplamda 2 bin 300 metrelik g\u00fczerg\u00e2h\u0131, 2. \u00c7evre Yolu uzant\u0131s\u0131n\u0131 Vatan Caddesi&#8217;nden bat\u0131 istikametine do\u011fru Mersinlilerin hizmetine kazand\u0131rm\u0131\u015f olaca\u011f\u0131z&#8221; dedi. Yeni\u015fehir 3. \u00c7evre Yolu&#8217;nun uzat\u0131lmas\u0131 i\u00e7in de \u00e7al\u0131\u015fmalara h\u0131z kesmeden devam ettiklerini ifade eden Se\u00e7er, &#8220;3. \u00c7evre Yolu devam\u0131 Mimar Sinan Bulvar\u0131 ile \u00dcniversite Caddesi aras\u0131 980 metrelik k\u0131s\u0131mda \u00e7al\u0131\u015fmalar\u0131 ba\u015flatt\u0131k ve en ge\u00e7 Mart ay\u0131n\u0131n sonuna do\u011fru vatanda\u015f\u0131m\u0131z\u0131n hizmetine sunaca\u011f\u0131z. Oras\u0131 \u00e7ok \u00f6nemli, 3. \u00c7evre Yolu&#8217;nun ve 4. \u00c7evre Yolu&#8217;nun Saya Park&#8217;a yaratt\u0131\u011f\u0131 trafi\u011fi ortadan kald\u0131r\u0131yor. 4. \u00c7evre Yolu&#8217;ndan geliyor ara\u00e7 34. Cadde&#8217;ye iniyor, Mezitli istikametine gitmek i\u00e7in Saya Park&#8217;a iniyordu. \u015eimdi Mimar Sinan \u00fczerinden devam edecek, \u00dcniversite Caddesine kadar \u00e7\u0131kacak&#8221; ifadelerine yer verdi. Se\u00e7er, 3. \u00c7evre Yolu kapsam\u0131ndaki \u00e7al\u0131\u015fmalar sonucu Saya Park b\u00f6lgesindeki trafik yo\u011funlu\u011funun b\u00fcy\u00fck \u00f6l\u00e7\u00fcde azalaca\u011f\u0131n\u0131 s\u00f6yledi.<\/p>\n<p>&#8220;Bizde dur durak yok, \u00e7al\u0131\u015f\u0131yoruz&#8221;<\/p>\n<p>Ka\u00e7 b\u00f6lgede hangi \u00e7al\u0131\u015fmalar oldu\u011funu meclis \u00fcyelerine tek tek aktaran Se\u00e7er, &#8220;Bizde dur durak yok, \u00e7al\u0131\u015f\u0131yoruz. Te\u015fekk\u00fcr\u00fc beklerken bizi ele\u015ftirmeniz benim a\u00e7\u0131mdan sorun de\u011fil ama bizim yol asfalt biriminde gece g\u00fcnd\u00fcz \u00e7al\u0131\u015fan ve Mersin&#8217;in takdirini kazanan yol asfalt ekibine kar\u015f\u0131 bana g\u00f6re do\u011fru olmad\u0131. Di\u011fer taraftan biz ba\u015flad\u0131\u011f\u0131m\u0131z i\u015fi k\u0131sa s\u00fcrede bitiriyoruz. Bir i\u015fi asla g\u00fcn\u00fc kurtarmak ve savmak i\u00e7in yapmay\u0131z. Mersin halk\u0131n\u0131n ihtiyac\u0131 ne ise en kaliteli ve en uygun projeyi hayata ge\u00e7irmek i\u00e7in \u00e7aba sarf ederiz&#8221; ifadelerini kulland\u0131.<\/p>\n<p>&#8220;\u00d6n\u00fcm\u00fczdeki g\u00fcnlerde esnaf Erdemli Hali&#8217;ne yerle\u015fecek&#8221;<\/p>\n<p>Erdemli Hali&#8217;nde \u00e7al\u0131\u015fmalar\u0131n ge\u00e7ti\u011fimiz y\u0131l tamamland\u0131\u011f\u0131n\u0131 ve depremzedelere hizmet verdi\u011fini kaydeden Se\u00e7er, &#8220;Erdemli Hali&#8217;nde 14 y\u0131l \u00f6nce at\u0131lm\u0131\u015f bir temel vard\u0131. Yar\u0131m kalm\u0131\u015f, akamete u\u011fram\u0131\u015f bir yap\u0131 vard\u0131. Onlar\u0131 haz\u0131rlad\u0131k, bitirdik. Yakla\u015f\u0131k bir y\u0131l depremzedelere hizmet verdi. Bu a\u00e7\u0131dan da Erdemli Halimiz \u00e7ok b\u00fcy\u00fck bir kutsal g\u00f6rev yapt\u0131. \u00d6n\u00fcm\u00fczdeki g\u00fcnlerde hak sahipleri, eski halde faaliyet g\u00f6steren esnaflar\u0131m\u0131z; kura \u00e7ekimiyle yeni yerlerine yerle\u015fecekler ve hep beraber de a\u00e7\u0131l\u0131\u015f\u0131n\u0131 yapaca\u011f\u0131z&#8221; diye konu\u015ftu. Hal yap\u0131m\u0131 i\u00e7in baz\u0131 noktalarda tahsis s\u0131k\u0131nt\u0131s\u0131 ya\u015fad\u0131klar\u0131n\u0131 kaydeden Se\u00e7er, &#8220;Sebze halleri bizim i\u00e7in \u00f6nemlidir. Mut da ivedi olarak bu anlamda Mersin B\u00fcy\u00fck\u015fehir Belediyesi&#8217;nin m\u00fcdahalesini bekliyor ama bizim de tahsis sorunlar\u0131m\u0131z var&#8221; ifadelerini kulland\u0131.<\/p>\n<p>&#8220;Yat\u0131r\u0131mlara s\u00fcratle devam edece\u011fiz&#8221;<\/p>\n<p>\u00d6n\u00fcm\u00fczdeki d\u00f6nemde yap\u0131lmas\u0131 planlanan kanalizasyon ve ar\u0131tma tesisleri gibi altyap\u0131 yat\u0131r\u0131mlar\u0131 ile ilgili de konu\u015fan Se\u00e7er, &#8220;Ar\u0131tma tesisi yakla\u015f\u0131k 200 milyon TL&#8217;lik bir yat\u0131r\u0131m. Mersin B\u00fcy\u00fck\u015fehir Belediyesi Mersin Su ve Kanalizasyon \u0130daresi (MESK\u0130) Genel M\u00fcd\u00fcrl\u00fc\u011f\u00fc sadece su faturalar\u0131ndan geliri olan bir kurumdur. Su faturalar\u0131ndan ba\u015fka bir geliri yoktur. Bir de \u0130ller Bankas\u0131&#8217;ndan c\u00fczi bir para gelir. MESK\u0130 opsiyonlu, uygun maliyetli kredi ya da hibe bulacak. 40 milyon avro bir kredi \u00e7al\u0131\u015fmam\u0131z vard\u0131, o tamamland\u0131. Onun d\u0131\u015f\u0131nda da 116 milyon avroluk, bunun da yakla\u015f\u0131k olarak 70 k\u00fcsur milyonu hibe, toplam 156 milyon avro kredi geri \u00f6demeli ve hibe \u015fu an itibariyle farkl\u0131 kurulu\u015flardan MESK\u0130&#8217;ye verilmek \u00fczere \u00e7al\u0131\u015fmalar\u0131 yap\u0131l\u0131yor. K\u0131y\u0131 \u015feridi boyunca b\u00fct\u00fcn ar\u0131tmalara ve baz\u0131 kanalizasyon \u00e7al\u0131\u015fmalar\u0131na y\u00fckl\u00fc bir kredi sa\u011fland\u0131&#8221; diye konu\u015ftu. 80 milyon avroya mal olacak olan Pamukluk Baraj\u0131 \u0130\u00e7me Suyu Ar\u0131tma Tesisi&#8217;nin de 56 milyon avrosunu hibe olarak ald\u0131klar\u0131n\u0131 aktaran Se\u00e7er, gelecek 5 y\u0131ll\u0131k d\u00f6nemlerinde yat\u0131r\u0131mlara s\u00fcratle devam edeceklerine dikkat \u00e7ekerek, Ye\u015filovac\u0131k&#8217;tan Yenice&#8217;ye kadar altyap\u0131 yat\u0131r\u0131mlar\u0131 yapacaklar\u0131n\u0131 da duyurdu.<\/p>\n<p>G\u00fclnar&#8217;da kanalizasyon ve ar\u0131tma \u00e7al\u0131\u015fmalar\u0131 h\u0131z kesmeden s\u00fcr\u00fcyor<\/p>\n<p>S\u00f6z konusu yat\u0131r\u0131mlar aras\u0131nda G\u00fclnar&#8217;da da projeler oldu\u011funun alt\u0131n\u0131 \u00e7izen Ba\u015fkan Se\u00e7er, &#8220;\u0130kinci 5 y\u0131l\u0131m\u0131zda bu tip projelere daha \u00e7abuk m\u00fcdahale etme, ba\u015flatma imk\u00e2n\u0131m\u0131z olacak. Ayr\u0131ca G\u00fclnar&#8217;a Il\u0131su&#8217;dan i\u00e7me suyu getiriyoruz. Uzun y\u0131llard\u0131r s\u00fcren bir \u00e7al\u0131\u015fma. \u00c7\u00fcnk\u00fc hem maliyetli bir \u00e7al\u0131\u015fma hem zor bir alan. M\u00fcteahhide de yer teslimi yap\u0131ld\u0131, devam ediyor. Buradan G\u00fclnarl\u0131 hem\u015ferilerime de duyurmak istedim&#8221; dedi.<\/p>\n<p>Meclis toplant\u0131s\u0131 komisyonlardan gelen raporlar\u0131n karara ba\u011flanmas\u0131n\u0131n ard\u0131ndan sona erdi.<\/p>\n","protected":false},"excerpt":{"rendered":"<p>Mersin B\u00fcy\u00fck\u015fehir Belediye Meclisi&#8217;nin 2024 Y\u0131l\u0131 Ocak Ay\u0131 Ola\u011fan Toplant\u0131s\u0131&#8217;n\u0131n 2. Birle\u015fimi, B\u00fcy\u00fck\u015fehir Belediye Ba\u015fkan\u0131 Vahap Se\u00e7er ba\u015fkanl\u0131\u011f\u0131nda yap\u0131ld\u0131. B\u00fcy\u00fck\u015fehir Belediyesi Kongre ve Sergi Saray\u0131 \u00c7ok Ama\u00e7l\u0131 Salon&#8217;da ger\u00e7ekle\u015ftirilen toplant\u0131da &hellip; <a href=\"https:\/\/akdenizolaygazetesi.com\/?p=29407\" class=\"more-link\">Devam\u0131n\u0131 Oku&#8230;<\/a><\/p>\n","protected":false},"author":2,"featured_media":29408,"comment_status":"open","ping_status":"open","sticky":false,"template":"","format":"standard","meta":[],"categories":[8,2,5,6],"tags":[],"_links":{"self":[{"href":"https:\/\/akdenizolaygazetesi.com\/index.php?rest_route=\/wp\/v2\/posts\/29407"}],"collection":[{"href":"https:\/\/akdenizolaygazetesi.com\/index.php?rest_route=\/wp\/v2\/posts"}],"about":[{"href":"https:\/\/akdenizolaygazetesi.com\/index.php?rest_route=\/wp\/v2\/types\/post"}],"author":[{"embeddable":true,"href":"https:\/\/akdenizolaygazetesi.com\/index.php?rest_route=\/wp\/v2\/users\/2"}],"replies":[{"embeddable":true,"href":"https:\/\/akdenizolaygazetesi.com\/index.php?rest_route=%2Fwp%2Fv2%2Fcomments&post=29407"}],"version-history":[{"count":1,"href":"https:\/\/akdenizolaygazetesi.com\/index.php?rest_route=\/wp\/v2\/posts\/29407\/revisions"}],"predecessor-version":[{"id":29409,"href":"https:\/\/akdenizolaygazetesi.com\/index.php?rest_route=\/wp\/v2\/posts\/29407\/revisions\/29409"}],"wp:featuredmedia":[{"embeddable":true,"href":"https:\/\/akdenizolaygazetesi.com\/index.php?rest_route=\/wp\/v2\/media\/29408"}],"wp:attachment":[{"href":"https:\/\/akdenizolaygazetesi.com\/index.php?rest_route=%2Fwp%2Fv2%2Fmedia&parent=29407"}],"wp:term":[{"taxonomy":"category","embeddable":true,"href":"https:\/\/akdenizolaygazetesi.com\/index.php?rest_route=%2Fwp%2Fv2%2Fcategories&post=29407"},{"taxonomy":"post_tag","embeddable":true,"href":"https:\/\/akdenizolaygazetesi.com\/index.php?rest_route=%2Fwp%2Fv2%2Ftags&post=29407"}],"curies":[{"name":"wp","href":"https:\/\/api.w.org\/{rel}","templated":true}]}}