{"id":2944,"date":"2020-11-04T18:23:25","date_gmt":"2020-11-04T15:23:25","guid":{"rendered":"http:\/\/mersinekonomipolitikagazetesi.com\/?p=2944"},"modified":"2020-11-04T18:23:25","modified_gmt":"2020-11-04T15:23:25","slug":"ar-ge-proje-pazari-2018-etkinligi-odul-toreni-yapildi","status":"publish","type":"post","link":"https:\/\/akdenizolaygazetesi.com\/?p=2944","title":{"rendered":"Ar-ge Proje Pazar\u0131 2018 Etkinli\u011fi \u00d6d\u00fcl T\u00f6reni Yap\u0131ld\u0131"},"content":{"rendered":"<p>ME\u00dc ev sahipli\u011finde 11\u2019incisi d\u00fczenlenen &#8220;Ar-Ge Proje Pazar\u0131 2018&#8221; etkinli\u011finin kapan\u0131\u015f ve \u00f6d\u00fcl t\u00f6reni Prof. Dr. U\u011fur Oral K\u00fclt\u00fcr Merkezi\u2019nde ger\u00e7ekle\u015ftirildi.<\/p>\n<p>T\u00f6rene ME\u00dc Rekt\u00f6r Yard\u0131mc\u0131s\u0131 Prof. Dr. Ali Kaya, Mersin B\u00fcy\u00fck\u015fehir Belediyesi Ar-Ge ve Projeler \u015eube M\u00fcd\u00fcr\u00fc Hilmi Dulkadir, Yeni\u015fehir Belediyesi Ba\u015fkan Yard\u0131mc\u0131s\u0131 Hayrullah Y\u00fccesoy, ME\u00dc Teknoloji Transfer Ofisi Koordinat\u00f6r\u00fc Do\u00e7. Dr. Bahad\u0131r Say\u0131nc\u0131, sivil toplum kurulu\u015f temsilcileri, \u00f6\u011fretim \u00fcyeleri, sanayiciler ve \u00e7ok say\u0131da \u00f6\u011frenci kat\u0131ld\u0131.<\/p>\n<p>ME\u00dc Rekt\u00f6r Yard\u0131mc\u0131s\u0131 Prof. Dr. Ali Kaya, a\u00e7\u0131l\u0131\u015fta yapt\u0131\u011f\u0131 konu\u015fmada, \u2018\u2019Bilindi\u011fi \u00fczere \u00fclkemiz 16. b\u00fcy\u00fck ekonomisi. 80 milyonluk n\u00fcfusu, 1000 y\u0131ll\u0131k ge\u00e7mi\u015fi ve potansiyeli ile daha ileride olmal\u0131y\u0131z. Hedefimiz ilk 10 ekonomiye girmek. Bu hedef i\u00e7in daha \u00e7ok teknoloji geli\u015ftiren, daha yenilik\u00e7i bir topluma d\u00f6n\u00fc\u015fmek zorunday\u0131z. Biz de \u00fcniversite olarak \u00fczerimize d\u00fc\u015fen sorumlulu\u011fun fark\u0131nday\u0131z ve bu proje de bu sorumlulu\u011fun bir \u00fcr\u00fcn\u00fc olarak ortaya \u00e7\u0131km\u0131\u015ft\u0131r. T\u00fcm proje sahiplerine, d\u00fczenleme ve de\u011ferlendirme kurullar\u0131na ve t\u00fcm destek\u00e7ilere te\u015fekk\u00fcr ediyor, etkinli\u011fin sonu\u00e7lar\u0131n\u0131n ba\u015far\u0131l\u0131 olmas\u0131n\u0131 temenni ediyorum.\u2019\u2019 dedi.<\/p>\n<p>T\u00f6rende konu\u015fan, Ar-Ge Proje Pazar\u0131 2018 etkinli\u011finin sorumlusu \u00d6\u011fr. G\u00f6r. Dr. Sertan \u00c7evik ise; \u201cBu y\u0131l 34 proje sergilenmeye de\u011fer bulundu ve de\u011ferlendirmeler sonucunda dereceler olu\u015fturuldu. Temel hedef, buradaki projelerin ticarile\u015fmesi ve katma de\u011ferinin olu\u015fmas\u0131. Bunu iyi yapt\u0131\u011f\u0131m\u0131z\u0131 d\u00fc\u015f\u00fcn\u00fcyoruz. Son iki y\u0131lda buradan \u00e7\u0131kan alt\u0131 projenin patenti al\u0131nd\u0131, iki tanesi ile de ticarile\u015fme s\u00fcreci devam ediyor. Umar\u0131m burada de\u011ferlendirilmeye al\u0131nan projeler de bu kazan\u0131mlara ula\u015f\u0131r. \u00a0Biz di\u011fer proje pazarlar\u0131ndan farkl\u0131 olarak, \u00f6zet kitap\u00e7\u0131\u011f\u0131 bast\u0131r\u0131yoruz \u00e7\u00fcnk\u00fc; T\u00fcrkiye\u2019ye yay\u0131lmas\u0131n\u0131 istiyoruz. \u00a0Bu vesileyle, destek\u00e7ilerimize, d\u00fczenleme ve de\u011ferlendirme kurulu \u00fcyelerimize te\u015fekk\u00fcr ediyor, kat\u0131lan t\u00fcm proje sahiplerine de ba\u015far\u0131lar diliyorum.\u2019\u2019 ifadelerini kulland\u0131.<\/p>\n<p>Konu\u015fmalar\u0131n ard\u0131ndan; d\u00fczenleme ve de\u011ferlendirme kurulu \u00fcyeleri ile dereceye giren proje sahiplerine, ME\u00dc Rekt\u00f6r Yard\u0131mc\u0131s\u0131 Prof. Dr. Ali Kaya taraf\u0131ndan te\u015fekk\u00fcr belgesi takdim edildi.<\/p>\n<p>Ar-Ge Proje Pazar\u0131 2018 etkinli\u011finde dereceye giren projeler ve proje sahipleri \u015fu \u015fekilde ger\u00e7ekle\u015fti;<br \/>\nBirincilik \u00d6d\u00fcl\u00fc: \u2018\u2019Yatan Hastalarda Olu\u015fan Komplikasyonlar\u0131 \u00d6nleme Projesi\u2019\u2019 \u00a0Osman \u00c7ingita\u015f \u2013 Merve Baysal<br \/>\n\u0130kincilik \u00d6d\u00fcl\u00fc: \u2018\u2019Kendi Y\u00fcr\u00fcr Bir Budama Art\u0131\u011f\u0131 Par\u00e7alama Makinas\u0131 Projesi\u2019\u2019 Mehmet Topak\u00e7\u0131<br \/>\n\u00dc\u00e7\u00fcnc\u00fcl\u00fck \u00d6d\u00fcl\u00fc: \u2018\u2019VIN-ID CONTACT\u2019\u2019 \u2013 Ara\u00e7lar \u0130\u00e7in ID Kimlik \u0130leti\u015fimi Projesi\u2019\u2019 Gifted Coder Ekibi<\/p>\n","protected":false},"excerpt":{"rendered":"<p>ME\u00dc ev sahipli\u011finde 11\u2019incisi d\u00fczenlenen &#8220;Ar-Ge Proje Pazar\u0131 2018&#8221; etkinli\u011finin kapan\u0131\u015f ve \u00f6d\u00fcl t\u00f6reni Prof. Dr. U\u011fur Oral K\u00fclt\u00fcr Merkezi\u2019nde ger\u00e7ekle\u015ftirildi. T\u00f6rene ME\u00dc Rekt\u00f6r Yard\u0131mc\u0131s\u0131 Prof. Dr. Ali Kaya, Mersin &hellip; <a href=\"https:\/\/akdenizolaygazetesi.com\/?p=2944\" class=\"more-link\">Devam\u0131n\u0131 Oku&#8230;<\/a><\/p>\n","protected":false},"author":1,"featured_media":0,"comment_status":"open","ping_status":"open","sticky":false,"template":"","format":"standard","meta":[],"categories":[],"tags":[],"_links":{"self":[{"href":"https:\/\/akdenizolaygazetesi.com\/index.php?rest_route=\/wp\/v2\/posts\/2944"}],"collection":[{"href":"https:\/\/akdenizolaygazetesi.com\/index.php?rest_route=\/wp\/v2\/posts"}],"about":[{"href":"https:\/\/akdenizolaygazetesi.com\/index.php?rest_route=\/wp\/v2\/types\/post"}],"author":[{"embeddable":true,"href":"https:\/\/akdenizolaygazetesi.com\/index.php?rest_route=\/wp\/v2\/users\/1"}],"replies":[{"embeddable":true,"href":"https:\/\/akdenizolaygazetesi.com\/index.php?rest_route=%2Fwp%2Fv2%2Fcomments&post=2944"}],"version-history":[{"count":0,"href":"https:\/\/akdenizolaygazetesi.com\/index.php?rest_route=\/wp\/v2\/posts\/2944\/revisions"}],"wp:attachment":[{"href":"https:\/\/akdenizolaygazetesi.com\/index.php?rest_route=%2Fwp%2Fv2%2Fmedia&parent=2944"}],"wp:term":[{"taxonomy":"category","embeddable":true,"href":"https:\/\/akdenizolaygazetesi.com\/index.php?rest_route=%2Fwp%2Fv2%2Fcategories&post=2944"},{"taxonomy":"post_tag","embeddable":true,"href":"https:\/\/akdenizolaygazetesi.com\/index.php?rest_route=%2Fwp%2Fv2%2Ftags&post=2944"}],"curies":[{"name":"wp","href":"https:\/\/api.w.org\/{rel}","templated":true}]}}