{"id":29441,"date":"2024-01-17T13:11:00","date_gmt":"2024-01-17T10:11:00","guid":{"rendered":"http:\/\/akdenizolaygazetesi.com\/?p=29441"},"modified":"2024-01-17T13:11:00","modified_gmt":"2024-01-17T10:11:00","slug":"onlar-artik-birer-insan-kaynaklari-profesyoneli","status":"publish","type":"post","link":"https:\/\/akdenizolaygazetesi.com\/?p=29441","title":{"rendered":"ONLAR ARTIK B\u0130RER \u0130NSAN KAYNAKLARI PROFESYONEL\u0130!"},"content":{"rendered":"<p>Akdeniz Belediyesi, Mersin \u0130\u015e-KUR \u0130l M\u00fcd\u00fcrl\u00fc\u011f\u00fc ve Profesyonel \u0130nsan Kaynaklar\u0131 Platformu i\u015fbirli\u011finde, \u201c\u0130nsan Kaynaklar\u0131 (\u0130K) Profesyoneli E\u011fitimini\u201d ba\u015far\u0131yla tamamlayan gelece\u011fin \u201c\u0130nsan Kaynaklar\u0131 Uzman\u0131\u201d gen\u00e7ler t\u00f6renle sertifikalar\u0131n\u0131 ald\u0131.<br \/>\nAkdeniz Belediyesi\u2019nin, sekt\u00f6rde kaliteli i\u015f g\u00fcc\u00fc olu\u015fturmak ve sekt\u00f6r\u00fcn ihtiyac\u0131n\u0131 kar\u015f\u0131lamak amac\u0131yla, alan\u0131nda uzman insan kaynaklar\u0131 profesyonellerinin de bizzat kat\u0131larak y\u00fcz y\u00fcze e\u011fitim verdi\u011fi \u0130nsan Kaynaklar\u0131 Profesyonelleri Kursu sona erdi. \u201c\u0130K Profesyonelleri Akdeniz\u2019de Yeti\u015fiyor\u201d ad\u0131n\u0131 ta\u015f\u0131yan e\u011fitimin tan\u0131t\u0131m\u0131 i\u00e7in d\u00fczenlenen bulu\u015fmaya, Akdeniz Belediye Ba\u015fkan\u0131 M. Mustafa G\u00fcltak, Mersin \u0130\u015e-KUR \u0130l M\u00fcd\u00fcr\u00fc Dr. Ercan G\u00f6n, AK Parti Akdeniz \u0130l\u00e7e Ba\u015fkan\u0131 Mehmet Ali Can, Mersin Gazeteciler Cemiyeti Ba\u015fkan\u0131 R. Kaya Tepe, \u0130nsan Kaynaklar\u0131 E\u011fitmeni Murat Arslan, \u00c7ukurova Kalk\u0131nma Ajans\u0131 ve belediye b\u00fcrokratlar\u0131, i\u015f insanlar\u0131 ile e\u011fitimi ba\u015far\u0131yla bitiren gen\u00e7ler kat\u0131ld\u0131.<br \/>\n\u201cAkdeniz\u2019de, hayat\u0131n her alan\u0131nda ilklere imza at\u0131yoruz\u201d<br \/>\nBulu\u015fmada s\u00f6z alan Akdeniz Belediye Ba\u015fkan\u0131 M. Mustafa G\u00fcltak, bir\u00e7ok ilke imza att\u0131klar\u0131n\u0131 belirterek, verilen e\u011fitimin T\u00fcrkiye\u2019de ilk kez \u0130\u015e-KUR, yerel y\u00f6netim ve \u00f6zel sekt\u00f6r i\u015fbirli\u011finde bir ilk oldu\u011funu vurgulad\u0131. Ba\u015fkan G\u00fcltak, \u201cG\u00f6reve geldi\u011fimiz g\u00fcnden beri Akdeniz\u2019in \u00fczerindeki o kara bulutlar\u0131 da\u011f\u0131tt\u0131k. Art\u0131k Akdeniz, her y\u00f6n\u00fcyle vizyon sahibi, de\u011fi\u015fim ve geli\u015fim yolunda h\u0131zla ilerliyor\u201d dedi.<br \/>\n\u201cY\u0131k\u0131k bir binay\u0131 proje merkezine d\u00f6n\u00fc\u015ft\u00fcrd\u00fck\u201d<br \/>\nMersin \u00dcniversitesi T\u0131p Fak\u00fcltesi\u2019nin eski acil binas\u0131n\u0131 yenileyerek, K\u00fclt\u00fcr ve Sosyal \u0130\u015fler M\u00fcd\u00fcrl\u00fc\u011f\u00fc\u2019ne ba\u011fl\u0131 e\u011fitim ve proje merkezine d\u00f6n\u00fc\u015ft\u00fcrd\u00fcklerini kaydeden Ba\u015fkan G\u00fcltak; \u201cY\u0131k\u0131k bir binadan, sizler gibi gen\u00e7lerin yeti\u015fti\u011fi, meslek kazand\u0131\u011f\u0131 g\u00fczel bir binaya d\u00f6n\u00fc\u015ft\u00fc. Gen\u00e7lere ve kad\u0131nlara y\u00f6nelik \u00e7ok fazla yat\u0131r\u0131m yap\u0131yoruz. \u00c7\u00fcnk\u00fc Akdeniz\u2019in buna ihtiyac\u0131 var. Program\u0131n \u00f6neminden olsa gerek insan kaynaklar\u0131 kursumuza epey de ilgi ve yo\u011fun bir ba\u015fvuru oldu\u201d diye konu\u015ftu.<br \/>\n\u0130\u015f insanlar\u0131na \u2018istihdam\u2019 \u00e7a\u011fr\u0131s\u0131<br \/>\nS\u00f6zlerini; \u201cPeki amac\u0131m\u0131z ne?\u201d sorusuyla s\u00fcrd\u00fcren Ba\u015fkan G\u00fcltak; \u201cAkdeniz il\u00e7emiz, liman\u0131, organize sanayi ve serbest b\u00f6lgesi ile T\u00fcrkiye\u2019nin katma de\u011fer yaratan en \u00f6nemli il\u00e7elerinden bir tanesi. \u0130stedik ki Akdeniz\u2019de gen\u00e7ler ve kad\u0131nlar \u00f6n plana \u00e7\u0131ks\u0131n. Dolay\u0131s\u0131yla e\u011fitime \u00e7ok \u00f6nem verdik.<br \/>\nKursiyerlerimize, \u00f6\u011fretmenlerimize ve de\u011ferli i\u015f insanlar\u0131m\u0131za sesleniyorum; \u0130nsan kaynaklar\u0131 e\u011fitimini profesyonelce alm\u0131\u015f gen\u00e7lerimiz var art\u0131k. Onlar\u0131 istihdam edersiniz diye d\u00fc\u015f\u00fcn\u00fcyorum. Bu g\u00fczel ama\u00e7 i\u00e7in bir araya gelen ve m\u00fccadele eden ve emek veren herkese te\u015fekk\u00fcr ediyorum\u201d ifadelerini kulland\u0131.<br \/>\n\u201cMersin\u2019in insan kaynaklar\u0131 uzman\u0131 ihtiyac\u0131 kar\u015f\u0131lanacak\u201d<br \/>\nMersin \u0130\u015e-KUR \u0130l M\u00fcd\u00fcr\u00fc Dr. Ercan G\u00f6n ise konu\u015fmas\u0131nda; \u201cHer proje bir ihtiya\u00e7tan do\u011far. Bu program\u0131m\u0131z da Mersin i\u015fg\u00fcc\u00fc piyasas\u0131ndaki insan kaynaklar\u0131 uzman\u0131 ihtiyac\u0131n\u0131 kar\u015f\u0131lamak \u00fczere d\u00fczenlendi. Bu projede en \u00f6nemli payda\u015flar\u0131m\u0131z \u00f6zel sekt\u00f6r ve Akdeniz Belediyesi oldu. Program\u0131n en \u00f6nemli \u00f6zelliklerinden bir tanesi; T\u00fcrkiye\u2019de ilk kez \u0130\u015e-KUR, yerel y\u00f6netim ve \u00f6zel sekt\u00f6r i\u015fbirli\u011finin bir \u00e7\u0131kt\u0131s\u0131 olarak d\u00fczenlendi. Akdeniz Belediye Ba\u015fkan\u0131m\u0131za, bizlere desteklerinden dolay\u0131 \u00e7ok te\u015fekk\u00fcr ediyorum\u201d dedi.<br \/>\n\u201cYo\u011fun ilgi g\u00f6ren kursa 600 ba\u015fvuru al\u0131nd\u0131\u201d<br \/>\n\u0130nsan Kaynaklar\u0131 E\u011fitmeni Murat Arslan da \u0130K e\u011fitiminin i\u00e7eri\u011fi ve kursun s\u00fcre\u00e7 ve a\u015famalar\u0131n\u0131 anlatt\u0131. Arslan; \u201c\u0130nsan kaynaklar\u0131 mesle\u011fine y\u00f6nelik bu e\u011fitimde, Mersin\u2019e yeni bir de\u011fer kazand\u0131rmak amac\u0131yla yola \u00e7\u0131kt\u0131k. Eyl\u00fcl ay\u0131nda \u0130K e\u011fitim mod\u00fcl\u00fc olu\u015fturulmu\u015f ve e\u011fitim ekibi belirlenmi\u015ftir. Ekim ay\u0131nda ba\u015fvurular a\u00e7\u0131lm\u0131\u015f ve t\u00fcm platformlarda ilana \u00e7\u0131k\u0131lm\u0131\u015ft\u0131r. Nihayetinde e\u011fitime 600 ba\u015fvuru ald\u0131k. Ba\u015fvurular detayl\u0131ca de\u011ferlendirilmi\u015f, testler ve insan kaynaklar\u0131 uzmanlar\u0131 taraf\u0131ndan y\u00fcz y\u00fcze yap\u0131lan m\u00fclakatlar sonucunda 26 adayla e\u011fitime ba\u015flanm\u0131\u015ft\u0131r\u201d \u015feklinde konu\u015ftu.<br \/>\nE\u011fitimi alan gen\u00e7ler i\u015fverenlerle de bulu\u015fturuldu<br \/>\nKonu\u015fmalar\u0131n ard\u0131ndan, \u0130nsan Kaynaklar\u0131 Profesyoneli E\u011fitimini\u201d ba\u015far\u0131yla tamamlayan gelece\u011fin \u0130K uzman\u0131 gen\u00e7ler t\u00f6renle sertifikalar\u0131n\u0131 ald\u0131. \u00d6te yandan ge\u00e7en aylarda a\u00e7\u0131lan kursa 600 civar\u0131nda gen\u00e7 ba\u015fvuru yapt\u0131. Yine uzmanlar g\u00f6zetiminde yap\u0131lan s\u0131nav ve m\u00fclakatlar sonunda bu say\u0131 26\u2019ya kadar d\u00fc\u015f\u00fcr\u00fcld\u00fc.<br \/>\nArd\u0131ndan ise Profesyonel \u0130nsan Kaynaklar\u0131 Platformu Kurucu \u00fcyeleri taraf\u0131ndan 4 hafta boyunca, haftada 2 g\u00fcn ve toplamda 150 saat olmak \u00fczere, K\u00fclt\u00fcr ve Sosyal \u0130\u015fler M\u00fcd\u00fcrl\u00fc\u011f\u00fc Proje E\u011fitim ve Uygulama Merkezi\u2019nde \u0130nsan Kaynaklar\u0131 Profesyoneli E\u011fitimi verildi. T\u00fcrkiye\u2019de ilk say\u0131labilecek e\u011fitimi tamamlayan gen\u00e7ler, i\u015fverenlerle de bulu\u015fturulurken, istihdam hedefi ise en az y\u00fczde 70 olarak a\u00e7\u0131kland\u0131.<\/p>\n","protected":false},"excerpt":{"rendered":"<p>Akdeniz Belediyesi, Mersin \u0130\u015e-KUR \u0130l M\u00fcd\u00fcrl\u00fc\u011f\u00fc ve Profesyonel \u0130nsan Kaynaklar\u0131 Platformu i\u015fbirli\u011finde, \u201c\u0130nsan Kaynaklar\u0131 (\u0130K) Profesyoneli E\u011fitimini\u201d ba\u015far\u0131yla tamamlayan gelece\u011fin \u201c\u0130nsan Kaynaklar\u0131 Uzman\u0131\u201d gen\u00e7ler t\u00f6renle sertifikalar\u0131n\u0131 ald\u0131. Akdeniz Belediyesi\u2019nin, sekt\u00f6rde &hellip; <a href=\"https:\/\/akdenizolaygazetesi.com\/?p=29441\" class=\"more-link\">Devam\u0131n\u0131 Oku&#8230;<\/a><\/p>\n","protected":false},"author":2,"featured_media":29442,"comment_status":"open","ping_status":"open","sticky":false,"template":"","format":"standard","meta":[],"categories":[1,2,3,5],"tags":[],"_links":{"self":[{"href":"https:\/\/akdenizolaygazetesi.com\/index.php?rest_route=\/wp\/v2\/posts\/29441"}],"collection":[{"href":"https:\/\/akdenizolaygazetesi.com\/index.php?rest_route=\/wp\/v2\/posts"}],"about":[{"href":"https:\/\/akdenizolaygazetesi.com\/index.php?rest_route=\/wp\/v2\/types\/post"}],"author":[{"embeddable":true,"href":"https:\/\/akdenizolaygazetesi.com\/index.php?rest_route=\/wp\/v2\/users\/2"}],"replies":[{"embeddable":true,"href":"https:\/\/akdenizolaygazetesi.com\/index.php?rest_route=%2Fwp%2Fv2%2Fcomments&post=29441"}],"version-history":[{"count":1,"href":"https:\/\/akdenizolaygazetesi.com\/index.php?rest_route=\/wp\/v2\/posts\/29441\/revisions"}],"predecessor-version":[{"id":29443,"href":"https:\/\/akdenizolaygazetesi.com\/index.php?rest_route=\/wp\/v2\/posts\/29441\/revisions\/29443"}],"wp:featuredmedia":[{"embeddable":true,"href":"https:\/\/akdenizolaygazetesi.com\/index.php?rest_route=\/wp\/v2\/media\/29442"}],"wp:attachment":[{"href":"https:\/\/akdenizolaygazetesi.com\/index.php?rest_route=%2Fwp%2Fv2%2Fmedia&parent=29441"}],"wp:term":[{"taxonomy":"category","embeddable":true,"href":"https:\/\/akdenizolaygazetesi.com\/index.php?rest_route=%2Fwp%2Fv2%2Fcategories&post=29441"},{"taxonomy":"post_tag","embeddable":true,"href":"https:\/\/akdenizolaygazetesi.com\/index.php?rest_route=%2Fwp%2Fv2%2Ftags&post=29441"}],"curies":[{"name":"wp","href":"https:\/\/api.w.org\/{rel}","templated":true}]}}