{"id":29488,"date":"2024-01-22T13:12:16","date_gmt":"2024-01-22T10:12:16","guid":{"rendered":"http:\/\/akdenizolaygazetesi.com\/?p=29488"},"modified":"2024-01-22T13:12:16","modified_gmt":"2024-01-22T10:12:16","slug":"iz-birakanlar-muzesi-binlerce-ziyaretciyi-agirladi","status":"publish","type":"post","link":"https:\/\/akdenizolaygazetesi.com\/?p=29488","title":{"rendered":"\u0130z B\u0131rakanlar M\u00fczesi binlerce ziyaret\u00e7iyi a\u011f\u0131rlad\u0131"},"content":{"rendered":"<p>Akdeniz Belediyesi\u2019nin Mersin\u2019e kazand\u0131rd\u0131\u011f\u0131 \u2018\u0130z B\u0131rakanlar M\u00fczesi\u2019, a\u00e7\u0131ld\u0131\u011f\u0131 g\u00fcnden bug\u00fcne binlerce ziyaret\u00e7iyi a\u011f\u0131rlad\u0131. Kentin uzak ve yak\u0131n tarihine derin bir yolculuk sunan m\u00fcze, 7\u2019den 70\u2019e herkesin be\u011fenisini kazan\u0131yor.<br \/>\nMersin Valili\u011fi\u2019nin destekleri ile 2 y\u0131l \u00f6nce a\u00e7\u0131lan \u0130z B\u0131rakanlar M\u00fczesi, kentin en \u00e7ok ziyaret edilen yerlerinden biri haline geldi. Tamamen yenilenen tarihi bir Mersin evinin restore edilip d\u00f6n\u00fc\u015ft\u00fcr\u00fclmesiyle kentte kazand\u0131r\u0131lan m\u00fcze, bug\u00fcne kadar binlerce ziyaret\u00e7iyi a\u011f\u0131rlad\u0131. Kentin uzak ve yak\u0131n tarihinin yan\u0131 s\u0131ra, kente iz b\u0131rakm\u0131\u015f siyaset, sanat, spor ve bas\u0131n camias\u0131ndan tarihi \u015fahsiyetleri g\u00f6rme ve tan\u0131ma f\u0131rsat\u0131 bulunan m\u00fcze, gezen herkesin b\u00fcy\u00fck be\u011fenisini kazan\u0131yor. \u00d6zellikle \u00f6\u011frenciler planlanan programlarla m\u00fczeyi gezdirilerek, kentin tarihiyle ilgili bilgiler al\u0131yor.<br \/>\n\u201cBuras\u0131 \u00e7ok g\u00fczel bir m\u00fcze haline d\u00f6n\u00fc\u015ft\u00fcr\u00fclm\u00fc\u015f\u201d<br \/>\nM\u00fczeyi gezen Feride Ay\u00e7i\u00e7ek, uzun y\u0131llard\u0131r Mersin\u2019de ya\u015fad\u0131\u011f\u0131n\u0131 ancak b\u00f6yle g\u00fczel yerlerin daha \u00f6nce olmad\u0131\u011f\u0131n\u0131 s\u00f6yledi. M\u00fczeyi \u00e7ok be\u011fendi\u011fini vurgulayan Ay\u00e7i\u00e7ek, \u201cBen Mersin\u2019de b\u00f6yle yerlerin daha fazla \u00e7o\u011falmas\u0131n\u0131 istiyorum.  \u00d6zellikle kent merkezinde \u00e7ok g\u00fczel eski evlerimiz var ama bunlar\u0131n \u00e7o\u011fu at\u0131l durumda duruyor. \u0130\u015fte buras\u0131 \u00e7ok g\u00fczel bir m\u00fcze haline d\u00f6n\u00fc\u015ft\u00fcr\u00fclm\u00fc\u015f. Ger\u00e7ekten \u00e7ok g\u00fczel olmu\u015f. Herkesin eline, eme\u011fine sa\u011fl\u0131k. Bizim il d\u0131\u015f\u0131ndan misafirlerimiz geldi\u011fi zaman merkezde b\u00f6yle g\u00f6t\u00fcrece\u011fimiz \u00e7ok yer yok. Bu gibi yerler \u00e7o\u011fal\u0131rsa bizde misafirlerimizi gezdirebilir, kentle ilgili daha g\u00fczel bilgiler verebiliriz\u201d dedi.<br \/>\n\u201cBurada bir\u00e7ok \u015fey g\u00f6rd\u00fcm, \u00f6\u011frendim\u201d<br \/>\nM\u00fczeyi gezen \u00f6\u011frencilerden Bat\u0131 Y\u0131lmaz Basuk da \u0130z B\u0131kanlar M\u00fczesi\u2019ni ilk kez geldi\u011fini belirterek, \u201c\u00d6nceden g\u00f6rmedi\u011fim bir\u00e7ok \u015feyi g\u00f6rd\u00fcm, \u00f6\u011frendim. Buray\u0131 gezdi\u011fim i\u00e7in \u00e7ok mutluyum. Herkes buraya gelip, g\u00f6rmeli. \u00c7ok g\u00fczel bir m\u00fcze olmu\u015f\u201d ifadelerini kulland\u0131.<br \/>\n\u00d6\u011frenci Bu\u011flem F\u0131nd\u0131k ise m\u00fczeyi ilk kez gezdi\u011fini dile getirerek, \u201cBurada \u00e7ok g\u00fczel bilgiler ald\u0131k. Kentimizde ya\u015fayan ve tarihe damga vuran bir\u00e7ok b\u00fcy\u00fc\u011f\u00fcm\u00fcz\u00fc g\u00f6rme imkan\u0131m\u0131z oldu. Atat\u00fcrk\u2019\u00fcn Mersin ziyaretinde nereleri gezdi\u011fini \u00f6\u011frendik. Buray\u0131 gezerken kendimi \u00e7ok mutlu hissettim\u201d \u015feklinde konu\u015ftu.<br \/>\n\u201cBuradan herkes memnun ve mutlu ayr\u0131l\u0131yor\u201d<br \/>\nM\u00fcze sorumlusu Fatma Toklu, m\u00fczenin a\u00e7\u0131ld\u0131\u011f\u0131 g\u00fcnden itibaren \u00e7ok say\u0131da ziyaret\u00e7iyi a\u011f\u0131rlad\u0131\u011f\u0131n\u0131 dile getirdi. M\u00fczede Mersin\u2019in eski ve yak\u0131n tarihiyle ilgili bir\u00e7ok bilginin oldu\u011funun alt\u0131n\u0131 \u00e7izen Toklu, \u201cM\u00fczemize a\u00e7\u0131ld\u0131\u011f\u0131 g\u00fcnden beri her g\u00fcn ziyaret\u00e7i mutlaka geliyor. Okullar\u0131m\u0131zdaki \u00f6\u011frenciler belirli periyotlarla ziyarete geliyor. Hatta ba\u015fka illerden ve yurt d\u0131\u015f\u0131ndan vatanda\u015flar\u0131m\u0131z geliyor. Buray\u0131 gezen herkes buradan memnun ve mutlu ayr\u0131l\u0131yor. Mersinliler \u00f6zellikle \u2018Mersinli olmaktan gurur\u2019 duyuyoruz diyor. Buray\u0131 gezenlerin bir\u00e7o\u011fu da \u00f6\u011frendikleri bilgileri ilk kez duyduklar\u0131n\u0131 ifade ediyor. Ger\u00e7ekten insanlar buraya girdikten sonra bir \u015feyler \u00f6\u011freniyor, bir \u015feyler g\u00f6r\u00fcyor. Baz\u0131lar\u0131 da tan\u0131d\u0131klar\u0131n\u0131 buluyor. Belediyemize, belediye ba\u015fkan\u0131m\u0131za te\u015fekk\u00fcrlerini sunuyorlar. Ziyaret sonunda da an\u0131 defterine d\u00fc\u015f\u00fcncelerini yaz\u0131p, buradan memnun bir \u015fekilde ayr\u0131l\u0131yorlar\u201d diye konu\u015ftu. <\/p>\n","protected":false},"excerpt":{"rendered":"<p>Akdeniz Belediyesi\u2019nin Mersin\u2019e kazand\u0131rd\u0131\u011f\u0131 \u2018\u0130z B\u0131rakanlar M\u00fczesi\u2019, a\u00e7\u0131ld\u0131\u011f\u0131 g\u00fcnden bug\u00fcne binlerce ziyaret\u00e7iyi a\u011f\u0131rlad\u0131. Kentin uzak ve yak\u0131n tarihine derin bir yolculuk sunan m\u00fcze, 7\u2019den 70\u2019e herkesin be\u011fenisini kazan\u0131yor. Mersin Valili\u011fi\u2019nin &hellip; <a href=\"https:\/\/akdenizolaygazetesi.com\/?p=29488\" class=\"more-link\">Devam\u0131n\u0131 Oku&#8230;<\/a><\/p>\n","protected":false},"author":2,"featured_media":29489,"comment_status":"open","ping_status":"open","sticky":false,"template":"","format":"standard","meta":[],"categories":[1,3],"tags":[],"_links":{"self":[{"href":"https:\/\/akdenizolaygazetesi.com\/index.php?rest_route=\/wp\/v2\/posts\/29488"}],"collection":[{"href":"https:\/\/akdenizolaygazetesi.com\/index.php?rest_route=\/wp\/v2\/posts"}],"about":[{"href":"https:\/\/akdenizolaygazetesi.com\/index.php?rest_route=\/wp\/v2\/types\/post"}],"author":[{"embeddable":true,"href":"https:\/\/akdenizolaygazetesi.com\/index.php?rest_route=\/wp\/v2\/users\/2"}],"replies":[{"embeddable":true,"href":"https:\/\/akdenizolaygazetesi.com\/index.php?rest_route=%2Fwp%2Fv2%2Fcomments&post=29488"}],"version-history":[{"count":1,"href":"https:\/\/akdenizolaygazetesi.com\/index.php?rest_route=\/wp\/v2\/posts\/29488\/revisions"}],"predecessor-version":[{"id":29490,"href":"https:\/\/akdenizolaygazetesi.com\/index.php?rest_route=\/wp\/v2\/posts\/29488\/revisions\/29490"}],"wp:featuredmedia":[{"embeddable":true,"href":"https:\/\/akdenizolaygazetesi.com\/index.php?rest_route=\/wp\/v2\/media\/29489"}],"wp:attachment":[{"href":"https:\/\/akdenizolaygazetesi.com\/index.php?rest_route=%2Fwp%2Fv2%2Fmedia&parent=29488"}],"wp:term":[{"taxonomy":"category","embeddable":true,"href":"https:\/\/akdenizolaygazetesi.com\/index.php?rest_route=%2Fwp%2Fv2%2Fcategories&post=29488"},{"taxonomy":"post_tag","embeddable":true,"href":"https:\/\/akdenizolaygazetesi.com\/index.php?rest_route=%2Fwp%2Fv2%2Ftags&post=29488"}],"curies":[{"name":"wp","href":"https:\/\/api.w.org\/{rel}","templated":true}]}}