{"id":29519,"date":"2024-01-24T12:25:49","date_gmt":"2024-01-24T09:25:49","guid":{"rendered":"http:\/\/akdenizolaygazetesi.com\/?p=29519"},"modified":"2024-01-24T12:25:49","modified_gmt":"2024-01-24T09:25:49","slug":"hem-demokrasi-sehitlerine-hem-de-ulkemizin-demokrasisine-sahip-ciktiniz","status":"publish","type":"post","link":"https:\/\/akdenizolaygazetesi.com\/?p=29519","title":{"rendered":"\u201cHem demokrasi \u015fehitlerine hem de \u00fclkemizin demokrasisine sahip \u00e7\u0131kt\u0131n\u0131z.\u201d"},"content":{"rendered":"<p>Mersin Yeni\u015fehir Belediyesi, 24 Ocak 1993 tarihinde u\u011frad\u0131\u011f\u0131 bombal\u0131 sald\u0131r\u0131da ya\u015fam\u0131n\u0131 yitiren gazeteci ve yazar U\u011fur Mumcu ile demokrasi \u015fehitleri i\u00e7in anma program\u0131 d\u00fczenledi. Anma program\u0131nda usta sanat\u00e7\u0131lar Menderes Samanc\u0131lar, Orhan Ayd\u0131n, Nebil \u00d6zgent\u00fcrk ve Levent \u00dcz\u00fcmc\u00fc sahne ald\u0131.<br \/>\nMersin Yeni\u015fehir Belediyesi taraf\u0131ndan Yeni\u015fehir Belediyesi Atat\u00fcrk K\u00fclt\u00fcr Merkezi\u2019nde d\u00fczenlenen anma program\u0131na Mersinliler yo\u011fun ilgi g\u00f6sterdi. Yeni\u015fehir Belediye Ba\u015fkan\u0131 Abdullah \u00d6zyi\u011fit, CHP Mezitli Belediye Ba\u015fkan Aday\u0131 Ahmet Serkan Tuncer, sivil toplum kurulu\u015flar\u0131n\u0131n ba\u015fkan ve temsilcileri ile belediye meclis \u00fcyeleri ve y\u00fczlerce vatanda\u015f program\u0131 izledi. Anma program\u0131 belgesel y\u00f6netmeni ve yazar Nebil \u00d6zgent\u00fcrk\u2019\u00fcn haz\u0131rlad\u0131\u011f\u0131 ve U\u011fur Mumcu\u2019nun hayat\u0131n\u0131 anlatan belgesel g\u00f6sterimiyle ba\u015flad\u0131. Nebil \u00d6zgent\u00fcrk ile sahneye \u00e7\u0131kan usta sanat\u00e7\u0131 Menderes Samanc\u0131lar,  U\u011fur Mumcu an\u0131s\u0131na yazd\u0131\u011f\u0131 \u015fiirleri seslendirdi. Program\u0131n ikinci b\u00f6l\u00fcm\u00fcnde ise Cengiz Toraman\u2019\u0131n yaz\u0131p y\u00f6netti\u011fi \u201cUnutma Bizi\u201d oyunu usta sanat\u00e7\u0131lar Orhan Ayd\u0131n ve Levent \u00dcz\u00fcmc\u00fc taraf\u0131ndan sahnelendi. Levent \u00dcz\u00fcmc\u00fc Tiyatrosu taraf\u0131ndan haz\u0131rlanan oyunda U\u011fur Mumcu\u2019nun hayat\u0131 anlat\u0131l\u0131rken piyanist Dengin Ceyhan\u2019\u0131n e\u015fli\u011finde sanat\u00e7\u0131 G\u00fclcan Altan da sahne ald\u0131.<br \/>\n\u201cHem demokrasi \u015fehitlerine hem de \u00fclkemizin demokrasisine sahip \u00e7\u0131kt\u0131n\u0131z.\u201d<br \/>\nAnma program\u0131nda konu\u015fan ve demokrasi \u015fehitlerinin b\u0131rakt\u0131\u011f\u0131 de\u011ferlere ba\u011fl\u0131 kalarak yola devam edeceklerini ifade eden Yeni\u015fehir Belediye Ba\u015fkan\u0131 Abdullah \u00d6zyi\u011fit, \u201cBug\u00fcn burada bu salonu doldurdu\u011funuz i\u00e7in size te\u015fekk\u00fcr ediyorum. Bug\u00fcn asl\u0131nda hem demokrasi \u015fehitlerine hem de \u00fclkemizin demokrasisine sahip \u00e7\u0131kt\u0131n\u0131z. \u00dclkemizin geldi\u011fi yere bakarsak U\u011fur Mumcu\u2019nun, Muammer Aksoy\u2019un, Abdi \u0130pek\u00e7i\u2019nin, Ahmet Taner K\u0131\u015flal\u0131\u2019n\u0131n, Metin G\u00f6ktepe\u2019nin, Bahriye U\u00e7ok\u2019un, \u00c7etin Eme\u00e7\u2019in, Hrant Dink\u2019in neden katledildi\u011fini asl\u0131nda anlayabiliriz. \u00d6zg\u00fcrl\u00fck, adalet ve demokrasi m\u00fccadelesi veren, kalemini satmayan, hi\u00e7bir \u015feyden korkmayan bu yi\u011fitler olsayd\u0131, bug\u00fcn \u00fclkemizin, demokrasimizin geldi\u011fi nokta emin olun ki b\u00f6yle olmazd\u0131. Onlar\u0131n bize b\u0131rakt\u0131\u011f\u0131 bu de\u011ferlere ba\u011fl\u0131 kalarak, gelecek nesillere aktarma noktas\u0131nda da \u00fczerimize d\u00fc\u015feni yaparak, yolumuza devam edece\u011fiz.\u201d dedi.<br \/>\n\u201cU\u011fur Mumcu\u2019lar\u0131n kalemi yere d\u00fc\u015fmeyecek.\u201d<br \/>\nDemokrasi i\u00e7in yasama, y\u00fcr\u00fctme, yarg\u0131 ve ba\u011f\u0131ms\u0131z medyan\u0131n \u00f6nemine vurgu yapan Ba\u015fkan \u00d6zyi\u011fit, \u201cKalpaks\u0131z Kuvayi Milliye\u2019ci U\u011fur Mumcu \u015f\u00f6yle diyor; \u2018Ben Atat\u00fcrk\u00e7\u00fcy\u00fcm, ben cumhuriyet\u00e7iyim, ben laikim, ben antiemperyalistim, ben tam ba\u011f\u0131ms\u0131z T\u00fcrkiye&#8217;den yanay\u0131m, ben insan haklar\u0131 savunucuyum, ben ter\u00f6r\u00fcn kar\u015f\u0131s\u0131nday\u0131m; ben yobazlar\u0131n, h\u0131rs\u0131zlar\u0131n, vurguncular\u0131n, \u00e7\u0131karc\u0131lar\u0131n d\u00fc\u015fman\u0131y\u0131m. D\u00fcn sabaha de\u011fin ara\u015ft\u0131rarak yazd\u0131\u011f\u0131m hi\u00e7bir konuyu yalanlayamad\u0131n\u0131z. \u00d6yleyse vurun, par\u00e7alay\u0131n. Her par\u00e7amdan benim gibiler, beni a\u015facaklar do\u011facakt\u0131r.\u2019  Bir \u00fclkede demokrasinin varl\u0131\u011f\u0131ndan s\u00f6z edebiliyorsak yasama, y\u00fcr\u00fctme, yarg\u0131 ve ba\u011f\u0131ms\u0131z medyan\u0131n do\u011fru i\u015flemesi gerekiyor. Bas\u0131n \u00f6zg\u00fcrl\u00fc\u011f\u00fcn\u00fc k\u0131s\u0131tlad\u0131lar, ekranlar\u0131 karartt\u0131lar, gazetecileri tutuklad\u0131lar, havuzlar olu\u015fturdular.  \u015eimdi de Anayasa Mahkemesi kararlar\u0131n\u0131n kabul edilmemesi gibi endi\u015fe verici bir durumlarla kar\u015f\u0131 kar\u015f\u0131yay\u0131z. Demokrasinin nerelere g\u00f6t\u00fcr\u00fcld\u00fc\u011f\u00fcn\u00fc hepimiz g\u00f6r\u00fcyoruz. \u00dclkemizi Ortado\u011fu karanl\u0131\u011f\u0131na \u00e7ekmek isteyenlere kar\u015f\u0131 m\u00fccadelemiz s\u00fcrecek. U\u011fur Mumcu\u2019lar\u0131n kalemi yere d\u00fc\u015fmeyecek.\u201d diye konu\u015ftu.<br \/>\nAnma program\u0131nda CHP Grup Ba\u015fkanvekili ve Mersin Milletvekili Ali Mahir Ba\u015far\u0131r\u2019\u0131n da mesaj\u0131 okundu. Ba\u015fkan Abdullah \u00d6zyi\u011fit, program\u0131n ard\u0131ndan sanat\u00e7\u0131lara \u00e7i\u00e7ek vererek, kat\u0131l\u0131mlar\u0131ndan dolay\u0131 te\u015fekk\u00fcr etti. <\/p>\n","protected":false},"excerpt":{"rendered":"<p>Mersin Yeni\u015fehir Belediyesi, 24 Ocak 1993 tarihinde u\u011frad\u0131\u011f\u0131 bombal\u0131 sald\u0131r\u0131da ya\u015fam\u0131n\u0131 yitiren gazeteci ve yazar U\u011fur Mumcu ile demokrasi \u015fehitleri i\u00e7in anma program\u0131 d\u00fczenledi. Anma program\u0131nda usta sanat\u00e7\u0131lar Menderes Samanc\u0131lar, &hellip; <a href=\"https:\/\/akdenizolaygazetesi.com\/?p=29519\" class=\"more-link\">Devam\u0131n\u0131 Oku&#8230;<\/a><\/p>\n","protected":false},"author":2,"featured_media":29520,"comment_status":"open","ping_status":"open","sticky":false,"template":"","format":"standard","meta":[],"categories":[3,5],"tags":[],"_links":{"self":[{"href":"https:\/\/akdenizolaygazetesi.com\/index.php?rest_route=\/wp\/v2\/posts\/29519"}],"collection":[{"href":"https:\/\/akdenizolaygazetesi.com\/index.php?rest_route=\/wp\/v2\/posts"}],"about":[{"href":"https:\/\/akdenizolaygazetesi.com\/index.php?rest_route=\/wp\/v2\/types\/post"}],"author":[{"embeddable":true,"href":"https:\/\/akdenizolaygazetesi.com\/index.php?rest_route=\/wp\/v2\/users\/2"}],"replies":[{"embeddable":true,"href":"https:\/\/akdenizolaygazetesi.com\/index.php?rest_route=%2Fwp%2Fv2%2Fcomments&post=29519"}],"version-history":[{"count":1,"href":"https:\/\/akdenizolaygazetesi.com\/index.php?rest_route=\/wp\/v2\/posts\/29519\/revisions"}],"predecessor-version":[{"id":29521,"href":"https:\/\/akdenizolaygazetesi.com\/index.php?rest_route=\/wp\/v2\/posts\/29519\/revisions\/29521"}],"wp:featuredmedia":[{"embeddable":true,"href":"https:\/\/akdenizolaygazetesi.com\/index.php?rest_route=\/wp\/v2\/media\/29520"}],"wp:attachment":[{"href":"https:\/\/akdenizolaygazetesi.com\/index.php?rest_route=%2Fwp%2Fv2%2Fmedia&parent=29519"}],"wp:term":[{"taxonomy":"category","embeddable":true,"href":"https:\/\/akdenizolaygazetesi.com\/index.php?rest_route=%2Fwp%2Fv2%2Fcategories&post=29519"},{"taxonomy":"post_tag","embeddable":true,"href":"https:\/\/akdenizolaygazetesi.com\/index.php?rest_route=%2Fwp%2Fv2%2Ftags&post=29519"}],"curies":[{"name":"wp","href":"https:\/\/api.w.org\/{rel}","templated":true}]}}