{"id":29522,"date":"2024-01-24T12:27:16","date_gmt":"2024-01-24T09:27:16","guid":{"rendered":"http:\/\/akdenizolaygazetesi.com\/?p=29522"},"modified":"2024-01-24T12:27:16","modified_gmt":"2024-01-24T09:27:16","slug":"cocuk-meclisinin-baskan-vekilleri-ve-katip-uyeleri-secildi","status":"publish","type":"post","link":"https:\/\/akdenizolaygazetesi.com\/?p=29522","title":{"rendered":"\u00c7OCUK MECL\u0130S\u0130&#8217;N\u0130N BA\u015eKAN VEK\u0130LLER\u0130 VE KAT\u0130P \u00dcYELER\u0130 SE\u00c7\u0130LD\u0130"},"content":{"rendered":"<p>Mersin B\u00fcy\u00fck\u015fehir Belediyesi&#8217;nin bir ilke imza atarak hayata ge\u00e7irdi\u011fi &#8216;\u00c7ocuk Meclisi&#8217; Ocak Ay\u0131 1. Ola\u011fan Meclis Toplant\u0131s\u0131&#8217;n\u0131 ger\u00e7ekle\u015ftirdi.<\/p>\n<p>\u00c7ocuk dostu belediye anlay\u0131\u015f\u0131 ile \u00e7ocuklar\u0131nda kent y\u00f6netiminde s\u00f6z sahibi olabilmesi ve kentle ilgili sorunlar\u0131n \u00e7\u00f6z\u00fcm\u00fcnde aktif rol almas\u0131 i\u00e7in Kad\u0131n ve Aile Hizmetleri Dairesi Ba\u015fkanl\u0131\u011f\u0131&#8217;n\u0131n hayata ge\u00e7irdi\u011fi proje olan \u00c7ocuk Meclisi, ba\u015fkan vekillerini ve k\u00e2tip \u00fcyelerini se\u00e7ti. Se\u00e7imlerin ard\u0131ndan komisyonlardan gelen maddeler oy birli\u011fiyle kabul edilirken, baz\u0131 maddeler de komisyonlara havale edildi.<\/p>\n<p>Toplant\u0131da Meclis Ba\u015fkan Vekilli\u011fi&#8217;ne Aysel Suda G\u00fcltekin, Cihan \u00c7elik ve Efe Tendik se\u00e7ilirken, Emine Ela Tok ile Efe Dokuzo\u011flu da K\u00e2tip \u00fcyeli\u011fine se\u00e7ildi.<\/p>\n<p>Meclis Ba\u015fkan\u0131 Ye\u015fil\u00e7ay\u0131r ilk resmim toplant\u0131s\u0131na kat\u0131ld\u0131<\/p>\n<p>Toplant\u0131n\u0131n ard\u0131ndan a\u00e7\u0131klama yapan \u00c7ocuk Meclisi Ba\u015fkan\u0131 Meri\u00e7 Ye\u015fil\u00e7ay\u0131r, resmi olarak ilk toplant\u0131s\u0131n\u0131 ald\u0131\u011f\u0131 i\u00e7in heyecanl\u0131 oldu\u011funu s\u00f6yledi. Ba\u015fkan vekili ve k\u00e2tip se\u00e7tiklerini kaydeden Ye\u015fil\u00e7ay\u0131r, &#8220;\u00c7ok g\u00fczel \u00f6neriler vard\u0131. \u00d6neriler hayata ge\u00e7sin diye haz\u0131rl\u0131klar yapmaya ba\u015flad\u0131k. Ben not ald\u0131m, onlar\u0131 faaliyete ge\u00e7irece\u011fiz. Hepinizin \u00f6nerileri \u00e7ok g\u00fczel, hepinizi \u00e7ok seviyoruz&#8221; s\u00f6zlerine yer verdi<\/p>\n<p>Ba\u015fkan vekilli\u011fine ve k\u00e2tipli\u011fe se\u00e7ilen \u00e7ocuklar Mersin i\u00e7in \u00e7al\u0131\u015fmaya haz\u0131r<\/p>\n<p>Birinci vekil aday\u0131 se\u00e7ildi\u011fi i\u00e7in \u00e7ok mutlu oldu\u011funu kaydeden Aysel Sude G\u00fcltekin ise, &#8220;Kazanaca\u011f\u0131m diyordum, kazand\u0131m. Atat\u00fcrk s\u00f6z\u00fc vard\u0131r, &#8216;Zafer, zafer benimdir diyebilenindir'&#8221; s\u00f6z\u00fcne yer verdi. \u00d6nerileri dikkate ald\u0131\u011f\u0131n\u0131 vurgulayan G\u00fcltekin, &#8220;Okullarda \u00f6\u011fretmenlerle ilgili ya\u015fan\u0131lan s\u0131k\u0131nt\u0131lar dile getirildi. Benim \u00e7ok dikkatimi \u00e7ekti, gayet hakl\u0131lard\u0131. Bu sorunlar \u00fczerinden \u00e7al\u0131\u015fmalar y\u00fcr\u00fctmeyi planl\u0131yoruz&#8221; diye konu\u015ftu.<\/p>\n<p>B\u00fct\u00fcn il\u00e7elerden temsilci \u00e7ocuklar\u0131n olmas\u0131n\u0131n \u00f6nemli oldu\u011funu s\u00f6yleyen Ba\u015fkan Vekili Cihan \u00c7elik, \u00e7ok \u00f6nemli \u00f6nerilerin sunuldu\u011funu s\u00f6yledi. Kendisinin de bu \u00f6nerileri dikkate ald\u0131\u011f\u0131n\u0131 belirten \u00c7elik, &#8220;\u0130ki ay i\u00e7inde ben il\u00e7emizde t\u00fcm sorunlar\u0131 t\u00fcm sokaklar\u0131 geziyorum, gezdim, g\u00f6rd\u00fcm ve dedim ki &#8216;Mersin&#8217;i daha da g\u00fczel yapabiliriz&#8217; dedim. Mersin&#8217;deki t\u00fcm \u00e7ocuklar\u0131 da seviyorum. Umutsuz olmas\u0131nlar, \u00c7ocuk Meclisi var. Hepsini g\u00f6zlerinden \u00f6p\u00fcyorum&#8221; dedi.<\/p>\n<p>\u00dc\u00e7\u00fcnc\u00fc s\u0131rada ba\u015fkan vekili se\u00e7ilen Efe Tendik, \u00e7ok mutlu oldu\u011funu belirterek, &#8220;Beni se\u00e7en b\u00fct\u00fcn vekil arkada\u015flar\u0131ma \u00e7ok te\u015fekk\u00fcrlerimi sunuyorum&#8221; ifadelerini kulland\u0131. Lise \u00f6\u011frencisi olarak \u00f6zellikle liselilerin sesini Meclis&#8217;e ta\u015f\u0131yaca\u011f\u0131n\u0131 vurgulayan Tendik, &#8220;Daha \u00e7ok gen\u00e7 ve liseli arkada\u015flar\u0131m\u0131z\u0131n eksiklerine \u00e7\u00f6z\u00fcm bulmaya \u00e7al\u0131\u015faca\u011f\u0131m. Ba\u015fta \u015fehrimizde daha az bulunan sportif tesislerin artt\u0131r\u0131lmas\u0131, \u00f6\u011frencilere yard\u0131mlar\u0131n artt\u0131r\u0131lmas\u0131, belediyemizin \u00f6\u011frencilere destek olmas\u0131n\u0131 ama\u00e7layaca\u011f\u0131z&#8221; vaatlerini verdi.<\/p>\n<p>Meclis K\u00e2tibi se\u00e7ilen Emine Ela Tok ise, \u00e7ok heyecanl\u0131 oldu\u011funu s\u00f6yledi. \u00d6zellikle Mersin&#8217;in \u00e7evre sorunlar\u0131na dair \u00f6nerilerin geldi\u011fini belirten Tok, &#8220;Bence her \u00e7ocu\u011fun dilek ve \u00f6nerileri al\u0131nmal\u0131. Bunun i\u00e7in sadece bu \u00c7ocuk Meclisi&#8217;ne de\u011fil daha \u00e7ok yetkililere de ula\u015fman\u0131z gerekti\u011fini d\u00fc\u015f\u00fcn\u00fcyorum. \u00c7\u00fcnk\u00fc siz onlara ula\u015f\u0131rsan\u0131z onlar da bize ula\u015fabilir ve b\u00f6ylece daha \u00e7ok \u00e7ocu\u011fun sesini duyabiliriz&#8221; \u015feklinde konu\u015ftu.<\/p>\n<p>Meclis K\u00e2tibi Efe Dokuzo\u011flu ise, &#8220;Dilek ve \u00f6neriler k\u0131sm\u0131nda insanlar\u0131n meclis \u00fcyelerinin oylar\u0131n\u0131 belirtmeleri, d\u00fc\u015f\u00fcncelerini belirtmeleri benim i\u00e7in b\u00fcy\u00fck bir mutluluktu. En \u00e7ok dikkatimi \u00e7eken okullarla ilgili olanlard\u0131. Bu kadar \u00f6\u011frencinin okullarla ilgili \u015fikayeti olmas\u0131 beni ger\u00e7ekten \u00e7ok \u00fczd\u00fc. Umar\u0131m yetkililer bunu dikkate al\u0131rlar. Kendi okulumla ilgili veya Mersin&#8217;deki ba\u015fka okullarla ilgili \u00e7al\u0131\u015fmalar ba\u015flatmay\u0131 d\u00fc\u015f\u00fcn\u00fcyorum&#8221; dedi.<\/p>\n","protected":false},"excerpt":{"rendered":"<p>Mersin B\u00fcy\u00fck\u015fehir Belediyesi&#8217;nin bir ilke imza atarak hayata ge\u00e7irdi\u011fi &#8216;\u00c7ocuk Meclisi&#8217; Ocak Ay\u0131 1. Ola\u011fan Meclis Toplant\u0131s\u0131&#8217;n\u0131 ger\u00e7ekle\u015ftirdi. \u00c7ocuk dostu belediye anlay\u0131\u015f\u0131 ile \u00e7ocuklar\u0131nda kent y\u00f6netiminde s\u00f6z sahibi olabilmesi ve &hellip; <a href=\"https:\/\/akdenizolaygazetesi.com\/?p=29522\" class=\"more-link\">Devam\u0131n\u0131 Oku&#8230;<\/a><\/p>\n","protected":false},"author":2,"featured_media":29523,"comment_status":"open","ping_status":"open","sticky":false,"template":"","format":"standard","meta":[],"categories":[2,3],"tags":[],"_links":{"self":[{"href":"https:\/\/akdenizolaygazetesi.com\/index.php?rest_route=\/wp\/v2\/posts\/29522"}],"collection":[{"href":"https:\/\/akdenizolaygazetesi.com\/index.php?rest_route=\/wp\/v2\/posts"}],"about":[{"href":"https:\/\/akdenizolaygazetesi.com\/index.php?rest_route=\/wp\/v2\/types\/post"}],"author":[{"embeddable":true,"href":"https:\/\/akdenizolaygazetesi.com\/index.php?rest_route=\/wp\/v2\/users\/2"}],"replies":[{"embeddable":true,"href":"https:\/\/akdenizolaygazetesi.com\/index.php?rest_route=%2Fwp%2Fv2%2Fcomments&post=29522"}],"version-history":[{"count":1,"href":"https:\/\/akdenizolaygazetesi.com\/index.php?rest_route=\/wp\/v2\/posts\/29522\/revisions"}],"predecessor-version":[{"id":29524,"href":"https:\/\/akdenizolaygazetesi.com\/index.php?rest_route=\/wp\/v2\/posts\/29522\/revisions\/29524"}],"wp:featuredmedia":[{"embeddable":true,"href":"https:\/\/akdenizolaygazetesi.com\/index.php?rest_route=\/wp\/v2\/media\/29523"}],"wp:attachment":[{"href":"https:\/\/akdenizolaygazetesi.com\/index.php?rest_route=%2Fwp%2Fv2%2Fmedia&parent=29522"}],"wp:term":[{"taxonomy":"category","embeddable":true,"href":"https:\/\/akdenizolaygazetesi.com\/index.php?rest_route=%2Fwp%2Fv2%2Fcategories&post=29522"},{"taxonomy":"post_tag","embeddable":true,"href":"https:\/\/akdenizolaygazetesi.com\/index.php?rest_route=%2Fwp%2Fv2%2Ftags&post=29522"}],"curies":[{"name":"wp","href":"https:\/\/api.w.org\/{rel}","templated":true}]}}