{"id":29537,"date":"2024-01-25T12:33:10","date_gmt":"2024-01-25T09:33:10","guid":{"rendered":"http:\/\/akdenizolaygazetesi.com\/?p=29537"},"modified":"2024-01-25T12:33:10","modified_gmt":"2024-01-25T09:33:10","slug":"gelecek-5-yil-meski-icin-sahlanma-donemi-olacak","status":"publish","type":"post","link":"https:\/\/akdenizolaygazetesi.com\/?p=29537","title":{"rendered":"&#8220;GELECEK 5 YIL MESK\u0130 \u0130\u00c7\u0130N \u015eAHLANMA D\u00d6NEM\u0130 OLACAK&#8221;"},"content":{"rendered":"<p>Mersin B\u00fcy\u00fck\u015fehir Belediye Ba\u015fkan\u0131 Vahap Se\u00e7er, &#8216;Kente S\u00f6z\u00fcm\u00fcz Var&#8217; slogan\u0131yla B\u00fcy\u00fck\u015fehir Belediyesi taraf\u0131ndan d\u00fczenlenen &#8216;Kent Kat\u0131l\u0131m\u0131 Bulu\u015fmalar\u0131&#8217;n\u0131n 6. bulu\u015fma serisinin 3. toplant\u0131s\u0131n\u0131 Mersin&#8217;de faaliyet g\u00f6steren Y\u00f6re Dernekleri temsilcileri ile ger\u00e7ekle\u015ftirdi.<\/p>\n<p>Kongre ve Sergi Saray\u0131 \u00c7ok Ama\u00e7l\u0131 Salon&#8217;da ger\u00e7ekle\u015ftirilen bulu\u015fmada Ba\u015fkan Se\u00e7er&#8217;e; Genel Sekreter Olcay Tok, Mersin Su ve Kanalizasyon \u0130daresi (MESK\u0130) Genel M\u00fcd\u00fcr\u00fc \u0130rfan Korkmaz ile Kent Kat\u0131l\u0131m\u0131 ve Sivil Toplum ile \u0130li\u015fkiler \u015eube M\u00fcd\u00fcr\u00fc Ba\u015far Ak\u00e7a e\u015flik etti. Toplant\u0131da ayr\u0131ca B\u00fcy\u00fck\u015fehir ve MESK\u0130 b\u00fcrokratlar\u0131 yer ald\u0131. Toplant\u0131da, kent hakk\u0131ndaki istek ve \u00f6nerilerini Ba\u015fkan Se\u00e7er&#8217;e ileten y\u00f6re dernekleri temsilcileri, B\u00fcy\u00fck\u015fehir&#8217;in hizmetleri dolay\u0131s\u0131yla da te\u015fekk\u00fcr ettiler.<\/p>\n<p>Se\u00e7er: &#8220;Geli\u015fmi\u015f toplumlarda sivil toplum \u00e7ok g\u00fc\u00e7l\u00fcd\u00fcr&#8221;<\/p>\n<p>Toplant\u0131n\u0131n a\u00e7\u0131l\u0131\u015f\u0131nda konu\u015fan Ba\u015fkan Vahap Se\u00e7er, bu t\u00fcr toplant\u0131lar\u0131n kent bile\u015fenlerinin kentle ilgili al\u0131nan kararlarda s\u00f6z sahibi olmas\u0131 ve kat\u0131l\u0131mc\u0131 demokrasi anlay\u0131\u015f\u0131yla y\u00f6netim ger\u00e7ekle\u015ftirmeleri a\u00e7\u0131s\u0131ndan olduk\u00e7a \u00f6nemli oldu\u011funu vurgulad\u0131. Bu toplant\u0131lar\u0131n \u00e7ok yarar\u0131n\u0131 g\u00f6rd\u00fcklerini s\u00f6yleyen Se\u00e7er, &#8220;Kent y\u00f6netiminde bir temsili demokrasi bir de kat\u0131l\u0131mc\u0131 demokrasi vard\u0131r. Biz vatanda\u015f\u0131n al\u0131nan kararlara katk\u0131 sundu\u011fu kat\u0131l\u0131mc\u0131 demokrasiyi tercih ettik. Bir\u00e7ok konuda da yarar\u0131n\u0131 g\u00f6rd\u00fcm. Bu sayede kentle ilgili karar verirken daha do\u011fru i\u015fler yapt\u0131\u011f\u0131m\u0131z\u0131 g\u00f6rd\u00fcm. Zaten geli\u015fmi\u015f toplumlarda sivil toplum \u00e7ok g\u00fc\u00e7l\u00fcd\u00fcr, etkindir ve sonuca tesir edecek g\u00fcc\u00fc vard\u0131r&#8221; dedi.<\/p>\n<p>&#8220;Mersin g\u00f6\u00e7lerle b\u00fcy\u00fcyen reng\u00e2renk bir kent&#8221;<\/p>\n<p>Mersin&#8217;in g\u00f6\u00e7lerle b\u00fcy\u00fcyen ve T\u00fcrkiye&#8217;nin her b\u00f6lgesinden insanlar\u0131n olu\u015fturdu\u011fu rengarenk bir kent oldu\u011funa dikkat \u00e7eken Se\u00e7er, bu \u00e7e\u015fitlili\u011fin siyasi alanda da kendisini g\u00f6sterdi\u011fini ve kentte bir\u00e7ok farkl\u0131 g\u00f6r\u00fc\u015fte siyasi parti oldu\u011funu belirtti. Kendisinin de b\u00f6ylesine reng\u00e2renk bir kenti y\u00f6netti\u011fini ifade eden Se\u00e7er, &#8220;Bu kadar farkl\u0131 siyasal anlay\u0131\u015flar\u0131 birbirleriyle huzur i\u00e7inde ya\u015fatarak, hizmetlerinizde ayr\u0131m yapmadan herkese adaleti da\u011f\u0131tarak, memleketinizde kimsenin kavga etmemesini sa\u011flamak i\u00e7in m\u00fccadele ederek, insanlar\u0131n gece saat ka\u00e7 olursa olsun sokaklarda huzur i\u00e7erisinde gezmesini sa\u011flamak i\u00e7in gecenizi g\u00fcnd\u00fcz\u00fcn\u00fcze katman\u0131z laz\u0131m. Bu kenti y\u00f6netecek insan\u0131n i\u00e7inde insan sevgisinin olmas\u0131 laz\u0131m. \u0130nsanlar\u0131n etnik yap\u0131s\u0131na, siyasetine, paras\u0131na, diline, mezhebine, me\u015frebine g\u00f6re bakan bir insan burada belediye ba\u015fkanl\u0131\u011f\u0131n\u0131 ba\u015far\u0131l\u0131 bir \u015fekilde yapamaz&#8221; diye konu\u015ftu. 5 y\u0131l boyunca hi\u00e7bir ayr\u0131m yapmadan adaletli bir \u015fekilde belediye ba\u015fkanl\u0131\u011f\u0131n\u0131 s\u00fcrd\u00fcrd\u00fc\u011f\u00fcn\u00fcn alt\u0131n\u0131 \u00e7izen Se\u00e7er, gelecek d\u00f6nemde de ayn\u0131 anlay\u0131\u015f i\u00e7erisinde olacaklar\u0131na dikkat \u00e7ekti.<\/p>\n<p>&#8220;Gelecek 5 y\u0131l MESK\u0130 i\u00e7in \u015fahlanma d\u00f6nemi olacak&#8221;<\/p>\n<p>MESK\u0130&#8217;nin altyap\u0131 ve kanalizasyon \u00e7al\u0131\u015fmalar\u0131ndan s\u00f6z eden Se\u00e7er, gelecek 3 y\u0131l i\u00e7erisinde t\u00fcm sahil \u015feridindeki ar\u0131tma ve kanalizasyon sorunlar\u0131n\u0131 \u00e7\u00f6zeceklerini belirtti. EBRD&#8217;den 70.3 milyonu hibe olmak \u00fczere 156 milyon avro kredi temin ettiklerini s\u00f6yleyen Se\u00e7er, ar\u0131tma tesislerini de bu kredi kapsam\u0131nda yapacaklar\u0131n\u0131 ifade etti.  Mezitli i\u00e7me suyu \u015febekesi, Silifke, Yenice ve Karaduvar ar\u0131tmas\u0131, Homurlu ile T\u00f6m\u00fck kanalizasyon yap\u0131m\u0131 ile ilgili t\u00fcm projelere finansman sa\u011flad\u0131klar\u0131n\u0131 kaydeden Se\u00e7er, &#8220;Gelecek 3 y\u0131l i\u00e7erisinde MESK\u0130&#8217;ye ba\u011fl\u0131 altyap\u0131 yat\u0131r\u0131mlar\u0131n\u0131 ger\u00e7ekle\u015ftirecek b\u00fct\u00fcn \u00e7al\u0131\u015fmalar\u0131 bitirdik. Gelecek 5 y\u0131l MESK\u0130 i\u00e7in \u015fahlanma d\u00f6nemi olacak. Mersin&#8217;in altyap\u0131 ve i\u00e7me suyu sorunu k\u00f6k\u00fcnden halledilmi\u015f olacak&#8221; ifadelerine yer verdi.<\/p>\n<p>MESK\u0130&#8217;nin kar g\u00fctmeyen bir kurulu\u015f oldu\u011funu ve su fiyatlar\u0131n\u0131 en makul seviyede tuttu\u011funu vurgulayan Se\u00e7er, &#8220;MESK\u0130 1 milyar TL&#8217;den fazla elektrik bedeli \u00f6d\u00fcyor. \u00c7\u00fcnk\u00fc Mersin merkezin suyunun y\u00fczde 85&#8217;i Tarsus&#8217;tan geliyor ve biz onu elektrik enerjisiyle buraya iletiyoruz. Pamukluk Baraj\u0131&#8217;n\u0131n devreye girmesiyle barajdan cazibeyle su gelecek. \u0130sale hatt\u0131n\u0131 anla\u015ft\u0131k DS\u0130 yap\u0131yor, ar\u0131tma tesisini biz yap\u0131yoruz. Su fiyatlar\u0131 m\u00fcmk\u00fcn oldu\u011funca imk\u00e2nlar \u00f6l\u00e7\u00fcs\u00fcnde Mersin halk\u0131na en ucuz \u015fekilde sunulacakt\u0131r. Bundan hi\u00e7bir endi\u015feniz olmas\u0131n. MESK\u0130 sizden ald\u0131\u011f\u0131n\u0131 size harcar&#8221; dedi.<\/p>\n<p>&#8220;Master Plan\u0131&#8217;na g\u00f6re kav\u015fak, k\u00f6pr\u00fcl\u00fc kav\u015fak veya d\u00f6nel kav\u015fak yap\u0131yoruz&#8221;<\/p>\n<p>B\u00fcy\u00fck\u015fehir&#8217;in hayata ge\u00e7irdi\u011fi ve planlad\u0131\u011f\u0131 yol \u00e7al\u0131\u015fmalar\u0131 hakk\u0131nda da detayl\u0131 bilgiler veren Se\u00e7er, &#8220;4. \u00c7evre Yolu&#8217;nun a\u00e7\u0131lmas\u0131 trafi\u011fi rahatlat\u0131c\u0131 ve \u00f6nemli bir \u00e7al\u0131\u015fmad\u0131r. 3. \u00c7evre Yolu&#8217;nun geni\u015fletilerek yenilenmesi, yeni kanalize kav\u015fak yap\u0131lmas\u0131, 3 ayr\u0131 katl\u0131 kav\u015fak, 1 alt ge\u00e7ide belediyenin imza atmas\u0131 \u00f6nemli \u00e7al\u0131\u015fmalard\u0131r. Biz Master Plan\u0131&#8217;na g\u00f6re kav\u015fak, k\u00f6pr\u00fcl\u00fc kav\u015fak ve d\u00f6nel kav\u015fak yap\u0131yoruz&#8221; diye konu\u015ftu.<\/p>\n<p>Se\u00e7er&#8217;den 2. d\u00f6nemde Metro&#8217;yu bitirme s\u00f6z\u00fc<\/p>\n<p>Temelini at\u0131p ba\u015flad\u0131klar\u0131 13 bu\u00e7uk kilometrelik Metro Projesi&#8217;nin de 2 y\u0131l finansman imzas\u0131n\u0131 bekledi\u011fini hat\u0131rlatan Se\u00e7er, &#8220;2 y\u0131l imza bekletilirse Euro 9 liradan 30 liraya \u00e7\u0131kar. Faizler y\u00fczde 5&#8217;lerden, 15&#8217;lere \u00e7\u0131kar, Mersin halk\u0131 kaybeder. Gecikmi\u015f bir yat\u0131r\u0131m, nihayetinde kald\u0131\u011f\u0131 yerden devam eder&#8221; dedi. 2. d\u00f6nemde Metro&#8217;nun ilk etab\u0131n\u0131 bitirme s\u00f6z\u00fc veren Se\u00e7er, &#8220;Mersin; Cumhuriyet tarihinin, t\u00fcm zamanlar\u0131n, belki de b\u00fct\u00fcn \u015fehirlerdeki en pahal\u0131 rayl\u0131 sistem yat\u0131r\u0131m\u0131na ba\u015flad\u0131. Ba\u015fkan\u0131n\u0131z olarak size s\u00f6z\u00fcmd\u00fcr; 2. d\u00f6nemde Metro&#8217;yu bitirme s\u00f6z\u00fc veriyorum&#8221; diye konu\u015ftu.<\/p>\n<p>&#8220;Bu belediyenin her zaman \u00e7al\u0131\u015fan ve meslek sahibi elemana ihtiyac\u0131 var&#8221;<\/p>\n<p>Kariyer Merkezi&#8217;nin de g\u00fczel i\u015fler yapt\u0131\u011f\u0131n\u0131n vurgusunu yapan Se\u00e7er, B\u00fcy\u00fck\u015fehir olarak personeli Kariyer Merkezi&#8217;nden ald\u0131klar\u0131n\u0131 ifade etti. Torpil ile i\u015fe al\u0131m yapmad\u0131klar\u0131n\u0131n alt\u0131n\u0131 \u00e7izen Se\u00e7er, &#8220;Bu belediyenin her zaman \u00e7al\u0131\u015fan ve meslek sahibi elemana ihtiyac\u0131 var. Belediyeler; ailelerin herhangi bir i\u015fte tutunamam\u0131\u015f \u00e7ocuklar\u0131n\u0131n i\u015f buldu\u011fu bir yer olarak alg\u0131land\u0131\u011f\u0131 zaman bu belediyeye s\u0131k\u0131nt\u0131d\u0131r. Ben size b\u00f6yle hizmet veremem. Caddeleriniz b\u00f6yle temiz olmaz. Yap\u0131lan projelerin hayr\u0131 olmaz. Da\u011f\u0131t\u0131lan, katk\u0131 yap\u0131lan sosyal yard\u0131mlarda sorun olur. Belediye&#8217;nin kafelerinde size nezaketle yakla\u015fmazlar. \u00c7\u00fcnk\u00fc onlar siyasi torpille i\u015fe girmi\u015flerdir, arkalar\u0131n\u0131 birilerine dayam\u0131\u015flard\u0131r. Bu belediye b\u00f6yle bir belediye de\u011fildir. O koltu\u011fu b\u0131rak\u0131r\u0131m, yine b\u00f6yle bir belediye haline gelmesine m\u00fcsaade etmem&#8221; dedi.<\/p>\n<p>&#8220;T\u00fcm Mersin sath\u0131na memur stat\u00fcs\u00fcnde 150 itfaiye eri da\u011f\u0131tt\u0131k&#8221;<\/p>\n<p>\u0130tfaiye Dairesi Ba\u015fkanl\u0131\u011f\u0131&#8217;na 150 memur stat\u00fcs\u00fcnde personel al\u0131m\u0131 yapt\u0131klar\u0131n\u0131 ve bu personelin ciddi s\u0131navlardan ge\u00e7erek i\u015fe al\u0131nd\u0131klar\u0131n\u0131 aktaran Se\u00e7er, &#8220;Bir ki\u015fi gelip &#8216;burada torpil d\u00f6nd\u00fc&#8217; demedi. \u00c7\u00fcnk\u00fc diyemedi. Gidin bak\u0131n, gen\u00e7 ve v\u00fccut yap\u0131s\u0131 bu i\u015fi yapmaya uygun insanlar. \u00c7ok kat\u0131 s\u0131navlardan ve testlerden ge\u00e7tiler. Onlar bizim \u00e7ocuklar\u0131m\u0131z. Torpil oldu\u011fu zaman olmaz. Yanl\u0131\u015f m\u00fcdahaleler olur, afetlere m\u00fcdahale edemezler&#8221; diye konu\u015ftu.<\/p>\n<p>&#8220;T\u00fcrkiye&#8217;nin en iddial\u0131 e\u011fitim kurumu Mersin B\u00fcy\u00fck\u015fehir Belediyesi&#8217;nindir&#8221;<\/p>\n<p>B\u00fcy\u00fck\u015fehir&#8217;in b\u00fcnyesinde 350 \u00f6\u011fretmen ve 7 bin \u00f6\u011frenci oldu\u011funu da ifade eden Se\u00e7er, &#8220;T\u00fcrkiye&#8217;nin \u00f6zel sekt\u00f6r dahil en iddial\u0131 e\u011fitim kurumu Mersin B\u00fcy\u00fck\u015fehir Belediyesi&#8217;nindir. L\u00fctfen her y\u0131l bizden \u00f6\u011frencilerin nerelere kazand\u0131\u011f\u0131na bir bak\u0131n. Bir gidin, sorun, &#8216;belediye ne yap\u0131yor, e\u011fitim nas\u0131l, \u00e7ocuk \u00f6\u011fretmenden memnun mu?&#8217; diye. Biz i\u015fimizi ciddi yapan bir belediyeyiz. Biz &#8216;bu \u00fclkede adalet istiyoruz, \u00fclkede herkes e\u015fit yurtta\u015ft\u0131r&#8217; diyoruz. Bunun aksini yapt\u0131\u011f\u0131m\u0131z noktada samimiyet testinden ge\u00e7emeyiz. Ben belediye ba\u015fkan\u0131 olarak ne s\u00f6yl\u00fcyorsam onu uygulamak zorunday\u0131m. &#8216;Ben sosyal demokrat bir belediye ba\u015fkan\u0131y\u0131m&#8217; diyorsam ona yara\u015f\u0131r hizmet yapmak zorunday\u0131m. Onun i\u00e7in \u00f6\u011frenci bileti 1 lira. Onun i\u00e7in 7 bin \u00f6\u011frencimiz var. Onun i\u00e7in 1 de\u011fil, 12 okuma salonu, yeni nesil k\u00fct\u00fcphane var. Herkes sahildeki okuma salonunu g\u00f6r\u00fcyor sahil oldu\u011fu i\u00e7in ama biz mahallelerde de k\u00fct\u00fcphane a\u00e7t\u0131k. Halkkent&#8217;te, Hal&#8217;de, \u00c7ilek&#8217;te, Tarsus Mithat Pa\u015fa ve \u00d6t\u00fcken&#8217;de, Anamur&#8217;da a\u00e7t\u0131k; her yerde a\u00e7t\u0131k&#8221; dedi.<\/p>\n<p>&#8220;Benim i\u00e7in rant yok, halk var&#8221;<\/p>\n<p>Sahilde yapt\u0131klar\u0131 \u00e7al\u0131\u015fmalar\u0131n siyasal bir mesaj\u0131 oldu\u011fundan da s\u00f6z eden Se\u00e7er, &#8220;\u0130\u015fte biz sosyal demokrat bir belediyeyiz. Benim i\u00e7in rant yok, halk var. Oraya restoran yap\u0131p bir arkada\u015f\u0131ma da verebilirdim, &#8216;al buray\u0131 denize naz\u0131r i\u015flet&#8217;, diye. Ama biz oray\u0131 k\u00fct\u00fcphane yapt\u0131k. Benim halk\u0131m\u0131n \u00e7ocu\u011fu oraya lay\u0131kt\u0131r. Yan\u0131 denize naz\u0131r nikah salonudur. Dar gelirli yurtta\u015flar\u0131m da gelsin orada denize naz\u0131r nikah k\u0131ys\u0131n&#8221; ifadelerine yer verdi.<\/p>\n<p>&#8220;Herkes talep edecek, dinleyip yapabilece\u011fini yapacaks\u0131n&#8221;<\/p>\n<p>Belediye&#8217;ye her g\u00fcn \u00f6n kap\u0131dan girdi\u011fini ve kap\u0131da vatanda\u015flar\u0131n taleplerini dinledi\u011fini belirten Se\u00e7er, &#8220;Herkes talep edecek. Herkesin talebini dinleyip yapabilece\u011fini yapacaks\u0131n&#8221; dedi. Meslek edindirme kurslar\u0131nda marangozluktan elektrik kalfal\u0131\u011f\u0131na kadar pek \u00e7ok alanda e\u011fitim verdiklerini kaydeden Se\u00e7er, &#8220;Belediye her \u015feyi yap\u0131yor, Kariyer Merkezi&#8217;ni de onun i\u00e7in kurduk. \u00c7ocuk geliyor, i\u015f istiyor, asl\u0131nda bir yerde kabiliyeti var, kabiliyetinin fark\u0131nda de\u011fil. Kabiliyetini ke\u015ffetsin diye biz Kariyer Merkezi&#8217;ni kurduk. Bir\u00e7ok seminer ve toplant\u0131lar, i\u015fverenlerle i\u015f arayanlar\u0131 bulu\u015fturuyor. Biz de zaman zaman oradan personel al\u0131yoruz&#8221; s\u00f6zlerine yer verdi.<\/p>\n<p>Se\u00e7er&#8217;den Kent Plaj\u0131 m\u00fcjdesi<\/p>\n<p>Mersin&#8217;in merkezde plaj eksiklerini g\u00f6rd\u00fcklerini de kaydeden Se\u00e7er, kent plajlar\u0131 i\u00e7in projelerinin haz\u0131r olduklar\u0131n\u0131 da duyurdu. Projeyi 5 senedir imzalatamad\u0131klar\u0131na de\u011finen Se\u00e7er, &#8220;Emin olun zaman\u0131n \u00e7ok \u00f6tesinde i\u015fler yapt\u0131k. Biz pandemide d\u0131\u015far\u0131 \u00e7\u0131kmad\u0131k ama hep \u00e7al\u0131\u015ft\u0131k. Projeleri yapt\u0131k, \u015fimdi sonuna geldik. Kent plajlar\u0131 konusunda kesinlikle kararl\u0131y\u0131z&#8221; dedi.  En b\u00fcy\u00fck projelerinden birinin Mersin&#8217;de huzuru sa\u011flamak oldu\u011funu ve 5 y\u0131lda bunu da ba\u015fard\u0131klar\u0131n\u0131 s\u00f6yleyen Se\u00e7er, gelecek 5 y\u0131lda da bunu tahkim etmek istediklerini vurgulayarak, &#8220;Mersin huzurlu bir kent. Bir belediye ba\u015fkan\u0131 gecenin her saatinde e\u015fiyle yolda y\u00fcr\u00fcyebiliyorsa o \u015fehir huzurludur. Burada yerli n\u00fcfusun d\u0131\u015f\u0131nda 500 binden fazla insan ya\u015f\u0131yor. Bu son derece \u00f6nemli. E\u011fer bir beldede, bir kentte huzur varsa, en tepedeki belediye ba\u015fkan\u0131n\u0131n fonksiyonu \u00e7ok \u00f6nemlidir&#8221; dedi.<\/p>\n<p>&#8220;Sosyal Konut Projesi&#8217;ni T\u00fcrkiye&#8217;de bir model haline getirece\u011fiz&#8221;<\/p>\n<p>Gelecek d\u00f6nemde hayata ge\u00e7irecekleri Sosyal Konut Projesi&#8217;nin detaylar\u0131n\u0131 aktaran Se\u00e7er, &#8220;Geliri d\u00fc\u015f\u00fck insanlar kiral\u0131k ev bulmakta zorlan\u0131yor. Biz b\u00fct\u00fcn planlar\u0131 bitirdik, Mersin&#8217;in daha 30 y\u0131l yeni imar alan\u0131na ihtiyac\u0131 yok. \u0130\u015fyerine ihtiyac\u0131 vard\u0131, Akdeniz&#8217;de de 3 bin hektar alan a\u00e7t\u0131k. Sorun konut sorunu da de\u011fil. Orta l\u00fcks, l\u00fcks konut \u00e7ok yap\u0131l\u0131yor ama sosyal konut yok&#8221; dedi. Hayata ge\u00e7irecekleri Sosyal Konut Projesi&#8217;ni T\u00fcrkiye&#8217;de bir model haline getireceklerini vurgulayan Se\u00e7er, &#8220;Vatanda\u015fa kiraya verece\u011fiz. Bunun Avrupa&#8217;da \u00f6rnekleri \u00e7ok. Finansman\u0131n\u0131 da yurtd\u0131\u015f\u0131ndan sa\u011flamak i\u00e7in giri\u015fimlerimiz var&#8221; ifadelerine yer verdi.<\/p>\n<p>&#8220;Mersin B\u00fcy\u00fck\u015fehir sosyal politikalarda T\u00fcrkiye&#8217;de ses getiren bir belediye&#8221;<\/p>\n<p>Mersin B\u00fcy\u00fck\u015fehir&#8217;in sosyal politikalarda T\u00fcrkiye&#8217;de ses getiren bir belediye oldu\u011funu ve bu t\u00fcr hizmetlerin aratarak devam edece\u011fini belirten Se\u00e7er, &#8220;Mersin&#8217;in dar gelirlisi, ihtiya\u00e7 sahibi \u00e7ok. Bu Ramazan Ay\u0131 ile beraber 650 bin g\u0131da kolisi da\u011f\u0131tm\u0131\u015f olduk. Hamile s\u00fct\u00fcnden \u00e7ocuklara s\u00fcte, 10 TL&#8217;ye yemekten 5 TL&#8217;ye ucuz ekme\u011fe, Dosthane&#8217;den e\u011fitim desteklerine kadar bir\u00e7ok deste\u011fi ihtiya\u00e7 sahibi vatanda\u015flara veriyoruz&#8221; diye konu\u015ftu.<\/p>\n<p>&#8220;Anamur&#8217;u muazzam bir tatil beldesine \u00e7evirdik&#8221;<\/p>\n<p>\u00d6zellikle tar\u0131msal \u00fcretimin yo\u011fun oldu\u011fu il\u00e7elerde yol \u00e7al\u0131\u015fmalar\u0131na b\u00fcy\u00fck \u00f6nem g\u00f6sterdiklerine dikkat \u00e7eken Se\u00e7er, &#8220;Silifke&#8217;de k\u00f6t\u00fc durumda grup yolu kalmad\u0131. Kum Mahallesi k\u00f6t\u00fc durumdayd\u0131, bizim d\u00f6nemimizde tertemiz oldu&#8221; dedi. Anamur&#8217;da uzun y\u0131llar batakl\u0131k halde olan Anamur \u0130skele Caddesi&#8217;ni yapt\u0131klar\u0131 \u00e7al\u0131\u015fmalar neticesinde muazzam bir tatil beldesine \u00e7evirdiklerini s\u00f6yleyen Se\u00e7er, hizmetleri hi\u00e7bir ayr\u0131m yapmadan b\u00f6lgenin ihtiyac\u0131na g\u00f6re ger\u00e7ekle\u015ftirdiklerini belirtti.<\/p>\n<p>&#8220;Her yere adaletli hizmet g\u00f6t\u00fcr\u00fcyoruz&#8221;<\/p>\n<p>Tar\u0131msal desteklerden de s\u00f6z eden Se\u00e7er, &#8216;Hadi Gel K\u00f6y\u00fcm\u00fcze Destek Verelim&#8217; projesi kapsam\u0131nda 5 y\u0131lda toplam 300 aileye 7 bin 500 hayvan da\u011f\u0131tt\u0131klar\u0131n\u0131 s\u00f6yledi. K\u00fc\u00e7\u00fckba\u015f hayvandan sulama borusuna, fide-fidandan sera malzemelerine kadar bir\u00e7ok deste\u011fi \u00fcreticilere sa\u011flad\u0131klar\u0131n\u0131 aktaran Se\u00e7er, &#8220;Her yere adaletli hizmet g\u00f6t\u00fcr\u00fcyoruz&#8221; dedi.<\/p>\n<p>&#8220;Ben kenti ve sizleri severek bu g\u00f6reve talip oldum&#8221;<\/p>\n<p>Yakla\u015fan yerel se\u00e7imler hakk\u0131nda da g\u00f6r\u00fc\u015flerini payla\u015fan Se\u00e7er, 5 y\u0131ll\u0131k bir belediye ba\u015fkan\u0131 olarak se\u00e7ime gidece\u011fini belirterek &#8220;Ge\u00e7en se\u00e7imde b\u00f6yle bir \u015fans\u0131m yoktu. Yeni bir insand\u0131m. Bir\u00e7o\u011fu ba\u015far\u0131l\u0131 olup olmayaca\u011f\u0131m\u0131 bilmiyordu, bir\u00e7o\u011fu da karakterimi bilmiyordu. Do\u011fal olarak da bir me\u00e7hule oy verdiler. Ben &#8216;Deste\u011finizi bekliyorum. Kazan\u0131rsam merak etmeyin sizin ba\u015f\u0131n\u0131z\u0131 \u00f6ne e\u011fdirmem, gece g\u00fcnd\u00fcz Mersin i\u00e7in \u00e7al\u0131\u015f\u0131r\u0131m. Bu konuda hi\u00e7bir s\u0131k\u0131nt\u0131 olmaz&#8217; diyordum. Benim verdi\u011fim s\u00f6z buydu. Ben kenti ve sizleri severek bu g\u00f6reve talip oldum&#8221; dedi.<\/p>\n<p>&#8220;Bizden memnunsan\u0131z bu memnuniyetinizi di\u011fer vatanda\u015flar\u0131m\u0131zla payla\u015f\u0131n&#8221;<\/p>\n<p>\u00d6n\u00fcm\u00fczdeki se\u00e7imlerde 5 y\u0131l i\u00e7inde sundu\u011fu hizmetlerle Mersinlilerin oylar\u0131na talip olaca\u011f\u0131n\u0131 dile getiren Se\u00e7er, &#8220;E\u011fer bizden memnunsan\u0131z bu memnuniyetinizi di\u011fer vatanda\u015flarla payla\u015f\u0131n, bana destek olun ve bu memnuniyetinizi bir 5 y\u0131l daha devam ettirin. Ben demokrat bir insan\u0131m. Partimiz bizi aday yapt\u0131, yola \u00e7\u0131kt\u0131k. Bu anlamda da bizim i\u00e7in bir onur m\u00fccadelesidir. \u00c7\u00fcnk\u00fc T\u00fcrkiye&#8217;nin ana muhalefet ve en eski partisinin Mersin gibi \u00f6nemli bir yerde Vahap Se\u00e7er&#8217;i aday olarak g\u00f6stermesi bizim i\u00e7in b\u00fcy\u00fck bir sorumluluktur. Onun i\u00e7in yapt\u0131\u011f\u0131m\u0131z karne umar\u0131m iyidir ve sonu\u00e7 da iyi olur. Biz de sizlere 5 y\u0131l daha hizmet etmenin onurunu ve gururunu ya\u015far\u0131z&#8221; ifadelerini kulland\u0131.<\/p>\n<p>\u00c7\u0131\u011fl\u0131k: &#8220;\u00d6nerilerimizi ve sorunlar\u0131m\u0131z\u0131 Vahap Ba\u015fkan&#8217;a birebirde s\u00f6yleme f\u0131rsat\u0131 bulmu\u015f oluyoruz&#8221;<\/p>\n<p>Mersin Dersimliler K\u00fclt\u00fcr Dayan\u0131\u015fma ve Yard\u0131mla\u015fma Derne\u011fi Ba\u015fkan\u0131 Nur\u015fen \u00c7\u0131\u011fl\u0131k, bu tarz bulu\u015fmalar\u0131n \u00f6neminden s\u00f6z ederek, &#8220;B\u00f6ylelikle sivil toplum \u00f6rg\u00fctleri ciddiye al\u0131nm\u0131\u015f oluyor. Biz de kendi \u00f6nerilerimizi ve sorunlar\u0131m\u0131z\u0131 Vahap Ba\u015fkan&#8217;a birebirde s\u00f6yleme f\u0131rsat\u0131 bulmu\u015f oluyoruz. Bizim g\u00f6nl\u00fcm\u00fcz zaten hep Vahap Ba\u015fkan&#8217;dan yanayd\u0131. \u0130stiyordum ki Vahap Ba\u015fkan se\u00e7ilsin. Ger\u00e7ekten buna da \u00e7ok memnun oldum. Ba\u015fkan\u0131m\u0131z\u0131n sonuna kadar yan\u0131nday\u0131z, kay\u0131ts\u0131z \u015farts\u0131z destekleyece\u011fiz&#8221; dedi.<\/p>\n<p>Kurt: &#8220;Ger\u00e7ekten g\u00fczel bir hareket&#8221;<\/p>\n<p>Mersin Arslank\u00f6yl\u00fcler Dayan\u0131\u015fma ve K\u00fclt\u00fcr Derne\u011fi Ba\u015fkan Yard\u0131mc\u0131s\u0131 Raziye Kurt, B\u00fcy\u00fck\u015fehir ile ileti\u015fimlerinin \u00e7ok iyi oldu\u011funu belirtti. Bu t\u00fcr toplant\u0131lar\u0131n kent y\u00f6netimi i\u00e7in \u00f6nemli oldu\u011funa vurgu yapan Kurt, &#8220;Ger\u00e7ekten g\u00fczel bir hareket \u00e7\u00fcnk\u00fc sonu\u00e7ta onlar m\u00fclki amirler ise biz de en u\u00e7taki halka dokunan insanlar\u0131z. O y\u00fczden hemfikir olursak, beklentilerimizi ve onlar\u0131n yapabileceklerini birle\u015ftirirsek daha iyi hizmet olur ve daha memnun bir halk olur diye d\u00fc\u015f\u00fcn\u00fcyorum&#8221; ifadelerine yer verdi. Harranl\u0131lar Derne\u011fi Ba\u015fkan\u0131 Mahmut Polat ise, STK&#8217;lar\u0131n g\u00f6r\u00fc\u015flerinin al\u0131nmas\u0131n\u0131n \u00f6nemli oldu\u011funu s\u00f6yleyerek, &#8220;Ger\u00e7ekten d\u00fc\u015f\u00fcn\u00fclmesi gereken bir toplant\u0131yd\u0131. Say\u0131n Ba\u015fkan&#8217;a buradan te\u015fekk\u00fcr ediyorum&#8221; dedi.<\/p>\n<p>Toplant\u0131, toplu foto\u011fraf \u00e7ekiminin ard\u0131ndan sona erdi.<\/p>\n","protected":false},"excerpt":{"rendered":"<p>Mersin B\u00fcy\u00fck\u015fehir Belediye Ba\u015fkan\u0131 Vahap Se\u00e7er, &#8216;Kente S\u00f6z\u00fcm\u00fcz Var&#8217; slogan\u0131yla B\u00fcy\u00fck\u015fehir Belediyesi taraf\u0131ndan d\u00fczenlenen &#8216;Kent Kat\u0131l\u0131m\u0131 Bulu\u015fmalar\u0131&#8217;n\u0131n 6. bulu\u015fma serisinin 3. toplant\u0131s\u0131n\u0131 Mersin&#8217;de faaliyet g\u00f6steren Y\u00f6re Dernekleri temsilcileri ile ger\u00e7ekle\u015ftirdi. &hellip; <a href=\"https:\/\/akdenizolaygazetesi.com\/?p=29537\" class=\"more-link\">Devam\u0131n\u0131 Oku&#8230;<\/a><\/p>\n","protected":false},"author":2,"featured_media":29538,"comment_status":"open","ping_status":"open","sticky":false,"template":"","format":"standard","meta":[],"categories":[1,2,3,5],"tags":[],"_links":{"self":[{"href":"https:\/\/akdenizolaygazetesi.com\/index.php?rest_route=\/wp\/v2\/posts\/29537"}],"collection":[{"href":"https:\/\/akdenizolaygazetesi.com\/index.php?rest_route=\/wp\/v2\/posts"}],"about":[{"href":"https:\/\/akdenizolaygazetesi.com\/index.php?rest_route=\/wp\/v2\/types\/post"}],"author":[{"embeddable":true,"href":"https:\/\/akdenizolaygazetesi.com\/index.php?rest_route=\/wp\/v2\/users\/2"}],"replies":[{"embeddable":true,"href":"https:\/\/akdenizolaygazetesi.com\/index.php?rest_route=%2Fwp%2Fv2%2Fcomments&post=29537"}],"version-history":[{"count":1,"href":"https:\/\/akdenizolaygazetesi.com\/index.php?rest_route=\/wp\/v2\/posts\/29537\/revisions"}],"predecessor-version":[{"id":29539,"href":"https:\/\/akdenizolaygazetesi.com\/index.php?rest_route=\/wp\/v2\/posts\/29537\/revisions\/29539"}],"wp:featuredmedia":[{"embeddable":true,"href":"https:\/\/akdenizolaygazetesi.com\/index.php?rest_route=\/wp\/v2\/media\/29538"}],"wp:attachment":[{"href":"https:\/\/akdenizolaygazetesi.com\/index.php?rest_route=%2Fwp%2Fv2%2Fmedia&parent=29537"}],"wp:term":[{"taxonomy":"category","embeddable":true,"href":"https:\/\/akdenizolaygazetesi.com\/index.php?rest_route=%2Fwp%2Fv2%2Fcategories&post=29537"},{"taxonomy":"post_tag","embeddable":true,"href":"https:\/\/akdenizolaygazetesi.com\/index.php?rest_route=%2Fwp%2Fv2%2Ftags&post=29537"}],"curies":[{"name":"wp","href":"https:\/\/api.w.org\/{rel}","templated":true}]}}