{"id":29543,"date":"2024-01-25T12:36:16","date_gmt":"2024-01-25T09:36:16","guid":{"rendered":"http:\/\/akdenizolaygazetesi.com\/?p=29543"},"modified":"2024-01-25T12:36:16","modified_gmt":"2024-01-25T09:36:16","slug":"mersin-tariminin-gelecegi-bu-konferansta-konusulacak","status":"publish","type":"post","link":"https:\/\/akdenizolaygazetesi.com\/?p=29543","title":{"rendered":"MERS\u0130N TARIMININ GELECE\u011e\u0130 BU KONFERANSTA KONU\u015eULACAK"},"content":{"rendered":"<p>Mersin B\u00fcy\u00fck\u015fehir Belediyesi, Mersin Ticaret ve Sanayi Odas\u0131 (MTSO), Akdeniz \u0130hracat\u00e7\u0131lar Birli\u011fi (AK\u0130B), T\u00fcrkiye Ziraat Odalar\u0131 Birli\u011fi (TZOB) ve TMMOB Ziraat M\u00fchendisleri Odas\u0131 Mersin \u015eubesi i\u015fbirli\u011finde; &#8216;\u00dcretmezsek T\u00fckeniriz&#8217; ba\u015fl\u0131\u011f\u0131yla &#8216;K\u00fcresel \u0130klim De\u011fi\u015fikli\u011fi S\u00fcrecinde Tar\u0131msal Planlama Konferans\u0131&#8217;n\u0131n bu y\u0131l 3.&#8217;s\u00fc yap\u0131lacak.<\/p>\n<p>K\u00fcresel \u0131s\u0131nmadan en \u00e7ok etkilenen iller aras\u0131nda olan tar\u0131m kenti Mersin i\u00e7in al\u0131nacak \u00f6nlemlerin ve yap\u0131lacak projelerin konu\u015fulaca\u011f\u0131 konferansa; alan\u0131nda uzman, birbirinden de\u011ferli konu\u015fmac\u0131lar kat\u0131lacak. \u00dcretici ve m\u00fchendisi, alan\u0131nda uzman konuklarla bir araya getirecek olan konferans; 27 Ocak Cumartesi g\u00fcn\u00fc saat 10.00&#8217;da Mersin \u00dcniversitesi Akdeniz K\u00fclt\u00fcr Merkezi&#8217;nde d\u00fczenlenecek.<\/p>\n<p>\u015eahuto\u011flu: &#8220;\u00dcreticilerin kafalar\u0131ndaki soru i\u015faretlerini giderilebilece\u011fi bir konferans olacak&#8221;<\/p>\n<p>\u0130klim de\u011fi\u015fikli\u011finin son 30 y\u0131lda ya\u015fam\u0131n her alan\u0131n\u0131 olumsuz etkiledi\u011fini s\u00f6yleyen Tar\u0131msal Hizmetler Dairesi Ba\u015fkan\u0131 Sel\u00e7uk \u015eahuto\u011flu, bu olumsuz etkiden en b\u00fcy\u00fck zarar\u0131 tar\u0131m\u0131n ald\u0131\u011f\u0131n\u0131n alt\u0131n\u0131 \u00e7izdi. Ya\u015fan\u0131lan iklim de\u011fi\u015fikli\u011finin bitkilerin geli\u015fiminden verimlili\u011fine kadar her konuda olumsuz etkilerini g\u00f6zlemlediklerini kaydeden \u015eahuto\u011flu, &#8220;Bizlerde Mersin B\u00fcy\u00fck\u015fehir Belediyesi olarak bu iklim de\u011fi\u015fikli\u011finin yaratm\u0131\u015f oldu\u011fu etkileri g\u00f6z \u00f6n\u00fcnde bulundurarak projeler geli\u015ftirdik. Tar\u0131m\u0131n yo\u011fun yap\u0131ld\u0131\u011f\u0131 ilimizde bizler b\u00f6lgeye uygun iklim \u015fartlar\u0131na uygun fide, fidan desteklerinde bulunduk. Konar-g\u00f6\u00e7er olarak hayat\u0131n\u0131 idame ettiren vatanda\u015flar\u0131m\u0131za g\u00fcne\u015f paneli desteklerinde bulunduk. Sulama noktas\u0131nda suyun etkin ve verimli kullan\u0131lmas\u0131 amac\u0131yla kooperatiflerimize sulama borular\u0131 desteklerini ger\u00e7ekle\u015ftirmi\u015ftik&#8221; s\u00f6zlerine yer verdi.<\/p>\n<p>Yap\u0131lan desteklere ek olarak konferans ile tar\u0131msal planlaman\u0131n ne kadar \u00f6nemli oldu\u011funu \u00fcreticiyle de payla\u015fma \u015fans\u0131 yakalayacaklar\u0131n\u0131 kaydeden \u015eahuto\u011flu, &#8220;Burada konusunda uzman, ger\u00e7ekten bu i\u015fle ilgilenen \u00fcreticilerimizin bu bilgilerden faydalanabilece\u011fi, ayn\u0131 zamanda da \u00f6zg\u00fcrce soru sorabilece\u011fi, kafalar\u0131ndaki soru i\u015faretlerini giderilebilece\u011fi bir konferans olacak. T\u00fcm \u00e7ift\u00e7ilerimizi bu konferansa kat\u0131l\u0131m sa\u011flamalar\u0131n\u0131, ayn\u0131 zamanda ak\u0131llarda kalan sorular\u0131 sormalar\u0131n\u0131, ayn\u0131 zamanda da tar\u0131m\u0131n bu iklim de\u011fi\u015fikli\u011fi s\u00fcrecinde do\u011fru bir planlamayla tekrardan hak etti\u011fi yere gelece\u011fine inan\u0131yoruz. Burada tar\u0131m\u0131n t\u00fcm payda\u015flar\u0131n\u0131n bu de\u011ferli konferansa konusunda uzman ki\u015filerin verece\u011fi bilgilerin \u0131\u015f\u0131\u011f\u0131nda beraber toplanmaya davet ediyorum&#8221; diye konu\u015ftu.<\/p>\n<p>Bucuge: &#8220;\u00c7ift\u00e7iler ve m\u00fchendisleri konunun profesyonelleriyle bulu\u015fturuyoruz&#8221;<\/p>\n<p>\u00c7ift\u00e7ileri ve m\u00fchendisleri konunun profesyonelleri ile bir araya getireceklerini kaydeden MTSO Y\u00f6netim Kurulu \u00dcyesi Cem Bucuge, &#8220;K\u00fcresel iklim de\u011fi\u015fikli\u011finin kendini son derece hissettirdi\u011fi g\u00fcn\u00fcm\u00fczde konunun \u00e7ok \u00f6nem arz etti\u011fini d\u00fc\u015f\u00fcnd\u00fck. \u00c7\u00fcnk\u00fc tar\u0131m ekonomisine negatif etkileri var. Bunun d\u0131\u015f ticaret a\u00e7\u0131\u011f\u0131na bile negatif etkisi var. Ondan dolay\u0131 bir planlama gerekiyor. Art\u0131k bir \u015feyler gecikmeden \u00f6n al\u0131nmas\u0131 gerekiyor. Biz de Mersin&#8217;de bu konunun payda\u015flar\u0131 olarak ortakl\u0131klar\u0131m\u0131zla konuyu irdeleyip dosya haline getirip bakanl\u0131\u011fa da iletme arzusunday\u0131z&#8221; diyerek, destek veren Mersin B\u00fcy\u00fck\u015fehir Belediye Ba\u015fkan\u0131 Vahap Se\u00e7er&#8217;e te\u015fekk\u00fcr etti.<\/p>\n<p>\u0130klim de\u011fi\u015fikli\u011finin \u00e7ift\u00e7ileri etkiledi\u011fini kaydeden Bucuge, &#8220;\u00c7i\u00e7ek a\u00e7mas\u0131ndan hasat d\u00f6neminin gecikmesine, bu konularla ilgili dolu ya\u011fmas\u0131ndan hortumlara, az ya\u011fmur ya\u011fmas\u0131 veya az kar ya\u011fmas\u0131ndan dolay\u0131 susuzlu\u011fa negatif etkilerini \u00fcretici g\u00f6rmeye ba\u015flad\u0131. Bunlar kalite sorunu ya\u015fatmaya ba\u015flad\u0131. Rekolte sorunu yaratmaya ba\u015flad\u0131. \u00d6nder \u00e7ift\u00e7ilerimizin, ziraat m\u00fchendislerimizin ihracat\u00e7\u0131lar\u0131m\u0131z\u0131n art\u0131 \u00fcniversitemizdeki bilim insanlar\u0131n\u0131n mutlaka bu konferansa kat\u0131lmalar\u0131n\u0131 \u015fiddetle tavsiye ediyorum&#8221; dedi.<\/p>\n","protected":false},"excerpt":{"rendered":"<p>Mersin B\u00fcy\u00fck\u015fehir Belediyesi, Mersin Ticaret ve Sanayi Odas\u0131 (MTSO), Akdeniz \u0130hracat\u00e7\u0131lar Birli\u011fi (AK\u0130B), T\u00fcrkiye Ziraat Odalar\u0131 Birli\u011fi (TZOB) ve TMMOB Ziraat M\u00fchendisleri Odas\u0131 Mersin \u015eubesi i\u015fbirli\u011finde; &#8216;\u00dcretmezsek T\u00fckeniriz&#8217; ba\u015fl\u0131\u011f\u0131yla &#8216;K\u00fcresel &hellip; <a href=\"https:\/\/akdenizolaygazetesi.com\/?p=29543\" class=\"more-link\">Devam\u0131n\u0131 Oku&#8230;<\/a><\/p>\n","protected":false},"author":2,"featured_media":29544,"comment_status":"open","ping_status":"open","sticky":false,"template":"","format":"standard","meta":[],"categories":[1,2,3],"tags":[],"_links":{"self":[{"href":"https:\/\/akdenizolaygazetesi.com\/index.php?rest_route=\/wp\/v2\/posts\/29543"}],"collection":[{"href":"https:\/\/akdenizolaygazetesi.com\/index.php?rest_route=\/wp\/v2\/posts"}],"about":[{"href":"https:\/\/akdenizolaygazetesi.com\/index.php?rest_route=\/wp\/v2\/types\/post"}],"author":[{"embeddable":true,"href":"https:\/\/akdenizolaygazetesi.com\/index.php?rest_route=\/wp\/v2\/users\/2"}],"replies":[{"embeddable":true,"href":"https:\/\/akdenizolaygazetesi.com\/index.php?rest_route=%2Fwp%2Fv2%2Fcomments&post=29543"}],"version-history":[{"count":1,"href":"https:\/\/akdenizolaygazetesi.com\/index.php?rest_route=\/wp\/v2\/posts\/29543\/revisions"}],"predecessor-version":[{"id":29545,"href":"https:\/\/akdenizolaygazetesi.com\/index.php?rest_route=\/wp\/v2\/posts\/29543\/revisions\/29545"}],"wp:featuredmedia":[{"embeddable":true,"href":"https:\/\/akdenizolaygazetesi.com\/index.php?rest_route=\/wp\/v2\/media\/29544"}],"wp:attachment":[{"href":"https:\/\/akdenizolaygazetesi.com\/index.php?rest_route=%2Fwp%2Fv2%2Fmedia&parent=29543"}],"wp:term":[{"taxonomy":"category","embeddable":true,"href":"https:\/\/akdenizolaygazetesi.com\/index.php?rest_route=%2Fwp%2Fv2%2Fcategories&post=29543"},{"taxonomy":"post_tag","embeddable":true,"href":"https:\/\/akdenizolaygazetesi.com\/index.php?rest_route=%2Fwp%2Fv2%2Ftags&post=29543"}],"curies":[{"name":"wp","href":"https:\/\/api.w.org\/{rel}","templated":true}]}}