{"id":29561,"date":"2024-01-26T12:43:00","date_gmt":"2024-01-26T09:43:00","guid":{"rendered":"http:\/\/akdenizolaygazetesi.com\/?p=29561"},"modified":"2024-01-26T12:43:00","modified_gmt":"2024-01-26T09:43:00","slug":"mersinde-kadastro-sorunu-cozulecek","status":"publish","type":"post","link":"https:\/\/akdenizolaygazetesi.com\/?p=29561","title":{"rendered":"Mersin\u2019de Kadastro Sorunu \u00c7\u00f6z\u00fclecek"},"content":{"rendered":"<p>Mersin Orman B\u00f6lge M\u00fcd\u00fcrl\u00fc\u011f\u00fc toplant\u0131 salonunda Mersin Orman B\u00f6lge M\u00fcd\u00fcr Yard\u0131mc\u0131s\u0131 Ya\u015far Yaman Sa\u011flam ba\u015fkanl\u0131\u011f\u0131nda, Kadastro ve M\u00fclkiyet \u015eube M\u00fcd\u00fcr\u00fc H\u00fcseyin \u00c7ak\u0131c\u0131o\u011flu, Kadastro M\u00fcd\u00fcr Yard\u0131mc\u0131s\u0131 \u0130smail Pehlivan, Yeni\u015fehir Tapu M\u00fcd\u00fcr Yard\u0131mc\u0131s\u0131 Mithat \u00c7\u0131kcan, Mersin Tapu Sicil M\u00fcd\u00fcr\u00fc, \u0130l ve \u0130l\u00e7e Milli Emlak M\u00fcd\u00fcrlerinin kat\u0131l\u0131m\u0131 ile d\u00fczenlenen toplant\u0131da;<br \/>\nOrman Genel M\u00fcd\u00fcrl\u00fc\u011f\u00fc Kadastro ve M\u00fclkiyet Daire Ba\u015fkanl\u0131\u011f\u0131 y\u0131llara sari olarak biriken ve sorun haline d\u00f6n\u00fc\u015fen gerek ilan edilmi\u015f orman s\u0131n\u0131rlar\u0131 i\u00e7erisinde kalan gerekse orman kadastro \u00e7al\u0131\u015fmalar\u0131ndan sonra orman rejimine kat\u0131lmas\u0131 gereken m\u00fclkiyeti hazineye ait de\u011fi\u015fik vas\u0131flardaki alanlarla ilgili sorunlar\u0131n \u00e7\u00f6z\u00fcm\u00fc noktas\u0131nda 2022- 2023 y\u0131llar\u0131n\u0131 OGM tahsis y\u0131llar\u0131 ilan ederek B\u00f6lge M\u00fcd\u00fcrl\u00fc\u011f\u00fcm\u00fcz s\u0131n\u0131rlar\u0131 i\u00e7erisinde kalan bu tip sahalar\u0131n tespit edilerek orman olarak tescillerinin sa\u011flanmas\u0131 ama\u00e7lanm\u0131\u015ft\u0131r.<br \/>\nSa\u011flam, toplant\u0131 sonunda Tapu ve Kadastro M\u00fcd\u00fcrl\u00fcklerinde \u00e7al\u0131\u015fanlar ile birim sorumlular\u0131na orman kadastro \u00e7al\u0131\u015fmalar\u0131nda g\u00f6stermi\u015f olduklar\u0131 ilgi, uyum ve alakalar\u0131ndan dolay\u0131 te\u015fekk\u00fcr etti.<\/p>\n","protected":false},"excerpt":{"rendered":"<p>Mersin Orman B\u00f6lge M\u00fcd\u00fcrl\u00fc\u011f\u00fc toplant\u0131 salonunda Mersin Orman B\u00f6lge M\u00fcd\u00fcr Yard\u0131mc\u0131s\u0131 Ya\u015far Yaman Sa\u011flam ba\u015fkanl\u0131\u011f\u0131nda, Kadastro ve M\u00fclkiyet \u015eube M\u00fcd\u00fcr\u00fc H\u00fcseyin \u00c7ak\u0131c\u0131o\u011flu, Kadastro M\u00fcd\u00fcr Yard\u0131mc\u0131s\u0131 \u0130smail Pehlivan, Yeni\u015fehir Tapu M\u00fcd\u00fcr &hellip; <a href=\"https:\/\/akdenizolaygazetesi.com\/?p=29561\" class=\"more-link\">Devam\u0131n\u0131 Oku&#8230;<\/a><\/p>\n","protected":false},"author":2,"featured_media":29562,"comment_status":"open","ping_status":"open","sticky":false,"template":"","format":"standard","meta":[],"categories":[3,5],"tags":[],"_links":{"self":[{"href":"https:\/\/akdenizolaygazetesi.com\/index.php?rest_route=\/wp\/v2\/posts\/29561"}],"collection":[{"href":"https:\/\/akdenizolaygazetesi.com\/index.php?rest_route=\/wp\/v2\/posts"}],"about":[{"href":"https:\/\/akdenizolaygazetesi.com\/index.php?rest_route=\/wp\/v2\/types\/post"}],"author":[{"embeddable":true,"href":"https:\/\/akdenizolaygazetesi.com\/index.php?rest_route=\/wp\/v2\/users\/2"}],"replies":[{"embeddable":true,"href":"https:\/\/akdenizolaygazetesi.com\/index.php?rest_route=%2Fwp%2Fv2%2Fcomments&post=29561"}],"version-history":[{"count":1,"href":"https:\/\/akdenizolaygazetesi.com\/index.php?rest_route=\/wp\/v2\/posts\/29561\/revisions"}],"predecessor-version":[{"id":29563,"href":"https:\/\/akdenizolaygazetesi.com\/index.php?rest_route=\/wp\/v2\/posts\/29561\/revisions\/29563"}],"wp:featuredmedia":[{"embeddable":true,"href":"https:\/\/akdenizolaygazetesi.com\/index.php?rest_route=\/wp\/v2\/media\/29562"}],"wp:attachment":[{"href":"https:\/\/akdenizolaygazetesi.com\/index.php?rest_route=%2Fwp%2Fv2%2Fmedia&parent=29561"}],"wp:term":[{"taxonomy":"category","embeddable":true,"href":"https:\/\/akdenizolaygazetesi.com\/index.php?rest_route=%2Fwp%2Fv2%2Fcategories&post=29561"},{"taxonomy":"post_tag","embeddable":true,"href":"https:\/\/akdenizolaygazetesi.com\/index.php?rest_route=%2Fwp%2Fv2%2Ftags&post=29561"}],"curies":[{"name":"wp","href":"https:\/\/api.w.org\/{rel}","templated":true}]}}