{"id":29582,"date":"2024-01-29T12:50:18","date_gmt":"2024-01-29T09:50:18","guid":{"rendered":"http:\/\/akdenizolaygazetesi.com\/?p=29582"},"modified":"2024-01-29T12:50:18","modified_gmt":"2024-01-29T09:50:18","slug":"akdeniz-bilsem-ogrencilerine-kapadokya-surprizi","status":"publish","type":"post","link":"https:\/\/akdenizolaygazetesi.com\/?p=29582","title":{"rendered":"AKDEN\u0130Z B\u0130LSEM \u00d6\u011eRENC\u0130LER\u0130NE KAPADOKYA S\u00dcRPR\u0130Z\u0130"},"content":{"rendered":"<p>Akdeniz Belediyesi\u2019nin, Akdeniz\u2019in Parlayan Y\u0131ld\u0131zlar\u0131 Projesi kapsam\u0131nda Akdeniz Bilim ve Sanat Merkezi\u2019ne (B\u0130LSEM) giden zeki ve \u00fcst\u00fcn yetenekli \u00f6\u011frenciler, kendileri i\u00e7in haz\u0131rlanan s\u00fcrprizle yeril ve yabanc\u0131 turistlerin en \u00e7ok ra\u011fbet etti\u011fi Kapadokya, Peribacalar\u0131 ile kentin tarihi ve turistik mek\u00e2nlar\u0131n\u0131 gezdi. <\/p>\n<p>Metropol G\u00f6kdelen Binas\u0131\u2019nda bulunan belediyeye ait Et\u00fct Merkezi\u2019nde \u00fcniversite s\u0131nav\u0131na haz\u0131rlanan \u00f6\u011frenciler ile K\u00fclt\u00fcr ve Sanat Evleri kurslar\u0131na kat\u0131lan kad\u0131nlar\u0131, T\u00fcrkiye\u2019nin farkl\u0131 illerine tarihi, turistik ve k\u00fclt\u00fcrel gezilere g\u00f6t\u00fcren Akdeniz Belediyesi, bu kez Akdeniz\u2019in Parlayan Y\u0131ld\u0131zlar\u0131 Projesi kapsam\u0131nda destek sundu\u011fu 35 Bilim ve Sanat Merkezi (B\u0130LSEM) \u00f6\u011frencisini Kapadokya gezisine g\u00f6t\u00fcrd\u00fc. Arkada\u015flar\u0131yla birlikte unutamayacaklar\u0131 bir g\u00fcn ge\u00e7iren \u00e7ocuklar, kendilerine bu imk\u00e2n\u0131 sunan Akdeniz Belediye Ba\u015fkan\u0131 M. Mustafa G\u00fcltak ve gezi boyunca kendilerine e\u015flik eden personele te\u015fekk\u00fcr ettiler. <\/p>\n<p>G\u00f6n\u00fcllerince e\u011flendiler<\/p>\n<p>Kapadokya gezisinde g\u00f6n\u00fcllerince e\u011flenen B\u0130LSEM\u2019L\u0130 \u00e7ocuklar, ilk olarak g\u00fcn do\u011fmadan \u00f6nce G\u00f6reme Balon Kalk\u0131\u015f Alan\u0131na giderek s\u0131cak hava balonlar\u0131n\u0131n haz\u0131rlan\u0131\u015f\u0131n\u0131 ve g\u00f6ky\u00fcz\u00fcne havalan\u0131\u015f\u0131n\u0131 izledi. Ard\u0131ndan K\u0131z\u0131l\u00e7ukur Vadisine giderek peribacalar\u0131n\u0131n \u00fczerinden y\u00fckselen s\u0131cak hava balonlar\u0131n\u0131 seyreden B\u0130LSEM\u2019L\u0130 \u00e7ocuklara, karlar i\u00e7inde s\u0131cak \u00e7ikolata ve salep ikram edildi. G\u00fcn boyu keyifli vakit ge\u00e7iren \u00e7ocuklar, G\u00fcvercinlik Vadisine g\u00f6t\u00fcr\u00fcld\u00fc, orada da kar sava\u015f\u0131 yaparak e\u011flendiler. <\/p>\n<p>Yine g\u00fcn i\u00e7inde Nazar Boncu\u011fu A\u011fac\u0131na giden \u00e7ocuklar, yemek molas\u0131ndan sonra karla oynay\u0131p peri bacalar\u0131n\u0131n manzaras\u0131na doydular. Avanos Sallanan K\u00f6pr\u00fc ve Avanos \u00c7ar\u015f\u0131s\u0131na da u\u011frayan \u00e7ocuklar, Tarihi Yeralt\u0131 \u00c7ar\u015f\u0131s\u0131 \u00c7\u00f6mlek At\u00f6lyesine inerek \u00e7\u00f6mlek yap\u0131m\u0131n\u0131 izledi. Kaymakl\u0131 Yeralt\u0131 \u015eehri M\u00fczesi\u2019ni de gezen \u00e7ocuklar, d\u00f6n\u00fc\u015f yolunda yine bolca karla oynad\u0131lar, sonras\u0131nda da otob\u00fcslere binerek kente d\u00f6nd\u00fcler.<\/p>\n","protected":false},"excerpt":{"rendered":"<p>Akdeniz Belediyesi\u2019nin, Akdeniz\u2019in Parlayan Y\u0131ld\u0131zlar\u0131 Projesi kapsam\u0131nda Akdeniz Bilim ve Sanat Merkezi\u2019ne (B\u0130LSEM) giden zeki ve \u00fcst\u00fcn yetenekli \u00f6\u011frenciler, kendileri i\u00e7in haz\u0131rlanan s\u00fcrprizle yeril ve yabanc\u0131 turistlerin en \u00e7ok ra\u011fbet &hellip; <a href=\"https:\/\/akdenizolaygazetesi.com\/?p=29582\" class=\"more-link\">Devam\u0131n\u0131 Oku&#8230;<\/a><\/p>\n","protected":false},"author":2,"featured_media":29583,"comment_status":"open","ping_status":"open","sticky":false,"template":"","format":"standard","meta":[],"categories":[3],"tags":[],"_links":{"self":[{"href":"https:\/\/akdenizolaygazetesi.com\/index.php?rest_route=\/wp\/v2\/posts\/29582"}],"collection":[{"href":"https:\/\/akdenizolaygazetesi.com\/index.php?rest_route=\/wp\/v2\/posts"}],"about":[{"href":"https:\/\/akdenizolaygazetesi.com\/index.php?rest_route=\/wp\/v2\/types\/post"}],"author":[{"embeddable":true,"href":"https:\/\/akdenizolaygazetesi.com\/index.php?rest_route=\/wp\/v2\/users\/2"}],"replies":[{"embeddable":true,"href":"https:\/\/akdenizolaygazetesi.com\/index.php?rest_route=%2Fwp%2Fv2%2Fcomments&post=29582"}],"version-history":[{"count":1,"href":"https:\/\/akdenizolaygazetesi.com\/index.php?rest_route=\/wp\/v2\/posts\/29582\/revisions"}],"predecessor-version":[{"id":29584,"href":"https:\/\/akdenizolaygazetesi.com\/index.php?rest_route=\/wp\/v2\/posts\/29582\/revisions\/29584"}],"wp:featuredmedia":[{"embeddable":true,"href":"https:\/\/akdenizolaygazetesi.com\/index.php?rest_route=\/wp\/v2\/media\/29583"}],"wp:attachment":[{"href":"https:\/\/akdenizolaygazetesi.com\/index.php?rest_route=%2Fwp%2Fv2%2Fmedia&parent=29582"}],"wp:term":[{"taxonomy":"category","embeddable":true,"href":"https:\/\/akdenizolaygazetesi.com\/index.php?rest_route=%2Fwp%2Fv2%2Fcategories&post=29582"},{"taxonomy":"post_tag","embeddable":true,"href":"https:\/\/akdenizolaygazetesi.com\/index.php?rest_route=%2Fwp%2Fv2%2Ftags&post=29582"}],"curies":[{"name":"wp","href":"https:\/\/api.w.org\/{rel}","templated":true}]}}