{"id":29602,"date":"2024-01-30T12:50:35","date_gmt":"2024-01-30T09:50:35","guid":{"rendered":"http:\/\/akdenizolaygazetesi.com\/?p=29602"},"modified":"2024-01-30T12:50:35","modified_gmt":"2024-01-30T09:50:35","slug":"balikcilarin-firtina-korkusu-ortadan-kalkacak-esnafimiz-daha-cok-kazanacak","status":"publish","type":"post","link":"https:\/\/akdenizolaygazetesi.com\/?p=29602","title":{"rendered":"\u201cBal\u0131k\u00e7\u0131lar\u0131n f\u0131rt\u0131na korkusu ortadan kalkacak, esnaf\u0131m\u0131z daha \u00e7ok kazanacak\u201d"},"content":{"rendered":"<p>\u00c7aml\u0131bel Su Sporlar\u0131 Merkezi Projesi\u2019nin teknik detaylar\u0131 hakk\u0131nda \u00c7aml\u0131bel Bal\u0131k\u00e7\u0131 Bar\u0131na\u011f\u0131 ve b\u00f6lge esnaf\u0131na bilgiler veren Ba\u015fkan G\u00fcltak, proje sayesinde b\u00f6lgenin koruma alt\u0131na al\u0131naca\u011f\u0131n\u0131n, bal\u0131k\u00e7\u0131lar\u0131n da art\u0131k f\u0131rt\u0131na korkusu ya\u015famayaca\u011f\u0131n\u0131n alt\u0131n\u0131 \u00e7izerek; \u201cSadece \u00c7aml\u0131bel\u2019in de\u011fil t\u00fcm \u015fehrimizin kaderini de\u011fi\u015ftirecek marka bir proje. Buraya 50 y\u0131ld\u0131r kimse dokunmam\u0131\u015f. Fakat proje hayata ge\u00e7ti\u011finde \u00c7aml\u0131bel eskiden oldu\u011fu gibi yine bir cazibe merkezine d\u00f6necek ve herkes kazanacak\u201d dedi.<\/p>\n<p>Mahalle ve esnaf gezilerini aral\u0131ks\u0131z s\u00fcrd\u00fcren Akdeniz Belediye Ba\u015fkan\u0131 M. Mustafa G\u00fcltak, beraberinde AK Parti Mersin Milletvekili Ali K\u0131ratl\u0131, parti yetkilileri, ba\u015fkan yard\u0131mc\u0131lar\u0131 ve meclis \u00fcyeleri ile K\u00fclt\u00fcr Mahallesi Muhtar\u0131 Ali Karadeniz, \u00c7aml\u0131bel Bal\u0131k\u00e7\u0131 Bar\u0131na\u011f\u0131 ile b\u00f6lgede faaliyet g\u00f6steren sand\u0131k odas\u0131 esnaf\u0131n\u0131 ziyaret etti. \u00c7aml\u0131bel Bal\u0131k\u00e7\u0131 Bar\u0131na\u011f\u0131\u2019n\u0131 da ziyaret eden Ba\u015fkan G\u00fcltak, burada bal\u0131k\u00e7\u0131 esnaf\u0131 ve vatanda\u015flara, Mersin ve Akdeniz\u2019i cazibe merkezi haline getirecek, kente her y\u0131l yerli ve yabanc\u0131 binlerce sporcuyu \u00e7ekecek olan \u00c7aml\u0131bel Su Sporlar\u0131 Merkezi Projesi\u2019nin detaylar\u0131 hakk\u0131nda g\u00f6rsel \u00fczerinden teknik ve a\u00e7\u0131klay\u0131c\u0131 bilgiler verdi. <\/p>\n<p>\u201cBal\u0131k\u00e7\u0131lar\u0131n f\u0131rt\u0131na korkusu ortadan kalkacak, esnaf\u0131m\u0131z daha \u00e7ok kazanacak\u201d<\/p>\n<p>Proje sayesinde b\u00f6lgenin koruma alt\u0131na al\u0131naca\u011f\u0131n\u0131, bal\u0131k\u00e7\u0131lar\u0131n art\u0131k f\u0131rt\u0131na korkusu ya\u015famayaca\u011f\u0131n\u0131n alt\u0131n\u0131 \u00e7izen Ba\u015fkan G\u00fcltak; \u201cProje, toplamda 64 bin metrekare kapal\u0131 alan, yo\u011funluk da 0,20 t\u00fcm T\u00fcrkiye\u2019de&#8230; Dolay\u0131s\u0131yla 13 bin metrekare kapal\u0131 alan ortaya \u00e7\u0131k\u0131yor. B\u00f6ylece 64 bin metrekare arazi elde ediyoruz. <\/p>\n<p>Bunun 13 bin metrekaresi kapal\u0131 alan, bunun 4 bini al\u0131\u015fveri\u015f, kafe ve dinlenme yerleri olacak. 9 bin metresi de tamamen su sporlar\u0131 merkezi projesi ile ilgili alanlar olacak. Bu proje, sadece \u00c7aml\u0131bel\u2019in de\u011fil t\u00fcm \u015fehrimizin kaderini de\u011fi\u015ftirecek b\u00fcy\u00fck bir proje. 50 y\u0131ld\u0131r kimse buralara dokunmam\u0131\u015f. \u0130nsanlar art\u0131k buralara gelmiyor maalesef. Fakat bu proje hayata ge\u00e7ti\u011finde civar esnaf\u0131 buraya gelecek, hem buradaki esnaf hem de vatanda\u015f i\u015f yapacak, herkes kazanacak\u201d diye konu\u015ftu.<\/p>\n<p>\u00c7aml\u0131bel esnaf\u0131n\u0131 ziyaret<\/p>\n<p>Ba\u015fkan G\u00fcltak, \u00c7aml\u0131bel Su Sporlar\u0131 Merkezi Projesi\u2019ne dair bilgilendirmenin ard\u0131ndan beraberindeki partili heyetle bal\u0131k\u00e7\u0131 bar\u0131na\u011f\u0131n\u0131 gezdi,  projenin teknik detaylar\u0131n\u0131 anlatt\u0131. Ard\u0131ndan \u00c7aml\u0131bel esnaf\u0131n\u0131 ziyaret eden Ba\u015fkan G\u00fcltak, Milletvekili K\u0131ratl\u0131, 31 Mart 2024\u2019te yap\u0131lacak mahalli idareler se\u00e7imlerinde Cumhur \u0130ttifak\u0131\u2019n\u0131n Akdeniz Belediyesi ile Mersin B\u00fcy\u00fck\u015fehir Belediyesi Ba\u015fkan Adaylar\u0131na destek istedi. <\/p>\n","protected":false},"excerpt":{"rendered":"<p>\u00c7aml\u0131bel Su Sporlar\u0131 Merkezi Projesi\u2019nin teknik detaylar\u0131 hakk\u0131nda \u00c7aml\u0131bel Bal\u0131k\u00e7\u0131 Bar\u0131na\u011f\u0131 ve b\u00f6lge esnaf\u0131na bilgiler veren Ba\u015fkan G\u00fcltak, proje sayesinde b\u00f6lgenin koruma alt\u0131na al\u0131naca\u011f\u0131n\u0131n, bal\u0131k\u00e7\u0131lar\u0131n da art\u0131k f\u0131rt\u0131na korkusu ya\u015famayaca\u011f\u0131n\u0131n &hellip; <a href=\"https:\/\/akdenizolaygazetesi.com\/?p=29602\" class=\"more-link\">Devam\u0131n\u0131 Oku&#8230;<\/a><\/p>\n","protected":false},"author":2,"featured_media":29603,"comment_status":"open","ping_status":"open","sticky":false,"template":"","format":"standard","meta":[],"categories":[34,1,2,3,5],"tags":[],"_links":{"self":[{"href":"https:\/\/akdenizolaygazetesi.com\/index.php?rest_route=\/wp\/v2\/posts\/29602"}],"collection":[{"href":"https:\/\/akdenizolaygazetesi.com\/index.php?rest_route=\/wp\/v2\/posts"}],"about":[{"href":"https:\/\/akdenizolaygazetesi.com\/index.php?rest_route=\/wp\/v2\/types\/post"}],"author":[{"embeddable":true,"href":"https:\/\/akdenizolaygazetesi.com\/index.php?rest_route=\/wp\/v2\/users\/2"}],"replies":[{"embeddable":true,"href":"https:\/\/akdenizolaygazetesi.com\/index.php?rest_route=%2Fwp%2Fv2%2Fcomments&post=29602"}],"version-history":[{"count":1,"href":"https:\/\/akdenizolaygazetesi.com\/index.php?rest_route=\/wp\/v2\/posts\/29602\/revisions"}],"predecessor-version":[{"id":29604,"href":"https:\/\/akdenizolaygazetesi.com\/index.php?rest_route=\/wp\/v2\/posts\/29602\/revisions\/29604"}],"wp:featuredmedia":[{"embeddable":true,"href":"https:\/\/akdenizolaygazetesi.com\/index.php?rest_route=\/wp\/v2\/media\/29603"}],"wp:attachment":[{"href":"https:\/\/akdenizolaygazetesi.com\/index.php?rest_route=%2Fwp%2Fv2%2Fmedia&parent=29602"}],"wp:term":[{"taxonomy":"category","embeddable":true,"href":"https:\/\/akdenizolaygazetesi.com\/index.php?rest_route=%2Fwp%2Fv2%2Fcategories&post=29602"},{"taxonomy":"post_tag","embeddable":true,"href":"https:\/\/akdenizolaygazetesi.com\/index.php?rest_route=%2Fwp%2Fv2%2Ftags&post=29602"}],"curies":[{"name":"wp","href":"https:\/\/api.w.org\/{rel}","templated":true}]}}