{"id":29608,"date":"2024-01-31T12:32:41","date_gmt":"2024-01-31T09:32:41","guid":{"rendered":"http:\/\/akdenizolaygazetesi.com\/?p=29608"},"modified":"2024-01-31T12:32:41","modified_gmt":"2024-01-31T09:32:41","slug":"buyuksehir-karda-mahsur-kalan-vatandaslarin-imdadina-yetisiyor","status":"publish","type":"post","link":"https:\/\/akdenizolaygazetesi.com\/?p=29608","title":{"rendered":"B\u00dcY\u00dcK\u015eEH\u0130R, KARDA MAHSUR KALAN VATANDA\u015eLARIN \u0130MDADINA YET\u0130\u015e\u0130YOR"},"content":{"rendered":"<p>Mersin&#8217;in y\u00fcksek kesimlerinde etkili olan kar ya\u011f\u0131\u015flar\u0131 dolay\u0131s\u0131yla, Mersin B\u00fcy\u00fck\u015fehir Belediyesi Yol Yap\u0131m Bak\u0131m ve Onar\u0131m Dairesi Ba\u015fkanl\u0131\u011f\u0131 ekipleri y\u00fcksek kesimlerde etkisini g\u00f6steren kar ya\u011f\u0131\u015f\u0131 nedeniyle yollarda ula\u015f\u0131m\u0131n aksamamas\u0131 i\u00e7in canla ba\u015fla \u00e7al\u0131\u015f\u0131yor. Ekipler, karla m\u00fccadele \u00e7al\u0131\u015fmalar\u0131n\u0131 bir\u00e7ok ara\u00e7 ve i\u015f makinesi ile ger\u00e7ekle\u015ftiriliyor. K\u0131\u015f d\u00f6nemine haz\u0131rl\u0131k kapsam\u0131nda daha \u00f6nce t\u00fcm tedbirlerini alan ekipler, kar nedeniyle olumsuz etkilenen b\u00f6lgelerde yollar\u0131 ula\u015f\u0131ma a\u00e7\u0131k tutmak i\u00e7in aral\u0131ks\u0131z \u00e7al\u0131\u015f\u0131yor.<\/p>\n<p>Karlar k\u00fcreniyor, yollar kapanmadan a\u00e7\u0131l\u0131yor<\/p>\n<p>Yol Yap\u0131m Bak\u0131m ve Onar\u0131m Dairesi Ba\u015fkanl\u0131\u011f\u0131 b\u00fcnyesinde bulunan Karla M\u00fccadele Ekipleri, gece boyu s\u00fcren ya\u011f\u0131\u015f\u0131n yollar\u0131 kapamamas\u0131 i\u00e7in kar k\u00fcreme \u00e7al\u0131\u015fmas\u0131 yapt\u0131. Ya\u011f\u0131\u015f\u0131n fazla olaca\u011f\u0131 noktalar i\u00e7in \u00f6nceden konu\u015flanan ve teyakkuz halinde olan ekipler, ya\u011f\u0131\u015f ba\u015flad\u0131\u011f\u0131 andan itibaren \u00e7al\u0131\u015fmalara ba\u015flad\u0131. Yol Yap\u0131m Karla M\u00fccadele Ekipleri; ana arterler, g\u00f6rev, yetki ve sorumluluk alan\u0131ndaki k\u0131rsal mahallelerdeki yollarda kar k\u00fcreme, tuzlama, biriken karlar\u0131 temizleme \u00e7al\u0131\u015fmas\u0131 y\u00fcr\u00fctmeye devam ediyor. Greyder, kaz\u0131y\u0131c\u0131, y\u00fckleyici, kar k\u00fcreme ve tuzlama arac\u0131 ile \u00e7al\u0131\u015fan ekipler, muhtarlar ve vatanda\u015flardan Teksin arac\u0131l\u0131\u011f\u0131yla gelen talepleri de dikkate alarak an\u0131nda m\u00fcdahale etme noktas\u0131nda h\u0131zl\u0131 bir \u00e7al\u0131\u015fma y\u00fcr\u00fct\u00fcyor.  Ula\u015f\u0131ma kapal\u0131 olan yollara girerek mahsur kalan vatanda\u015flar\u0131n da imdad\u0131na yeti\u015fen ekipler, gece ve g\u00fcnd\u00fcz vardiyas\u0131 olmak \u00fczere 7\/24 esas\u0131na g\u00f6re \u00e7al\u0131\u015f\u0131yor.<\/p>\n<p>Karla M\u00fccadele Ekipleri bu kapsamda il\u00e7elerde de \u00e7al\u0131\u015fmalar\u0131n\u0131 yo\u011funla\u015ft\u0131rd\u0131. Mersin&#8217;in y\u00fcksek kesimlerinde etkili olan kar ya\u011f\u0131\u015f\u0131n\u0131n olumsuz etkilerini en aza indirmek i\u00e7in \u00e7al\u0131\u015fan ekipler; kar k\u00fcreme, tuzlama ve kurtarma \u00e7al\u0131\u015fmalar\u0131 ger\u00e7ekle\u015ftiriyor. Ekipler, ana arterler ve k\u0131rsal mahallelerdeki yollarda k\u00fcreme, tuzlama ve biriken karlar\u0131 temizleme faaliyetlerine titizlikle devam ediyor.<\/p>\n<p>Yol Yap\u0131m Bak\u0131m ve Onar\u0131m Dairesi b\u00fcnyesinde g\u00f6rev yapan karla m\u00fccadele ekipleri; Toroslar, Mezitli, Erdemli, Silifke, G\u00fclnar, Mut ve \u00c7aml\u0131yayla il\u00e7elerinde herhangi bir olumsuzluk ya\u015fanmamas\u0131 i\u00e7in, kar ya\u011f\u0131\u015f\u0131n\u0131n etkili oldu\u011fu b\u00f6lgelerde \u00e7al\u0131\u015fmalar yap\u0131yor. Arslank\u00f6y Mahallesi, Arslank\u00f6y-Yedig\u00f6z, De\u011fnek T\u0131rtar Grup Yolu, Arslank\u00f6y Ba\u015fp\u0131nar Mevki, Hangedi\u011fi Horuzlu Mahallesi, G\u00f6zne- Ayva\u011fedi\u011fi, T\u0131rtar- De\u011fnek Aras\u0131, Arslank\u00f6y \u00c7atak Mevki, Mezitli F\u0131nd\u0131kp\u0131nar\u0131 Apsung\u00fczlesi, Akarca G\u00fczlesi, Denkeser Caddesi, Hangedi\u011fi \u00c7a\u011flarca Grup Yolu, \u00c7opurgedi\u011fi Caddesi, Arslank\u00f6y \u00c7atak ve Ba\u015fp\u0131nar ana arterler, Mezitli \u0130l\u00e7esi F\u0131nd\u0131kp\u0131nar\u0131-Demir\u0131\u015f\u0131k Mahallesi Grup Yolu, G\u00f6zne Ayvagedi\u011fi-De\u011firmendere, Alanyal\u0131, Hangedi\u011fi ve Sadiye Grup Yolu, Demir\u0131\u015f\u0131k, F\u0131nd\u0131kp\u0131nar\u0131 Grup Yolu, Erdemli Sorgun Mahallesi, Sar\u0131kaya Mahallesi, K\u00fcst\u00fcll\u00fc Mahallesi, \u00c7aml\u0131yayla-Sebil Yolu, \u00c7aml\u0131yayla-Fak\u0131lar Mahallesi, Toroslar Alanyal\u0131, K\u0131z\u0131lkaya, De\u011firmendere, Ayvagedi\u011fi ve G\u00f6zne Mahallelerindeki ana arterler ba\u015fta olmak \u00fczere, gece boyu bir\u00e7ok noktada kar k\u00fcreme \u00e7al\u0131\u015fmas\u0131 yapan ekipler faaliyetlerine devam ediyor. B\u00fcy\u00fck\u015fehir Belediyesi Yol Yap\u0131m Bak\u0131m ve Onar\u0131m Dairesi ekipleri ile Muhtarl\u0131k \u0130\u015fleri Dairesi  i\u015f makinalar\u0131 vas\u0131tas\u0131yla kar k\u00fcreme, yol temizleme ve a\u00e7ma faaliyetini koordine olarak ger\u00e7ekle\u015ftiriyor.<\/p>\n<p>Ekipler, kar ya\u011f\u0131\u015f\u0131n\u0131n etkili oldu\u011fu b\u00f6lgelerden gelen ihbarlara da k\u0131sa s\u00fcrede yan\u0131t vererek, ivedilikle m\u00fcdahale ediyor. \u00c7al\u0131\u015fmalar kapsam\u0131nda ekipler taraf\u0131ndan Erdemli il\u00e7esi Sorgun Mahallesi Ko\u00e7akp\u0131nar\u0131 mevkiinde mahsur kalan vatanda\u015flar kurtar\u0131ld\u0131. Yine ihbar \u00fczerine Mezitli il\u00e7esi F\u0131nd\u0131kp\u0131nar\u0131 Mahallesi&#8217;nde yolda kalan bir vatanda\u015f daha kurtar\u0131ld\u0131. Yol Yap\u0131m ekipleri kar ya\u011f\u0131\u015f\u0131n\u0131n etkili oldu\u011fu y\u00fcksek kesimlerdeki mahallelerde yollar\u0131n ula\u015f\u0131ma kapanmamas\u0131 i\u00e7in kar k\u00fcreme, yol a\u00e7ma ve tuzlama \u00e7al\u0131\u015fmalar\u0131na devam edecek.<\/p>\n","protected":false},"excerpt":{"rendered":"<p>Mersin&#8217;in y\u00fcksek kesimlerinde etkili olan kar ya\u011f\u0131\u015flar\u0131 dolay\u0131s\u0131yla, Mersin B\u00fcy\u00fck\u015fehir Belediyesi Yol Yap\u0131m Bak\u0131m ve Onar\u0131m Dairesi Ba\u015fkanl\u0131\u011f\u0131 ekipleri y\u00fcksek kesimlerde etkisini g\u00f6steren kar ya\u011f\u0131\u015f\u0131 nedeniyle yollarda ula\u015f\u0131m\u0131n aksamamas\u0131 i\u00e7in &hellip; <a href=\"https:\/\/akdenizolaygazetesi.com\/?p=29608\" class=\"more-link\">Devam\u0131n\u0131 Oku&#8230;<\/a><\/p>\n","protected":false},"author":2,"featured_media":29609,"comment_status":"open","ping_status":"open","sticky":false,"template":"","format":"standard","meta":[],"categories":[3,5],"tags":[],"_links":{"self":[{"href":"https:\/\/akdenizolaygazetesi.com\/index.php?rest_route=\/wp\/v2\/posts\/29608"}],"collection":[{"href":"https:\/\/akdenizolaygazetesi.com\/index.php?rest_route=\/wp\/v2\/posts"}],"about":[{"href":"https:\/\/akdenizolaygazetesi.com\/index.php?rest_route=\/wp\/v2\/types\/post"}],"author":[{"embeddable":true,"href":"https:\/\/akdenizolaygazetesi.com\/index.php?rest_route=\/wp\/v2\/users\/2"}],"replies":[{"embeddable":true,"href":"https:\/\/akdenizolaygazetesi.com\/index.php?rest_route=%2Fwp%2Fv2%2Fcomments&post=29608"}],"version-history":[{"count":1,"href":"https:\/\/akdenizolaygazetesi.com\/index.php?rest_route=\/wp\/v2\/posts\/29608\/revisions"}],"predecessor-version":[{"id":29610,"href":"https:\/\/akdenizolaygazetesi.com\/index.php?rest_route=\/wp\/v2\/posts\/29608\/revisions\/29610"}],"wp:featuredmedia":[{"embeddable":true,"href":"https:\/\/akdenizolaygazetesi.com\/index.php?rest_route=\/wp\/v2\/media\/29609"}],"wp:attachment":[{"href":"https:\/\/akdenizolaygazetesi.com\/index.php?rest_route=%2Fwp%2Fv2%2Fmedia&parent=29608"}],"wp:term":[{"taxonomy":"category","embeddable":true,"href":"https:\/\/akdenizolaygazetesi.com\/index.php?rest_route=%2Fwp%2Fv2%2Fcategories&post=29608"},{"taxonomy":"post_tag","embeddable":true,"href":"https:\/\/akdenizolaygazetesi.com\/index.php?rest_route=%2Fwp%2Fv2%2Ftags&post=29608"}],"curies":[{"name":"wp","href":"https:\/\/api.w.org\/{rel}","templated":true}]}}