{"id":29611,"date":"2024-01-31T12:34:28","date_gmt":"2024-01-31T09:34:28","guid":{"rendered":"http:\/\/akdenizolaygazetesi.com\/?p=29611"},"modified":"2024-01-31T12:34:28","modified_gmt":"2024-01-31T09:34:28","slug":"hayaline-akdeniz-belediyesinin-kurslariyla-ulasmaya-calisiyor","status":"publish","type":"post","link":"https:\/\/akdenizolaygazetesi.com\/?p=29611","title":{"rendered":"Hayaline, Akdeniz Belediyesi\u2019nin kurslar\u0131yla ula\u015fmaya \u00e7al\u0131\u015f\u0131yor"},"content":{"rendered":"<p>Akdeniz il\u00e7esinde ya\u015fayan 50 ya\u015f\u0131ndaki Kerime U\u011furlu, g\u00fczel sanatlar fak\u00fcltesi hayalini belediyenin a\u00e7t\u0131\u011f\u0131 kursla ula\u015fmaya \u00e7al\u0131\u015f\u0131yor.  Tarihi Hadra Hamam\u0131\u2019nda a\u00e7\u0131lan g\u00fczel sanatlara haz\u0131rl\u0131k kursuna kat\u0131lan 1 \u00e7ocuk annesi, g\u00f6sterdi\u011fi \u00f6zverili \u00e7al\u0131\u015fmayla herkese \u00f6rnek oluyor. <\/p>\n<p> Akdeniz il\u00e7esi Kiremithane Mahallesi\u2019nde 1903 y\u0131l\u0131ndan 2000\u2019li y\u0131llara kadar hizmet veren Hadra Hamam\u0131, Mersin Valili\u011fi ve Akdeniz Belediyesi taraf\u0131ndan restore edildikten sonra 4 y\u0131l \u00f6nce &#8216;Hadra Hamam\u0131 K\u00fclt\u00fcr ve Sanat Evi&#8217;ne d\u00f6n\u00fc\u015ft\u00fcr\u00fcld\u00fc. O g\u00fcnden beri k\u00fclt\u00fcrel ve sanatsal etkinliklerde kullan\u0131lan tarihi hamamda a\u00e7\u0131lan \u00fccretsiz kurslara 7\u2019den 70\u2019e herkes yo\u011fun ilgi g\u00f6sterirken, 1 \u00e7ocuk annesi 50 ya\u015f\u0131ndaki Kerime U\u011furlu da g\u00fczel sanatlar fak\u00fcltesi hayaline burada haz\u0131rlan\u0131yor. Ge\u00e7en y\u0131l\u0131n Aral\u0131k ay\u0131nda ba\u015flayan g\u00fczel sanatlara haz\u0131rl\u0131k kursuna kat\u0131lan U\u011furlu, g\u00f6sterdi\u011fi \u00f6zverili \u00e7al\u0131\u015fmayla herkesin takdirini topluyor.<\/p>\n<p>\u201cY\u0131llard\u0131r g\u00fczel sanatlar fak\u00fcltesini okumak istiyordum\u201d<br \/>\nG\u00f6rd\u00fc\u011f\u00fc kursla ilgili konu\u015fan Kerime U\u011furlu, i\u015fletme fak\u00fcltesi mezunu oldu\u011funu ancak resim yapman\u0131n kendisi i\u00e7in ayr\u0131 bir yeri oldu\u011funu s\u00f6yledi. Bunun i\u00e7in y\u0131llard\u0131r g\u00fczel sanatlar fak\u00fcltesini okumak istedi\u011fini vurgulayan U\u011furlu, \u201cBu b\u00f6l\u00fcm\u00fc okumak i\u00e7imde hep uhde kalm\u0131\u015ft\u0131. Bu kursuda sosyal medyadan g\u00f6rd\u00fcm. \u015eimdi karar verdim. Kursa geldim, kendimi geli\u015ftirip g\u00fczel sanatlar fak\u00fcltesi okumak istiyorum. Kursa ba\u015flad\u0131\u011f\u0131mdan beri kendimi \u00e7ok geli\u015ftirdim. Haydar hocam\u0131z ger\u00e7ekten \u00e7ok faydal\u0131 e\u011fitim veriyor. \u015eu anda burada oldu\u011fum i\u00e7in \u00e7ok mutluyum, heyecanl\u0131y\u0131m\u201d dedi.<\/p>\n<p>\u201cBu ya\u015ftan sonra ne yapacaks\u0131n\u2019 diyorlard\u0131, \u015fimdi destek veriyorlar\u201d<br \/>\nKursun \u00e7ok iyi gitti\u011fini belirten U\u011furlu, \u201cUmar\u0131m hayalime kavu\u015faca\u011f\u0131m. Hocam\u0131z bu i\u015fin olaca\u011f\u0131n\u0131 s\u00f6yl\u00fcyor. Evde de burada da \u00e7al\u0131\u015f\u0131yorum. Y\u0131llar sonra hayalime kavu\u015faca\u011f\u0131m i\u00e7in mutluyum, heyecanl\u0131y\u0131m. Ailem, yak\u0131nlar\u0131m ilk ba\u015flarda s\u0131cak bakm\u0131yordu. \u2018Bu ya\u015ftan sonra ne yapacaks\u0131n\u2019 filan diyorlard\u0131. Ancak bakt\u0131lar ki ben \u00e7ok istekliyim, hevesliyim, kararl\u0131y\u0131m onlarda destek vermeye ba\u015flad\u0131lar. Ben buradan \u00e7ok faydalan\u0131yorum. Buray\u0131 bizim i\u00e7in haz\u0131rlayan, sunan ba\u015fta Ba\u015fkan\u0131m\u0131z Mustafa G\u00fcltak olmak \u00fczere eme\u011fi ge\u00e7en herkese te\u015fekk\u00fcr ediyorum. Bu kurslara da gelmek isteyenler g\u00f6z kapal\u0131 bir \u015fekilde buraya gelip, kay\u0131t yapt\u0131rabilirler. \u00c7\u00fcnk\u00fc ger\u00e7ekten kurs herkese bir \u015feyler kat\u0131yor\u201d diye konu\u015ftu.<\/p>\n","protected":false},"excerpt":{"rendered":"<p>Akdeniz il\u00e7esinde ya\u015fayan 50 ya\u015f\u0131ndaki Kerime U\u011furlu, g\u00fczel sanatlar fak\u00fcltesi hayalini belediyenin a\u00e7t\u0131\u011f\u0131 kursla ula\u015fmaya \u00e7al\u0131\u015f\u0131yor. Tarihi Hadra Hamam\u0131\u2019nda a\u00e7\u0131lan g\u00fczel sanatlara haz\u0131rl\u0131k kursuna kat\u0131lan 1 \u00e7ocuk annesi, g\u00f6sterdi\u011fi \u00f6zverili &hellip; <a href=\"https:\/\/akdenizolaygazetesi.com\/?p=29611\" class=\"more-link\">Devam\u0131n\u0131 Oku&#8230;<\/a><\/p>\n","protected":false},"author":2,"featured_media":29612,"comment_status":"open","ping_status":"open","sticky":false,"template":"","format":"standard","meta":[],"categories":[1,2,3,5],"tags":[],"_links":{"self":[{"href":"https:\/\/akdenizolaygazetesi.com\/index.php?rest_route=\/wp\/v2\/posts\/29611"}],"collection":[{"href":"https:\/\/akdenizolaygazetesi.com\/index.php?rest_route=\/wp\/v2\/posts"}],"about":[{"href":"https:\/\/akdenizolaygazetesi.com\/index.php?rest_route=\/wp\/v2\/types\/post"}],"author":[{"embeddable":true,"href":"https:\/\/akdenizolaygazetesi.com\/index.php?rest_route=\/wp\/v2\/users\/2"}],"replies":[{"embeddable":true,"href":"https:\/\/akdenizolaygazetesi.com\/index.php?rest_route=%2Fwp%2Fv2%2Fcomments&post=29611"}],"version-history":[{"count":1,"href":"https:\/\/akdenizolaygazetesi.com\/index.php?rest_route=\/wp\/v2\/posts\/29611\/revisions"}],"predecessor-version":[{"id":29613,"href":"https:\/\/akdenizolaygazetesi.com\/index.php?rest_route=\/wp\/v2\/posts\/29611\/revisions\/29613"}],"wp:featuredmedia":[{"embeddable":true,"href":"https:\/\/akdenizolaygazetesi.com\/index.php?rest_route=\/wp\/v2\/media\/29612"}],"wp:attachment":[{"href":"https:\/\/akdenizolaygazetesi.com\/index.php?rest_route=%2Fwp%2Fv2%2Fmedia&parent=29611"}],"wp:term":[{"taxonomy":"category","embeddable":true,"href":"https:\/\/akdenizolaygazetesi.com\/index.php?rest_route=%2Fwp%2Fv2%2Fcategories&post=29611"},{"taxonomy":"post_tag","embeddable":true,"href":"https:\/\/akdenizolaygazetesi.com\/index.php?rest_route=%2Fwp%2Fv2%2Ftags&post=29611"}],"curies":[{"name":"wp","href":"https:\/\/api.w.org\/{rel}","templated":true}]}}