{"id":29617,"date":"2024-02-01T12:52:44","date_gmt":"2024-02-01T09:52:44","guid":{"rendered":"http:\/\/akdenizolaygazetesi.com\/?p=29617"},"modified":"2024-02-01T12:52:44","modified_gmt":"2024-02-01T09:52:44","slug":"secerden-emekcilere-mersin-halki-memnuniyetini-yuksek-sesle-dile-getiriyorsa-sizlerin-sayesinde","status":"publish","type":"post","link":"https:\/\/akdenizolaygazetesi.com\/?p=29617","title":{"rendered":"SE\u00c7ER&#8217;DEN EMEK\u00c7\u0130LERE: &#8220;MERS\u0130N HALKI MEMNUN\u0130YET\u0130N\u0130 Y\u00dcKSEK SESLE D\u0130LE GET\u0130R\u0130YORSA, S\u0130ZLER\u0130N SAYES\u0130NDE&#8221;"},"content":{"rendered":"<p>Mersin B\u00fcy\u00fck\u015fehir Belediye Ba\u015fkan\u0131 Vahap Se\u00e7er; B\u00fcy\u00fck\u015fehir Belediyesi ve Mersin Su ve Kanalizasyon \u0130daresi (MESK\u0130) \u00e7al\u0131\u015fanlar\u0131n\u0131 kapsayan; Mersin B\u00fcy\u00fck\u015fehir Belediyesi, D\u0130SK Genel \u0130\u015f ve Belediye \u0130\u015f aras\u0131nda yap\u0131lan &#8216;Toplu S\u00f6zle\u015fme Ek Protokol \u0130mza T\u00f6reni&#8217;ne kat\u0131ld\u0131. T\u00f6rende i\u015f\u00e7ilerle bir araya gelen Se\u00e7er, imzalar\u0131n ard\u0131ndan i\u015f\u00e7ilere maa\u015f m\u00fcjdesini duyurdu. Protokol kapsam\u0131nda B\u00fcy\u00fck\u015fehir Belediyesi ve MESK\u0130 b\u00fcnyesinde \u00e7al\u0131\u015fan i\u015f\u00e7ilerin maa\u015f\u0131 25 bin 100 TL&#8217;ye y\u00fckseldi.<\/p>\n<p>Edip Buran Kapal\u0131 Spor Salonu&#8217;nda d\u00fczenlenen \u0130mza T\u00f6reni&#8217;ne Ba\u015fkan Se\u00e7er&#8217;in yan\u0131 s\u0131ra, Cumhuriyet Halk Partisi (CHP) Mersin \u0130l Ba\u015fkan\u0131 Koral \u00d6m\u00fcr, Belediye \u0130\u015f Sendikas\u0131 Genel Ba\u015fkan Yard\u0131mc\u0131s\u0131 G\u00fcney Demirda\u015f, Belediye \u0130\u015f Sendikas\u0131 Genel Ba\u015fkan Yard\u0131mc\u0131s\u0131 \u0130smail Duman, D\u0130SK-Genel \u0130\u015f \u00c7ukurova B\u00f6lge Ba\u015fkan\u0131 Kemal G\u00f6ksoy, Belediye \u0130\u015f Sendikas\u0131 Mersin 1 Nolu \u015eube Ba\u015fkan\u0131 Nail Kaya, Belediye \u0130\u015f Adana \u015eube Ba\u015fkan\u0131 Aytekin Aybar, T\u00fcm Bel Sen Mersin \u015eube Ba\u015fkan\u0131 Mustafa \u00d6zbay, Meclis \u00fcyeleri, siyasi parti temsilcileri, Mersin B\u00fcy\u00fck\u015fehir Belediyesi ve MESK\u0130 b\u00fcrokratlar\u0131 ile daire ba\u015fkanlar\u0131 ve binlerce i\u015f\u00e7i kat\u0131ld\u0131.<\/p>\n<p>Salonu &#8216;Emek en y\u00fcce de\u011ferdir&#8217;, &#8216;Kurtulu\u015f yok tek ba\u015f\u0131na ya hep beraber ya hi\u00e7 birimiz&#8217;, &#8216;G\u00fcc\u00fcm\u00fcz birli\u011fimizden gelir&#8217; ve &#8216;Memnuniyetle \u00e7al\u0131\u015f\u0131p memnuniyetle desteklemeye devam edece\u011fiz&#8217; pankartlar\u0131yla donatan binlerce i\u015f\u00e7i, s\u0131k s\u0131k &#8216;Ya\u015fas\u0131n \u00f6rg\u00fctl\u00fc m\u00fccadelemiz&#8217;, &#8216;El ele, kol kola, omuz omuza&#8217; ve &#8216;Birle\u015fe birle\u015fe kazanaca\u011f\u0131z&#8217; sloganlar\u0131 att\u0131. Salonu dolduran binlerce i\u015f\u00e7i, t\u00f6rene kat\u0131lan Ba\u015fkan Se\u00e7er&#8217;i co\u015fkulu alk\u0131\u015flar e\u015fli\u011finde &#8216;\u0130\u015f\u00e7iler seninle gurur duyuyor&#8217; ve &#8216;Vahap Ba\u015fkan&#8217; sloganlar\u0131yla kar\u015f\u0131lad\u0131.<\/p>\n<p>B\u00fcy\u00fck\u015fehir&#8217;in hizmetlerine dair tan\u0131t\u0131m videosunun izlenmesiyle ba\u015flayan t\u00f6ren, konu\u015fmalarla devam etti.<\/p>\n<p>Se\u00e7er: &#8220;Mersin halk\u0131 memnuniyetini y\u00fcksek sesle getiriyorsa, sizlerin sayesinde&#8221;<\/p>\n<p>Alk\u0131\u015flar e\u015fli\u011finde sahneye \u00e7\u0131kan ve i\u015f\u00e7ilere &#8216;Yol arkada\u015flar\u0131m, ailem&#8217; diye seslenerek konu\u015fmas\u0131na ba\u015flayan Se\u00e7er, Mersin&#8217;in muazzam bir \u015fehir ve T\u00fcrkiye&#8217;nin \u00f6zeti niteli\u011finde oldu\u011funu belirterek, &#8220;Mersin; karde\u015flik, bar\u0131\u015f, huzur, refah, ayd\u0131nl\u0131k ama her \u015feyden \u00f6nemlisi Cumhuriyetin ve Atat\u00fcrk&#8217;\u00fcn kenti&#8221; dedi. B\u00f6ylesine de\u011ferli bir \u015fehre hizmet etmekten mutluluk duyduklar\u0131n\u0131 ifade eden Se\u00e7er, &#8220;11 binin \u00fczerinde bir yol arkada\u015f\u0131m\u0131z ile Mersin halk\u0131na hizmet ediyoruz. Mersin halk\u0131na memnuniyetle hizmet eden sizlere te\u015fekk\u00fcrler ediyorum. Mersin halk\u0131 Ba\u015fkan\u0131n\u0131 seviyorsa, memnuniyetini y\u00fcksek sesle dile getiriyorsa, bunlar sizlerin sayesinde&#8221; dedi. Mersin B\u00fcy\u00fck\u015fehir&#8217;in b\u00fcy\u00fck bir aile oldu\u011funu s\u00f6yleyen Se\u00e7er, &#8220;A\u011fa\u00e7 dal\u0131yla g\u00fcrler, ben sizlerle g\u00fcrl\u00fcyorum. Sizlerle Mersin halk\u0131n\u0131n mutlulu\u011funu, ac\u0131s\u0131n\u0131 payla\u015f\u0131yorum. Belediye vatanda\u015f\u0131n her derdine bakar&#8221; diye konu\u015ftu.<\/p>\n<p>&#8220;Sizlerle yol y\u00fcr\u00fcmekten mutluluk duyuyorum&#8221;<\/p>\n<p>Mersin halk\u0131na hizmet etmek ve kentte huzuru daim etmek i\u00e7in gece g\u00fcnd\u00fcz \u00e7al\u0131\u015ft\u0131klar\u0131n\u0131 vurgulayan Se\u00e7er, &#8220;Bu hizmetleri de her t\u00fcrl\u00fc badirelere kar\u015f\u0131 dik durarak, kararl\u0131l\u0131kla yap\u0131yoruz. Ulu \u00d6nder Atat\u00fcrk&#8217;\u00fcn pe\u015finde giden bir siyasi olarak yap\u0131yoruz&#8221; dedi. Azmin, kararl\u0131l\u0131\u011f\u0131n, eme\u011fin de\u011ferini en iyi B\u00fcy\u00fck\u015fehir emek\u00e7ilerinin bildi\u011fine dikkat \u00e7eken Se\u00e7er, &#8220;Gecesini g\u00fcnd\u00fcz\u00fcne katmak, ya\u011fmur ya\u015f dinlemeden, so\u011fuk s\u0131cak dinlemeden ald\u0131\u011f\u0131 maa\u015f\u0131n hakk\u0131n\u0131 vermek, helal kazan\u00e7 nedir siz bilirsiniz. Sizler hayat\u0131 ya\u015fayarak \u00f6\u011freniyorsunuz. T\u0131pk\u0131 bu topraklarda yeti\u015fmi\u015f Ba\u015fkan\u0131n\u0131z gibi&#8221; ifadelerine yer verdi. Kendisini Mersin&#8217;e adad\u0131\u011f\u0131n\u0131n alt\u0131n\u0131 \u00e7izen Se\u00e7er, B\u00fcy\u00fck\u015fehir&#8217;in emek\u00e7ileriyle birlikte yol y\u00fcr\u00fcmekten \u00f6v\u00fcn\u00e7 ve mutluluk duydu\u011funu ifade etti. Se\u00e7er, &#8220;Hep ba\u015f\u0131m\u0131 dik,  aln\u0131m\u0131 a\u00e7\u0131k gezdiriyorsunuz, sizlere \u015f\u00fckranlar\u0131m\u0131 sunuyorum. Ben soka\u011fa \u00e7\u0131k\u0131p aln\u0131 a\u00e7\u0131k gezen bir belediye ba\u015fkan\u0131y\u0131m&#8221; dedi.<\/p>\n<p>B\u00fcy\u00fck\u015fehir \u00e7al\u0131\u015fanlar\u0131n\u0131n vatanda\u015flara hizmet yaparken g\u00f6sterdi\u011fi sevgi, sayg\u0131 ve \u00f6zenin kendisini \u00e7ok mutlu etti\u011fini ifade eden Se\u00e7er, &#8220;E\u011fer yetimin hakk\u0131na tenezz\u00fcl etmiyorsan\u0131z, hizmetten ba\u015fka bir beklentiniz yoksa, d\u00fcnya mal\u0131nda g\u00f6z\u00fcn\u00fcz yoksa i\u015fte bir belediye ba\u015fkan\u0131n\u0131n bekledi\u011fi, duymak istedi\u011fi ve kazanc\u0131 budur. Bana bu duygular\u0131 ya\u015fatt\u0131\u011f\u0131n\u0131z i\u00e7in sizlere Mersin halk\u0131 ad\u0131na te\u015fekk\u00fcr ediyorum&#8221; dedi.<\/p>\n<p>&#8220;Bu memnuniyet Mersin halk\u0131n\u0131n sesi olarak y\u00fckseldi&#8221;<\/p>\n<p>CHP&#8217;nin kendisini yeniden aday g\u00f6stermesiyle ilgili de de\u011ferlendirmede bulunan Ba\u015fkan Se\u00e7er, \u015funlar\u0131 s\u00f6yledi:<\/p>\n<p>&#8220;Bunu dedirten sizlerin arac\u0131l\u0131\u011f\u0131yla Mersin halk\u0131 oldu. Sizler, Mersin halk\u0131na samimiyetle hizmet ettiniz. 5 y\u0131ld\u0131r Anamur&#8217;dan Tarsus&#8217;a, \u00c7aml\u0131yayla&#8217;dan Mut&#8217;a kadar da\u011f-bay\u0131r demeden \u00e7al\u0131\u015ft\u0131n\u0131z. &#8216;\u015eu k\u00f6ye hizmet yapmayal\u0131m. Siyasi g\u00f6r\u00fc\u015f olarak farkl\u0131. Bu bize oy vermiyor, bizim d\u00fcnya g\u00f6r\u00fc\u015f\u00fcnde de\u011fil, b\u00f6lgesi, mezhebi, me\u015frebi bu&#8217; diyen insanlar olmad\u0131n\u0131z. \u00c7\u00fcnk\u00fc sizin ba\u015fkan\u0131n\u0131z Mersin&#8217;de ayr\u0131mc\u0131l\u0131\u011f\u0131 yerin 7 kat dibine g\u00f6md\u00fc. \u00c7\u00fcnk\u00fc sizin insana bak\u0131\u015f\u0131n\u0131z, ba\u015fkan\u0131n\u0131z gibi. Ben insan\u0131 insan oldu\u011fu i\u00e7in severim. Siz de hizmetleri bu d\u00fcsturla yapt\u0131n\u0131z. \u0130\u015fte bu hizmetleriniz, bu memnuniyet Mersin halk\u0131n\u0131n sesi olarak y\u00fckseldi.&#8221;<\/p>\n<p>B\u00fcy\u00fck\u015fehir&#8217;in emek\u00e7ilerinin taleplerinin ba\u015f\u0131n\u0131n tac\u0131 oldu\u011funu s\u00f6yleyen Se\u00e7er, mevcut imk\u00e2nlarla emek\u00e7iler i\u00e7in en hakkaniyetlisini yapmaya \u00e7al\u0131\u015ft\u0131klar\u0131n\u0131 s\u00f6yledi. G\u00f6reve geldiklerinde s\u00fcrekli i\u015f\u00e7i stat\u00fcs\u00fcnde \u00e7al\u0131\u015fan personelin haftal\u0131k \u00e7al\u0131\u015fma s\u00fcresini 45 saatten 40 saate d\u00fc\u015f\u00fcrd\u00fcklerini hat\u0131rlatan Se\u00e7er, bunun bir kazan\u0131m oldu\u011funu belirtti. G\u00f6rev s\u00fcrelerinde kad\u0131n \u00e7al\u0131\u015fanlar\u0131n say\u0131s\u0131n\u0131n da yakla\u015f\u0131k y\u00fczde 7 seviyesinde artt\u0131\u011f\u0131n\u0131 belirten Se\u00e7er, &#8220;Bu bir kazan\u0131md\u0131r. Her birimde, a\u015famada, sokakta \u00e7al\u0131\u015fan, otob\u00fcs kullanan kad\u0131n karde\u015fimden; y\u00f6netici, daire ba\u015fkan\u0131, m\u00fcd\u00fcr seviyesindeki kad\u0131nlara kadar bu bir kazan\u0131md\u0131r. Bu Cumhuriyetin ve demokrasinin kazan\u0131m\u0131d\u0131r. Hem \u00e7al\u0131\u015fma hayat\u0131nda hem siyasal ya\u015famda kad\u0131nlar\u0131n say\u0131s\u0131 arts\u0131n. Arzum, iste\u011fim ve m\u00fccadelem budur&#8221; diye konu\u015ftu.<\/p>\n<p>Taban \u00fccret 25 bin 100 TL oldu<\/p>\n<p>Konu\u015fmas\u0131n\u0131n devam\u0131nda maa\u015f m\u00fcjdesini i\u015f\u00e7ilerle payla\u015fan Se\u00e7er, 14 bin 686 TL olan taban \u00fccret y\u00fczde 71 art\u0131\u015fla 25 bin 100 TL oldu\u011funu a\u00e7\u0131klad\u0131. \u0130\u015f\u00e7ilerle bu m\u00fcjdeyi payla\u015fmaktan mutluluk duydu\u011funu belirten Se\u00e7er, &#8220;Hem Belediye \u0130\u015f hem Genel \u0130\u015f ba\u015fkanlar\u0131yla oturduk, konu\u015ftuk, de\u011ferlendirmeler yapt\u0131k. Y\u00fczde 71 art\u0131\u015fta taban \u00fccret 25 bin 100 TL hay\u0131rl\u0131 olsun&#8221; dedi.<\/p>\n<p>Se\u00e7er ayr\u0131ca Mersin B\u00fcy\u00fck\u015fehir Belediyesi ile MESK\u0130 b\u00fcnyesinde \u00e7al\u0131\u015fan 375 kadrolu i\u015f\u00e7i stat\u00fcs\u00fcndeki i\u015f\u00e7ileri kapsayan ve Mart ay\u0131nda yap\u0131lmas\u0131 planlanan Toplu \u0130\u015f S\u00f6zle\u015fmesi&#8217;ni de 2 ay erkene ald\u0131klar\u0131n\u0131, yeni toplu s\u00f6zle\u015fmeyi de \u00f6n\u00fcm\u00fczdeki birka\u00e7 g\u00fcn i\u00e7erisinde payla\u015facaklar\u0131n\u0131 aktard\u0131. Se\u00e7er, &#8220;Umut ediyorum, sadece Mersinimizde de\u011fil, t\u00fcm \u00fclkemizdeki 86 milyon insan\u0131m\u0131z\u0131n da refah arts\u0131n, emek kar\u015f\u0131l\u0131\u011f\u0131n\u0131 als\u0131n, \u00fclkemiz zenginle\u015fsin&#8221; diye konu\u015ftu.<\/p>\n<p>5 y\u0131l boyunca yol arkada\u015flar\u0131yla beraber Mersin halk\u0131na gururla, onurla ve memnuniyetle hizmet etti\u011fini belirten Se\u00e7er, &#8220;Bu g\u00f6revi yaparken de Mersin halk\u0131n\u0131n takdirini ve te\u015fekk\u00fcr\u00fcn\u00fc ald\u0131m. Bunu sa\u011flarken tek ba\u015f\u0131m\u0131za yapmad\u0131k. Bir olduk, birlik olduk, iri olduk, diri olduk ve ba\u015fard\u0131k. Birlik ve beraberlik i\u00e7erisinde \u00e7al\u0131\u015farak ve azmederek \u00fclkemizi hep beraber \u00e7ok daha iyi noktalara getirece\u011fimize can\u0131 y\u00fcrekten inan\u0131yorum. En g\u00fczel g\u00fcnler sizlerin olsun&#8221; ifadelerine yer verdi.<\/p>\n<p>G\u00f6ksoy: &#8220;Belediye Ba\u015fkan\u0131m\u0131z\u0131n tavr\u0131 emek\u00e7iden yanad\u0131r&#8221;<\/p>\n<p>D\u0130SK Genel-\u0130\u015f Sendikas\u0131 \u00c7ukurova B\u00f6lge Ba\u015fkan\u0131 Kemal G\u00f6ksoy, D\u0130SK olarak yapt\u0131klar\u0131 toplant\u0131da yerel y\u00f6netimlerle ilgili \u00e7\u0131kan karar\u0131 payla\u015farak, &#8221; &#8216;Emekten yana, e\u015fitlikten yana; laik, demokratik, \u00e7a\u011fda\u015f, ayd\u0131n ve ayr\u0131ms\u0131z i\u015f yapan belediye ba\u015fkanlar\u0131n\u0131 destekleyece\u011fiz&#8217; diye bir karar \u00e7\u0131kt\u0131. Yani Vahap Se\u00e7er&#8217;i tarif ettiler. Burada da karar\u0131m\u0131z nettir. G\u00f6r\u00fc\u015f\u00fcm\u00fcz ve fikrimiz ne olursa olsun Vahap Se\u00e7er ve B\u00fcy\u00fck\u015fehir konusunda net olmam\u0131z gerekir. Bu kentin do\u011fru, huzur ve bar\u0131\u015f i\u00e7erisinde y\u00f6netilmesi i\u00e7in karar\u0131m\u0131z nettir&#8221; diye konu\u015ftu. G\u00f6ksoy konu\u015fmas\u0131n\u0131, &#8220;Biz ayr\u0131m yapmadan; e\u015fitlik\u00e7i, demokratik bir y\u00f6netim anlay\u0131\u015f\u0131yla Vahap Se\u00e7er \u015fahs\u0131nda Mersin&#8217;i Mersin halk\u0131na hediye edece\u011fiz&#8221; c\u00fcmleleriyle bitirdi.<\/p>\n<p>Demirda\u015f: &#8220;Eme\u011fin en y\u00fcce de\u011fer oldu\u011funu benimseyen halk\u00e7\u0131 Ba\u015fkan\u0131m\u0131za te\u015fekk\u00fcr ediyoruz&#8221;<\/p>\n<p>Belediye \u0130\u015f Sendikas\u0131 Genel Ba\u015fkan Yard\u0131mc\u0131s\u0131 G\u00fcney Demirda\u015f ise 2019&#8217;dan bu yana ger\u00e7ekle\u015ftirilen toplu s\u00f6zle\u015fme m\u00fczakerelerinde her zaman i\u015f\u00e7inin yan\u0131nda bir tavr\u0131 sergileyen Ba\u015fkan Se\u00e7er&#8217;e te\u015fekk\u00fcr etti. Se\u00e7er&#8217;in Tarsus&#8217;tan Anamur&#8217;a, \u00c7aml\u0131yayla&#8217;dan G\u00fclnar&#8217;a sosyal belediyelik anlay\u0131\u015f\u0131yla halk\u0131n her kesimine hizmet g\u00f6t\u00fcrerek b\u00fcy\u00fck bir memnuniyet sa\u011flad\u0131\u011f\u0131n\u0131 hep birlikte g\u00f6rd\u00fcklerini belirten Demirda\u015f, &#8220;Eme\u011fin en y\u00fcce de\u011fer oldu\u011funu benimseyen halk\u00e7\u0131 Belediye Ba\u015fkan\u0131m\u0131za te\u015fekk\u00fcr ediyoruz. Biz de diyoruz ki; i\u015fverenimiz yani belediye ba\u015fkan\u0131m\u0131z, eme\u011fe sayg\u0131 duyup, i\u015f\u00e7i ve i\u015f\u00e7inin ailesini kendi ailesi gibi g\u00f6rd\u00fc\u011f\u00fc i\u00e7in ba\u015fkan\u0131m\u0131z\u0131n her zaman ba\u015f\u0131m\u0131z\u0131n \u00fcst\u00fcnde yeri vard\u0131r&#8221; dedi.<\/p>\n<p>31 Mart yerel se\u00e7imlerinde i\u015f\u00e7ilerin sadece Belediye Ba\u015fkan\u0131 de\u011fil i\u015fverenini de se\u00e7ti\u011fini hat\u0131rlatan Demirda\u015f, &#8220;Bu b\u00fcy\u00fck sorumlulu\u011funun bilincinde olmam\u0131z gerekiyor. Bu nedenle 31 Mart g\u00fcn\u00fc Vahap Ba\u015fkan\u0131 se\u00e7iyor muyuz? Bu memnuniyetin devam\u0131 i\u00e7in sonuna kadar Vahap Ba\u015fkan diyor muyuz?&#8221; diye sordu ev i\u015f\u00e7ilerden co\u015fkulu bir &#8216;Evet&#8217; cevab\u0131n\u0131 ald\u0131. Demirda\u015f son olarak m\u00fczakerelerde g\u00f6sterdi\u011fi hassasiyetten dolay\u0131 da Se\u00e7er&#8217;e te\u015fekk\u00fcrlerini iletti.<\/p>\n<p>Konu\u015fmalar\u0131n ard\u0131ndan Toplu S\u00f6zle\u015fme Ek Protokol\u00fc, Ba\u015fkan Vahap Se\u00e7er, D\u0130SK \u00c7ukurova B\u00f6lge Ba\u015fkan\u0131 Kemal G\u00f6ksoy, Belediye \u0130\u015f Mersin \u015eube Ba\u015fkan\u0131 Nail Kaya, MESK\u0130 Y\u00f6netim Kurulu Ba\u015fkan\u0131 Olcay Tok, MESK\u0130 Genel M\u00fcd\u00fcr Yard\u0131mc\u0131s\u0131 Seyfettin Atar, K\u00fclt\u00fcr A.\u015e. Y\u00f6netim Kurulu Ba\u015fkan\u0131 Bedri Dursun ile \u0130mar A.\u015e. Y\u00f6netim Kurulu Ba\u015fkan\u0131 Ali Uyan taraf\u0131ndan imzaland\u0131.<\/p>\n<p>B\u00fcy\u00fck\u015fehir i\u015f\u00e7ilerinden zam co\u015fkusu<\/p>\n<p>Ba\u015fkan Se\u00e7er&#8217;in a\u00e7\u0131klad\u0131\u011f\u0131 zam oran\u0131n\u0131 ve yeni maa\u015f\u0131 co\u015fkuyla kar\u015f\u0131layan binlerce i\u015f\u00e7i, alk\u0131\u015flar e\u015fli\u011finde hep bir a\u011f\u0131zdan &#8216;B\u00fcy\u00fck Ba\u015fkan&#8217; diyerek sevin\u00e7lerini g\u00f6sterdiler. Protokol \u00fcyeleri ve i\u015f\u00e7iler ile foto\u011fraf \u00e7ekiminin ard\u0131ndan t\u00f6ren sona erdi.<\/p>\n<p>B\u00fcy\u00fck\u015fehir&#8217;in \u00e7al\u0131\u015fanlar\u0131 maa\u015f art\u0131\u015f\u0131ndan memnun<\/p>\n<p>Yap\u0131lan art\u0131\u015f\u0131n ard\u0131ndan alacaklar\u0131 maa\u015f\u0131n g\u00fcn\u00fcm\u00fcz \u015fartlar\u0131nda yeterli oldu\u011funu s\u00f6yleyen \u00d6zg\u00fcr \u00c7ift\u00e7i, Ba\u015fkan Se\u00e7er&#8217;in \u00e7al\u0131\u015fanlar\u0131n beklentilerini dinledi\u011fini ve yanlar\u0131nda oldu\u011funu s\u00f6yledi. Verilen zam i\u00e7in Se\u00e7er&#8217;e te\u015fekk\u00fcr eden personel Aytekin A\u00e7\u0131kg\u00f6z, &#8220;Aya\u011f\u0131na ta\u015f de\u011fmesin, i\u015f\u00e7iyiz, emek\u00e7iyiz. Kendim ad\u0131ma ve b\u00fct\u00fcn arkada\u015flar\u0131m\u0131n ad\u0131na \u00e7ok te\u015fekk\u00fcr ederim&#8221; diye konu\u015ftu.<\/p>\n<p>Vahap Se\u00e7er g\u00f6reve geldi\u011finden itibaren \u00e7al\u0131\u015fmaya ba\u015flad\u0131\u011f\u0131n\u0131 s\u00f6yleyen Ay\u015fe Kaya, &#8220;Ba\u015fkan\u0131m\u0131z her zaman i\u015f\u00e7inin yan\u0131nda, \u00e7ok de\u011fer veriyor. Onun sayesinde \u00e7ocu\u011fumuza ekmek g\u00f6t\u00fcr\u00fcyoruz. Ben hem anneyim hem babay\u0131m, ba\u015fkan\u0131mla gurur duyuyorum&#8221; diye konu\u015ftu. Ba\u015fak Ko\u00e7 isimli personel ise, &#8220;\u00c7ok iyi bir zam. Tek ba\u015f\u0131ma ya\u015f\u0131yorum ve tek ba\u015f\u0131ma ya\u015farken giderlerin de bir o kadar zor, \u00e7ok iyi oldu&#8221; s\u00f6zlerine yer vererek, te\u015fekk\u00fcr etti.<\/p>\n","protected":false},"excerpt":{"rendered":"<p>Mersin B\u00fcy\u00fck\u015fehir Belediye Ba\u015fkan\u0131 Vahap Se\u00e7er; B\u00fcy\u00fck\u015fehir Belediyesi ve Mersin Su ve Kanalizasyon \u0130daresi (MESK\u0130) \u00e7al\u0131\u015fanlar\u0131n\u0131 kapsayan; Mersin B\u00fcy\u00fck\u015fehir Belediyesi, D\u0130SK Genel \u0130\u015f ve Belediye \u0130\u015f aras\u0131nda yap\u0131lan &#8216;Toplu S\u00f6zle\u015fme &hellip; <a href=\"https:\/\/akdenizolaygazetesi.com\/?p=29617\" class=\"more-link\">Devam\u0131n\u0131 Oku&#8230;<\/a><\/p>\n","protected":false},"author":2,"featured_media":29618,"comment_status":"open","ping_status":"open","sticky":false,"template":"","format":"standard","meta":[],"categories":[8,3],"tags":[],"_links":{"self":[{"href":"https:\/\/akdenizolaygazetesi.com\/index.php?rest_route=\/wp\/v2\/posts\/29617"}],"collection":[{"href":"https:\/\/akdenizolaygazetesi.com\/index.php?rest_route=\/wp\/v2\/posts"}],"about":[{"href":"https:\/\/akdenizolaygazetesi.com\/index.php?rest_route=\/wp\/v2\/types\/post"}],"author":[{"embeddable":true,"href":"https:\/\/akdenizolaygazetesi.com\/index.php?rest_route=\/wp\/v2\/users\/2"}],"replies":[{"embeddable":true,"href":"https:\/\/akdenizolaygazetesi.com\/index.php?rest_route=%2Fwp%2Fv2%2Fcomments&post=29617"}],"version-history":[{"count":1,"href":"https:\/\/akdenizolaygazetesi.com\/index.php?rest_route=\/wp\/v2\/posts\/29617\/revisions"}],"predecessor-version":[{"id":29619,"href":"https:\/\/akdenizolaygazetesi.com\/index.php?rest_route=\/wp\/v2\/posts\/29617\/revisions\/29619"}],"wp:featuredmedia":[{"embeddable":true,"href":"https:\/\/akdenizolaygazetesi.com\/index.php?rest_route=\/wp\/v2\/media\/29618"}],"wp:attachment":[{"href":"https:\/\/akdenizolaygazetesi.com\/index.php?rest_route=%2Fwp%2Fv2%2Fmedia&parent=29617"}],"wp:term":[{"taxonomy":"category","embeddable":true,"href":"https:\/\/akdenizolaygazetesi.com\/index.php?rest_route=%2Fwp%2Fv2%2Fcategories&post=29617"},{"taxonomy":"post_tag","embeddable":true,"href":"https:\/\/akdenizolaygazetesi.com\/index.php?rest_route=%2Fwp%2Fv2%2Ftags&post=29617"}],"curies":[{"name":"wp","href":"https:\/\/api.w.org\/{rel}","templated":true}]}}