{"id":29620,"date":"2024-02-01T12:54:23","date_gmt":"2024-02-01T09:54:23","guid":{"rendered":"http:\/\/akdenizolaygazetesi.com\/?p=29620"},"modified":"2024-02-01T12:54:23","modified_gmt":"2024-02-01T09:54:23","slug":"bir-onceki-secim-manifestosunda-verdigimiz-sozlerin-yuzde-90ini-yaptik","status":"publish","type":"post","link":"https:\/\/akdenizolaygazetesi.com\/?p=29620","title":{"rendered":"&#8220;B\u0130R \u00d6NCEK\u0130 SE\u00c7\u0130M MAN\u0130FESTOSUNDA VERD\u0130\u011e\u0130M\u0130Z S\u00d6ZLER\u0130N Y\u00dcZDE 90&#8217;INI YAPTIK&#8221;"},"content":{"rendered":"<p>Mersin B\u00fcy\u00fck\u015fehir Belediye Ba\u015fkan\u0131 Vahap Se\u00e7er, Mersin Ticaret Borsas\u0131&#8217;n\u0131n Meclis Toplant\u0131s\u0131&#8217;na kat\u0131l\u0131m sa\u011flad\u0131.<\/p>\n<p>Meclis Toplant\u0131s\u0131&#8217;nda; Mersin B\u00fcy\u00fck\u015fehir Belediye Ba\u015fkan\u0131 Vahap Se\u00e7er, Mersin Ticaret Borsas\u0131 Y\u00f6netim Kurulu Ba\u015fkan\u0131 Abdullah \u00d6zdemir, Meclis Ba\u015fkan\u0131 M\u00fcnir \u015een ile Ticaret Borsas\u0131 Meclis \u00fcyeleri ve B\u00fcy\u00fck\u015fehir b\u00fcrokratlar\u0131 yer ald\u0131.<\/p>\n<p>Se\u00e7er: &#8220;Bu rakamlar ald\u0131\u011f\u0131m\u0131z kararlar\u0131n ne kadar do\u011fru oldu\u011funu g\u00f6steriyor&#8221;<\/p>\n<p>Toplant\u0131da konu\u015fan Ba\u015fkan Se\u00e7er, hizmetler ve kendisiyle ilgili yap\u0131lan de\u011ferlendirmelere te\u015fekk\u00fcr ederek, iyi i\u015fler yapt\u0131klar\u0131nda mutlu olduklar\u0131n\u0131 ifade etti.  Deprem, pandemi, ekonomik kriz ve siyasi engellemelere ra\u011fmen 5 y\u0131ll\u0131k g\u00f6rev s\u00fcrelerini ba\u015far\u0131yla tamamlaman\u0131n gururunu ya\u015fad\u0131klar\u0131n\u0131 kaydeden Se\u00e7er, iyi bir 5 y\u0131l ge\u00e7irdiklerini belirtti.<\/p>\n<p>B\u00fcy\u00fck\u015fehir&#8217;in mali disiplini son derece g\u00fc\u00e7l\u00fc bir belediye oldu\u011funa dikkat \u00e7eken Se\u00e7er, &#8220;Bu y\u0131l b\u00fct\u00e7e ger\u00e7ekle\u015ftirme oran\u0131m\u0131z y\u00fczde 93.5 civar\u0131nda. Ge\u00e7en y\u0131l yine bu oranlardaki dalgalanmalardan dolay\u0131 ek b\u00fct\u00e7eler yapt\u0131k. Bir \u00f6nceki y\u0131l b\u00fct\u00e7enin ger\u00e7ekle\u015fme oran\u0131 99.5&#8217;tu. Bunlar m\u00fcthi\u015f rakamlar. Bunlar bu belediyenin nas\u0131l bir ciddiyetle y\u00f6netildi\u011finin \u00f6nemli g\u00f6stergesidir. Asl\u0131nda bu rakamlar 1 y\u0131ll\u0131k s\u00fcrede g\u00f6sterdi\u011fimiz kararlar\u0131n ne kadar do\u011fru ve ne kadar disiplinize edilmi\u015f oldu\u011funu g\u00f6steriyor&#8221; dedi.<\/p>\n<p>&#8220;Herkes belediyeden kendi ya\u015fam alan\u0131na g\u00f6re hizmet bekler&#8221;<\/p>\n<p>Mersin B\u00fcy\u00fck\u015fehir Belediyesi, MESK\u0130 ve ba\u011fl\u0131 i\u015ftiraklerinin toplam 30 milyar TL b\u00fct\u00e7esi oldu\u011fundan s\u00f6z eden Se\u00e7er, yakla\u015f\u0131k 6 milyar TL bor\u00e7lar\u0131 oldu\u011funu s\u00f6zlerine ekledi. Se\u00e7er, &#8220;Bu asl\u0131nda siz i\u015f insanlar\u0131 i\u00e7in \u00f6nemlidir ve bir belediyenin nas\u0131l y\u00f6netildi\u011fine dair \u00f6nemli g\u00f6stergedir&#8221; dedi. 5 y\u0131lda, Mersin&#8217;in her kesiminden vatanda\u015flar i\u00e7in ihtiya\u00e7 alanlar\u0131na g\u00f6re hizmetler hayata ge\u00e7irdiklerinden s\u00f6z eden Se\u00e7er, &#8220;Herkes belediyeden kendi ya\u015fam alan\u0131na g\u00f6re hizmet bekler. \u00d6rne\u011fin 48 noktada 10 TL&#8217;ye verilen 3 \u00e7e\u015fit yemek bir kesimi ilgilendirmeyebilir, haberi bile olmayabilir. \u00c7\u00fcnk\u00fc onun sosyo-ekonomik durumu, onu takip etmeye ihtiya\u00e7 duyurmaz. Bulvardaki yolun g\u00fczelli\u011fi, kalitesi ve kav\u015faklar\u0131 arabas\u0131 olanlar\u0131 ilgilendirdi\u011fi gibi; 10 TL yemek edinmenin ya da destek alman\u0131n memnuniyetini yaratt\u0131\u011f\u0131n\u0131z insandan o kadar memnuniyet alamazs\u0131n\u0131z. \u00c7\u00fcnk\u00fc onun zaten arac\u0131 yoktur, o yollarla seyahat etmiyordur, onun derdi senin 10 TL&#8217;ye verdi\u011fin yemektir. Evde hastas\u0131 olan, ya\u015f alm\u0131\u015f kar\u0131 kocan\u0131n yemek yapacak halinin olmamas\u0131, hasta olmas\u0131 ve belediye g\u00f6revlisinin her g\u00fcn ona d\u00fczenli olarak s\u0131cak yemek g\u00f6t\u00fcrmesi onun ilgi alan\u0131d\u0131r ama Ba\u015fkan&#8217;dan konser ve festival bekleyen bir gencin ilgi alan\u0131 olmayabilir&#8221; ifadelerini kulland\u0131.  <\/p>\n<p>&#8220;2019-2024 y\u0131llar\u0131 aras\u0131 sosyal politikalara ay\u0131rd\u0131\u011f\u0131m\u0131z b\u00fct\u00e7e 20 kat artt\u0131&#8221;<\/p>\n<p>Bir taraftan belediyenin ge\u00e7mi\u015f d\u00f6nemden kaynakl\u0131 bor\u00e7lar\u0131n\u0131 \u00f6derken, di\u011fer taraftan da yat\u0131r\u0131mlar yapt\u0131klar\u0131ndan s\u00f6z eden Se\u00e7er, B\u00fcy\u00fck\u015fehir&#8217;in tar\u0131msal alanda yapm\u0131\u015f oldu\u011fu hizmetlerden bahsetti. Se\u00e7er, &#8220;K\u00fc\u00e7\u00fck \u00fcreticiye 4 y\u0131lda toplamda 125 milyon TL destek verdik. Hayvanc\u0131l\u0131k, fide-fidan ve sulama borusu deste\u011fi gibi bir\u00e7ok hizmet g\u00f6t\u00fcrd\u00fck. Bunlar\u0131 biz birlikler ve ziraat odalar\u0131yla birlikte yap\u0131yoruz. Siyasi ayr\u0131cal\u0131klar, tan\u0131d\u0131k, e\u015f, dost ayr\u0131cal\u0131\u011f\u0131 yapmadan, birlik, ziraat odas\u0131 ve sulama birlikleri arac\u0131l\u0131\u011f\u0131 ile \u00fcreticilere toplamda 125 milyon TL destek verdik. Bakt\u0131k ki bunun toplumda bir d\u00f6n\u00fc\u015f\u00fc var ve bir fayda sa\u011fl\u0131yor; sadece 2024 y\u0131l\u0131 i\u00e7in 119 milyon TL b\u00fct\u00e7e yapt\u0131k. 2019-2024 y\u0131llar\u0131 aras\u0131 sosyal politikalara ay\u0131rd\u0131\u011f\u0131m\u0131z b\u00fct\u00e7e 20 kat artt\u0131&#8221; dedi.<\/p>\n<p>Se\u00e7er; e\u011fitimden g\u0131da deste\u011fine, evde bak\u0131m hizmetinden hamilelerin s\u00fct ihtiyac\u0131n\u0131 kar\u015f\u0131lamaya, yeni do\u011fan \u00e7ocuklar\u0131n s\u00fct ihtiyac\u0131ndan \u00e7ocuk bezi ihtiyac\u0131na ve Refakat\u00e7i Evi hizmetine kadar sosyal alanlarda yapm\u0131\u015f olduklar\u0131 bir\u00e7ok sosyal politikada B\u00fcy\u00fck\u015fehir olarak imzalar\u0131 olduklar\u0131n\u0131n alt\u0131n\u0131 \u00e7izdi. Hizmetlerinde hi\u00e7bir ayr\u0131m g\u00f6zetmediklerini de vurgulayan Se\u00e7er, merkezde hayata ge\u00e7irdikleri hizmetlerin ayn\u0131s\u0131n\u0131 il\u00e7elerde ve k\u0131rsalda da yapt\u0131klar\u0131ndan s\u00f6z ederek, &#8220;&#8216;Oras\u0131 bize az oy verdi, buradaki mahalleler \u00e7ok oy verdi, onlar ideolojik olarak ayr\u0131m yapt\u0131, bizim etnik yap\u0131m\u0131zdan etkilendi oy vermedi&#8217; gibi asla b\u00f6yle bir ayr\u0131m i\u00e7erisinde bulunmad\u0131k&#8221; ifadelerini kulland\u0131.<\/p>\n<p>&#8220;Bunlar hep trafi\u011fi rahatlat\u0131c\u0131 dokunu\u015flar&#8221;<\/p>\n<p>Kent i\u00e7i trafi\u011fin daha rahat olmas\u0131 i\u00e7in \u00e7al\u0131\u015fmalar\u0131n son s\u00fcrat devam etti\u011fini aktaran Se\u00e7er, g\u00f6reve geldikten sonra ilk olarak akamete u\u011frayan An\u0131t Katl\u0131 Kav\u015fa\u011f\u0131&#8217;n\u0131 tamamlatarak 35 g\u00fcn i\u00e7erisinde hizmete a\u00e7t\u0131klar\u0131n\u0131, ard\u0131ndan ise Sevgi Katl\u0131 Kav\u015fa\u011f\u0131, G\u00f6\u00e7men Katl\u0131 Kav\u015fa\u011f\u0131 ve Dikenli Yol Alt Ge\u00e7iti&#8217;ni Mersinlilerin kullan\u0131m\u0131na sunduklar\u0131n\u0131 belirterek, &#8220;Bunlar hep trafi\u011fi rahatlat\u0131c\u0131 dokunu\u015flar&#8221; dedi.<\/p>\n<p>\u00c7al\u0131\u015fmalar kapsam\u0131nda k\u00f6pr\u00fcl\u00fc kav\u015faklar ve yeni bulvarlar a\u00e7t\u0131klar\u0131n\u0131 dile getiren Se\u00e7er, 2. \u00c7evre Yolu&#8217;nun devam\u0131nda s\u00fcrd\u00fcr\u00fclen \u00e7al\u0131\u015fmalar neticesinde 1 kilometrelik b\u00f6l\u00fcm\u00fcn kullan\u0131ma a\u00e7\u0131ld\u0131\u011f\u0131n\u0131, 2 bin 200 metrelik b\u00f6l\u00fcm\u00fcn de 15 \u015eubat itibari ile a\u00e7\u0131laca\u011f\u0131n\u0131 s\u00f6yledi. Toplam 3 bin 200 metre uzunlu\u011fundaki yolun alt ve \u00fcst yap\u0131s\u0131yla tamamen yeni ve modern bir yap\u0131da oldu\u011funa dikkat \u00e7eken Se\u00e7er, &#8220;4. \u00c7evre Yolu yine bizim Mersin&#8217;e kazand\u0131rd\u0131\u011f\u0131m\u0131z yeni bir \u00e7evre yolumuzdur. Yine 3. ve 4. \u00c7evre Yolu&#8217;nu Mimar Sinan Caddesi&#8217;nden \u00dcniversite Caddesi&#8217;ne ba\u011fl\u0131yoruz. Size yakla\u015f\u0131k 1 kilometre uzunlu\u011funda 35 metre geni\u015fli\u011finde bulvar a\u00e7\u0131yoruz. Art\u0131k 3. ve 4. \u00c7evre Yolu&#8217;ndan gelen ara\u00e7lar 34. Cadde \u00fczerinden Saya Park kav\u015fa\u011f\u0131na inip Mezitli&#8217;ye y\u00f6nelecek ve Saya Park kav\u015fa\u011f\u0131n\u0131 t\u0131kamayacak&#8221; diye konu\u015ftu.<\/p>\n<p>S\u00f6z konusu yollar\u0131n Mart ay\u0131 sonuna kadar bitirilmesi i\u00e7in ekiplerin gece-g\u00fcnd\u00fcz \u00e7al\u0131\u015ft\u0131klar\u0131n\u0131 vurgulayan Se\u00e7er, &#8220;Bu durum se\u00e7im \u00f6ncesi bize prim kazand\u0131rs\u0131n meselesi de\u011fil. Bir i\u015fe ba\u015fl\u0131yorsak, b\u00fct\u00e7esini ay\u0131rm\u0131\u015f\u0131zd\u0131r. \u00d6deyemeyece\u011fimiz, paradan dolay\u0131 akamete u\u011frayacak bir yat\u0131r\u0131m\u0131n temelini atm\u0131yor ve ihalesine \u00e7\u0131km\u0131yoruz&#8221; dedi.<\/p>\n<p>&#8220;Metroyu kald\u0131\u011f\u0131 yerden devam ettirece\u011fiz&#8221;<\/p>\n<p>Konu\u015fmas\u0131nda Metro Projesi hakk\u0131nda da kat\u0131l\u0131mc\u0131lar\u0131 bilgilendiren Se\u00e7er, finans izninin verilmemesi nedeniyle projenin 2 y\u0131l bekledi\u011fini hat\u0131rlatt\u0131. \u0130lk etapta 13,4 kilometre olan proje i\u00e7in yar\u0131s\u0131 IFC&#8217;den yar\u0131s\u0131 da EBRD&#8217;den olmak \u00fczere 150 milyon avro tutar\u0131nda kredi bulduklar\u0131n\u0131 aktaran Se\u00e7er, ilgili bakanl\u0131\u011f\u0131n finansman iznini imzalamas\u0131n\u0131n ard\u0131ndan \u00e7al\u0131\u015fmalar\u0131n yeniden ivme kazand\u0131\u011f\u0131n\u0131 s\u00f6yledi. Se\u00e7er, &#8220;\u015eimdi \u00e7al\u0131\u015fmalar\u0131 s\u00fcrd\u00fcr\u00fcyoruz. Umar\u0131m hi\u00e7bir aksilik ya\u015famay\u0131z. Yeni d\u00f6nemin ilk 5-6 ay\u0131 i\u00e7erisinde s\u00fcratle ilk etap yeralt\u0131 13,5 kilometrelik metroyu kald\u0131\u011f\u0131 yerden devam ettirece\u011fiz. Biz metroyu bitirece\u011fiz. Bu bizim 2. d\u00f6nem i\u00e7in \u00f6nemli s\u00f6zlerimizden biridir&#8221; dedi.<\/p>\n<p>B\u00fcy\u00fck \u00f6nem verdi\u011fi projelerden biri olan Sosyal Konut Projesi&#8217;ni gelecek d\u00f6nemde Mersin halk\u0131 i\u00e7in ger\u00e7ekle\u015ftireceklerini vurgulayan Se\u00e7er, projenin Mersin&#8217;de sosyal konut eksi\u011fini giderecek bir Avrupa modeli oldu\u011funa i\u015faret etti. Se\u00e7er, &#8220;Kiralama y\u00f6ntemiyle sosyal konut yap\u0131p geliri d\u00fc\u015f\u00fck vatanda\u015flara bu kap\u0131y\u0131 a\u00e7aca\u011f\u0131z. Bu ger\u00e7ekten \u00e7ark\u0131n d\u00f6nd\u00fc\u011f\u00fc bir sistem olacak. Bunu \u00e7ok \u00f6nemsiyoruz. Sosyal bir proje oldu\u011fu i\u00e7in finansmana eri\u015fimi de kolay&#8221; dedi.<\/p>\n<p>Toplant\u0131da imar planlar\u0131 konusuna da de\u011finen Se\u00e7er, Mezitli ve Yeni\u015fehir&#8217;deki planlar\u0131n tamamland\u0131\u011f\u0131n\u0131, Toroslar&#8217;da ise b\u00fcy\u00fck oranda bitti\u011fini s\u00f6yledi. \u0130mar\u0131n olmad\u0131\u011f\u0131 yerde yat\u0131r\u0131m\u0131n olmad\u0131\u011f\u0131n\u0131 ifade ederek konu\u015fmas\u0131n\u0131 s\u00fcrd\u00fcren Se\u00e7er, yapacaklar\u0131 M\u00fcft\u00fc Deresi Ya\u015fam Vadisi&#8217;ni de anlatarak, &#8220;Orada 500 d\u00f6n\u00fcml\u00fck yeni bir kent park\u0131 olu\u015fturaca\u011f\u0131z&#8221; dedi.<\/p>\n<p>2019 y\u0131l\u0131nda se\u00e7ilmeden \u00f6nce verdikleri s\u00f6zleri tuttuklar\u0131n\u0131 belirten Se\u00e7er, &#8220;O manifestoda verdi\u011fimiz s\u00f6zlerin y\u00fczde 90&#8217;\u0131n\u0131 yapt\u0131k ya da yat\u0131r\u0131mlar devam ediyor ve yap\u0131yoruz. \u00d6n\u00fcm\u00fczdeki y\u0131l daha da kontroll\u00fc olacak. Mali disiplini sa\u011flad\u0131k. \u0130nsan kayna\u011f\u0131 \u00e7ok \u00f6nemli. Bir de kamu hizmeti yap\u0131yorsan\u0131z ve oturdu\u011funuz makam siyasi bir makamsa bu \u00e7ok zor&#8221; ifadelerine yer verdi.<\/p>\n<p>&#8220;Ben t\u00fcccar de\u011filim, kar elde etmeyi d\u00fc\u015f\u00fcnmem&#8221;<\/p>\n<p>Kamucu bir anlay\u0131\u015fla belediyeyi y\u00f6netti\u011fini s\u00f6zlerine ekleyen Se\u00e7er, &#8220;Finans ve kaliteli insan kayna\u011f\u0131yla \u00e7al\u0131\u015fma konusunda \u00f6zel sekt\u00f6r mant\u0131\u011f\u0131 var. Ben \u00f6zel sekt\u00f6rden siyasete girdim ama ben bir kamu hizmeti yap\u0131yorum. Ben t\u00fcccar de\u011filim, kar elde etmeyi d\u00fc\u015f\u00fcnmem. Y\u0131lda sadece 600-700 milyon toplu ta\u015f\u0131maya destek veriyorum. \u00d6\u011frenciler belediye otob\u00fcslerinden 1 TL&#8217;ye yararlan\u0131yor. Bu y\u0131l sosyal politikalara 250 milyon lira ay\u0131rd\u0131k. Bunlar ciddi paralar. Bu kamuculuktur ve sosyal belediyeciliktir&#8221; dedi.<\/p>\n<p>Yerel se\u00e7imlere ili\u015fkin de\u011ferlendirmesinde; &#8220;Mersin halk\u0131n\u0131n hizmetten yana tercih yapaca\u011f\u0131na inan\u0131yoruz&#8221; diyen Se\u00e7er, vatanda\u015flar\u0131n huzurlu bir Mersin&#8217;de ya\u015fad\u0131\u011f\u0131n\u0131 ve oy verirken de bunu g\u00f6zetece\u011fine inand\u0131\u011f\u0131n\u0131 kaydederek, &#8221; &#8216;Ben bu belediye ba\u015fkan\u0131n\u0131n d\u00f6neminde bu kentte huzurluyum. E\u015fim, k\u0131z\u0131m K\u00fclt\u00fcr Park&#8217;a, soka\u011fa rahat \u00e7\u0131k\u0131yor, belediyenin kafesinde oturuyor, \u015fenli\u011fine kat\u0131l\u0131yor. Sosyal hizmet bana da geliyor, ayr\u0131mc\u0131l\u0131k yap\u0131lm\u0131yor. K\u00f6y yolum yap\u0131ld\u0131, CHP&#8217;ye 2 tane oy \u00e7\u0131kmad\u0131\u011f\u0131 halde grup yolum yap\u0131ld\u0131&#8217; diyen insanlar buna bakacakt\u0131r. Ben buna can\u0131 y\u00fcrekten inan\u0131yorum. Hizmetlerimizden dolay\u0131 da Mersinli hem\u015fehrilerimizden destek alaca\u011f\u0131m\u0131z\u0131n inanc\u0131n\u0131 ta\u015f\u0131yorum&#8221; diye belirtti.<\/p>\n<p>Mersin Ticaret Borsas\u0131 Y\u00f6netim Kurulu Ba\u015fkan\u0131 Abdullah \u00d6zdemir ise, &#8220;Ba\u015fkan Bey g\u00f6reve ba\u015flad\u0131\u011f\u0131nda zor bir s\u00fcre\u00e7 vard\u0131. Pandemi, sava\u015flar, ekonomik kriz, deprem gibi olaylar ya\u015fand\u0131. Genel se\u00e7imi ya\u015fad\u0131, \u015fimdi de yerel se\u00e7imlere gidiyor. Bu s\u00fcre\u00e7te \u00f6nemli kararlar verdiniz ve \u00f6nemli i\u015fler yapt\u0131n\u0131z. Yerel se\u00e7imlerde her \u015fey g\u00f6nl\u00fcn\u00fczce olsun&#8221; dedi.<\/p>\n<p>Mersin Ticaret Odas\u0131 Meclis Ba\u015fkan\u0131 M\u00fcnir \u015een de Ba\u015fkan Se\u00e7er&#8217;i aralar\u0131nda g\u00f6rmekten mutluluk duyduklar\u0131n\u0131 belirterek, &#8220;Ge\u00e7en 5 y\u0131l i\u00e7in kendisine te\u015fekk\u00fcr ediyor, yeni d\u00f6nem i\u00e7in de ba\u015far\u0131lar diliyoruz&#8221; dedi.<\/p>\n<p>Konu\u015fmalar\u0131n ard\u0131ndan, Ticaret Borsas\u0131 Meclis \u00fcyeleri Se\u00e7er&#8217;e sorular\u0131n\u0131 y\u00f6neltti. Meclis \u00fcyeleri ayr\u0131ca, hizmetlerinden dolay\u0131 Se\u00e7er&#8217;e te\u015fekk\u00fcrlerini ilettiler ve &#8216;Daha iyilerini yapaca\u011f\u0131n\u0131z\u0131 biliyoruz&#8217; diyerek, Se\u00e7er&#8217;e ba\u015far\u0131 dile\u011finde bulundular. Meclis toplant\u0131s\u0131 toplu foto\u011fraf \u00e7ekimi ile sona erdi.<\/p>\n","protected":false},"excerpt":{"rendered":"<p>Mersin B\u00fcy\u00fck\u015fehir Belediye Ba\u015fkan\u0131 Vahap Se\u00e7er, Mersin Ticaret Borsas\u0131&#8217;n\u0131n Meclis Toplant\u0131s\u0131&#8217;na kat\u0131l\u0131m sa\u011flad\u0131. Meclis Toplant\u0131s\u0131&#8217;nda; Mersin B\u00fcy\u00fck\u015fehir Belediye Ba\u015fkan\u0131 Vahap Se\u00e7er, Mersin Ticaret Borsas\u0131 Y\u00f6netim Kurulu Ba\u015fkan\u0131 Abdullah \u00d6zdemir, Meclis &hellip; <a href=\"https:\/\/akdenizolaygazetesi.com\/?p=29620\" class=\"more-link\">Devam\u0131n\u0131 Oku&#8230;<\/a><\/p>\n","protected":false},"author":2,"featured_media":29621,"comment_status":"open","ping_status":"open","sticky":false,"template":"","format":"standard","meta":[],"categories":[8,2,3],"tags":[],"_links":{"self":[{"href":"https:\/\/akdenizolaygazetesi.com\/index.php?rest_route=\/wp\/v2\/posts\/29620"}],"collection":[{"href":"https:\/\/akdenizolaygazetesi.com\/index.php?rest_route=\/wp\/v2\/posts"}],"about":[{"href":"https:\/\/akdenizolaygazetesi.com\/index.php?rest_route=\/wp\/v2\/types\/post"}],"author":[{"embeddable":true,"href":"https:\/\/akdenizolaygazetesi.com\/index.php?rest_route=\/wp\/v2\/users\/2"}],"replies":[{"embeddable":true,"href":"https:\/\/akdenizolaygazetesi.com\/index.php?rest_route=%2Fwp%2Fv2%2Fcomments&post=29620"}],"version-history":[{"count":1,"href":"https:\/\/akdenizolaygazetesi.com\/index.php?rest_route=\/wp\/v2\/posts\/29620\/revisions"}],"predecessor-version":[{"id":29622,"href":"https:\/\/akdenizolaygazetesi.com\/index.php?rest_route=\/wp\/v2\/posts\/29620\/revisions\/29622"}],"wp:featuredmedia":[{"embeddable":true,"href":"https:\/\/akdenizolaygazetesi.com\/index.php?rest_route=\/wp\/v2\/media\/29621"}],"wp:attachment":[{"href":"https:\/\/akdenizolaygazetesi.com\/index.php?rest_route=%2Fwp%2Fv2%2Fmedia&parent=29620"}],"wp:term":[{"taxonomy":"category","embeddable":true,"href":"https:\/\/akdenizolaygazetesi.com\/index.php?rest_route=%2Fwp%2Fv2%2Fcategories&post=29620"},{"taxonomy":"post_tag","embeddable":true,"href":"https:\/\/akdenizolaygazetesi.com\/index.php?rest_route=%2Fwp%2Fv2%2Ftags&post=29620"}],"curies":[{"name":"wp","href":"https:\/\/api.w.org\/{rel}","templated":true}]}}