{"id":29626,"date":"2024-02-01T12:57:44","date_gmt":"2024-02-01T09:57:44","guid":{"rendered":"http:\/\/akdenizolaygazetesi.com\/?p=29626"},"modified":"2024-02-01T12:57:44","modified_gmt":"2024-02-01T09:57:44","slug":"enerjisa-enerjinin-deprem-bolgesindeki-yatirimlarina-ebrdden-100-milyon-dolarlik-destek","status":"publish","type":"post","link":"https:\/\/akdenizolaygazetesi.com\/?p=29626","title":{"rendered":"Enerjisa Enerji\u2019nin Deprem B\u00f6lgesi\u2019ndeki Yat\u0131r\u0131mlar\u0131na EBRD\u2019den 100 Milyon Dolarl\u0131k Destek"},"content":{"rendered":"<p>Etki odakl\u0131 bir s\u00fcrd\u00fcr\u00fclebilirlik yakla\u015f\u0131m\u0131 ile T\u00fcrkiye\u2019nin enerji d\u00f6n\u00fc\u015f\u00fcm\u00fcne \u00f6nc\u00fcl\u00fck eden elektrik da\u011f\u0131t\u0131m, perakende sat\u0131\u015f ve m\u00fc\u015fteri \u00e7\u00f6z\u00fcmleri sekt\u00f6r\u00fcnde T\u00fcrkiye&#8217;nin lider \u015firketi Enerjisa Enerji, T\u00fcrkiye\u2019yi sarsan 6 \u015eubat deprem felaketi sonras\u0131 b\u00f6lgenin yeniden yap\u0131lanmas\u0131 i\u00e7in var g\u00fcc\u00fcyle \u00e7al\u0131\u015fmaya devam ediyor.<\/p>\n<p>Ge\u00e7ti\u011fimiz y\u0131l 6 \u015eubat\u2019ta meydana gelen depremlerin olumsuz etkiledi\u011fi b\u00f6lgelerde, Avrupa \u0130mar ve Kalk\u0131nma Bankas\u0131 (EBRD), Toroslar EDA\u015e&#8217;\u0131n elektrik da\u011f\u0131t\u0131m \u015febekesinin modernizasyonu ve yeniden yap\u0131land\u0131r\u0131lmas\u0131na y\u00f6nelik yat\u0131r\u0131mlara destek olmak \u00fczere 100 milyon dolara kadar kredi deste\u011fi sa\u011flayacak.<\/p>\n<p>163 binden fazla ki\u015fiye g\u00fcvenilir ve istikrarl\u0131 enerji<\/p>\n<p>Geni\u015f \u00e7apta hasara yol a\u00e7arak on binlerce ki\u015finin hayat\u0131na mal olan depremler, ge\u00e7ici bar\u0131nma alanlar\u0131nda ya\u015fayanlar\u0131n da hayat\u0131na mal olmu\u015ftu. Ger\u00e7ekle\u015ftirilecek proje ile depremlerden etkilenen b\u00f6lgelerde ya\u015fayan 163 binden fazla ki\u015finin g\u00fcvenilir ve istikrarl\u0131 enerjiye ula\u015fmas\u0131 sa\u011flanacak.<\/p>\n<p>T\u00fcrkiye\u2019nin lider elektrik da\u011f\u0131t\u0131m, perakende sat\u0131\u015f ve m\u00fc\u015fteri \u00e7\u00f6z\u00fcmleri \u015firketi Enerjisa Enerji, 14 farkl\u0131 ilde 10 milyondan fazla m\u00fc\u015fteriye ula\u015farak 22 milyonu a\u015fk\u0131n ki\u015fiye sa\u011flad\u0131\u011f\u0131 elektrik da\u011f\u0131t\u0131m hizmeti ile her 4 ki\u015fiden 1\u2019ine elektrik hizmeti sunuyor.<\/p>\n<p>Sorumluluk b\u00f6lgelerinde insan, \u00e7\u00f6z\u00fcm ve inovasyon odakl\u0131 \u00e7al\u0131\u015fmalar\u0131, s\u00fcrd\u00fcr\u00fclebilir kaliteli hizmet anlay\u0131\u015f\u0131yla faaliyet g\u00f6steren, Toroslar b\u00f6lgesinin de \u00f6nemli bir \u00f6zel sekt\u00f6r oyuncusu olan Enerjisa Enerji, B\u00f6lgesel Yeniden Yap\u0131lanma ve Kalk\u0131nma Merkezi (RRDC) i\u015f birli\u011fi ile deprem b\u00f6lgesindeki ekonomik, sosyal, k\u00fclt\u00fcrel ve sivil toplumun yeniden yap\u0131lanmas\u0131 ve kalk\u0131nmas\u0131 i\u00e7in insan sermayesi, gelir yaratma, s\u00fcrd\u00fcr\u00fclebilir ekonomik kalk\u0131nma giri\u015fimlerinin stratejik planlamas\u0131na destek olmay\u0131 ama\u00e7l\u0131yor.<\/p>\n<p>Enerjisa Enerji\u2019nin giri\u015fimleri Avrupa \u0130mar ve Kalk\u0131nma Bankas\u0131 (EBRD) i\u015f birli\u011fi i\u00e7erisinde, b\u00f6lgede etkilenen halk i\u00e7in ge\u00e7im kaynaklar\u0131 olu\u015fturma, tar\u0131mda s\u00fcrd\u00fcr\u00fclebilir becerilerin kazand\u0131r\u0131lmas\u0131 ve enerji verimlili\u011fi e\u011fitim mod\u00fclleri gibi alanlardaki programlara odaklanacak, ayr\u0131ca i\u015fg\u00fcc\u00fcn\u00fcn korunmas\u0131 ve istihdama y\u00f6nelik \u00e7e\u015fitli projelerle \u015fekillenecek. Depremlerin ard\u0131ndan 1,5 milyar Avro de\u011ferindeki iki y\u0131ll\u0131k kapsaml\u0131 bir destek program\u0131n\u0131 duyuran EBRD, bu program ile depremden etkilenen birey ve \u015firketlere sa\u011flayaca\u011f\u0131 kredi miktarlar\u0131n\u0131n yan\u0131 s\u0131ra altyap\u0131 yat\u0131r\u0131mlar\u0131 ile k\u00fc\u00e7\u00fck-orta \u00f6l\u00e7ekli i\u015fletmelere ve \u00f6zel sekt\u00f6r ortakl\u0131klar\u0131na y\u00f6nelik te\u015fvikleri de sa\u011flayacak.<\/p>\n<p>\u201cHalk\u0131m\u0131za kar\u015f\u0131 sorumlulu\u011fumuzun bilincindeyiz\u201d<\/p>\n<p>Enerjisa Enerji CFO\u2019su Philipp Ulbrich ise: \u201cEBRD ile yapt\u0131\u011f\u0131m\u0131z yeni kredi anla\u015fmas\u0131, \u015fubat ay\u0131nda ya\u015fanan depremde hasar g\u00f6ren \u015fehirlerimizin elektrik altyap\u0131s\u0131n\u0131n yeniden olu\u015fturulmas\u0131 ve modernizasyonu ard\u0131ndaki itici g\u00fcc\u00fc olacak. Halk\u0131m\u0131za kar\u015f\u0131 sorumlulu\u011fumuzun bilincindeyiz ve bu kredi anla\u015fmas\u0131; uzun vadeli, s\u00fcrd\u00fcr\u00fclebilir enerji gelece\u011fine y\u00f6nelik taahh\u00fcd\u00fcm\u00fcz\u00fcn de bir par\u00e7as\u0131. Bu kredi, elektrik altyap\u0131s\u0131n\u0131 yeniden in\u015fa etmemize yard\u0131mc\u0131 olmakla beraber b\u00f6lgenin kalk\u0131nmas\u0131na da katk\u0131da bulunacakt\u0131r.<\/p>\n<p>EBRD&#8217;nin bu projeye verdi\u011fi destek ve i\u015f birli\u011fi yapma iste\u011fi hem \u015firketimiz hem de b\u00f6lge halk\u0131 i\u00e7in olumlu bir ad\u0131m. EBRD&#8217;ye te\u015fekk\u00fcr ederken, halk\u0131m\u0131z\u0131n enerji ihtiyac\u0131n\u0131 kar\u015f\u0131layan, g\u00fcvenilir ve s\u00fcrd\u00fcr\u00fclebilir \u00e7\u00f6z\u00fcmler sunmak amac\u0131yla sahada t\u00fcm g\u00fcc\u00fcyle \u00e7al\u0131\u015fan ve bu projenin ba\u015far\u0131s\u0131nda b\u00fcy\u00fck rol oynayan Enerjisa&#8217;daki \u00e7al\u0131\u015fma arkada\u015flar\u0131m\u0131za da \u015f\u00fckranlar\u0131m\u0131z\u0131 sunuyoruz\u201d dedi. Kredi ile elde edilen gelir sayesinde Enerjisa Enerji\u2019nin enerji kay\u0131plar\u0131n\u0131 azaltmas\u0131na da olanak sa\u011flanacak ve y\u0131lda 82 bin ton karbon emisyonunun \u00f6n\u00fcne ge\u00e7ilecek.<\/p>\n<p>EBRD Avrasya, Orta Do\u011fu ve Afrika Enerji Direkt\u00f6r\u00fc Aida Sitdikova, s\u00f6z konusu i\u015f birli\u011fini memnuniyetle kar\u015f\u0131lad\u0131\u011f\u0131n\u0131 belirterek \u201cDepremlerden bu yana, b\u00f6lgede iyile\u015ftirme ve yeniden yap\u0131lanma y\u00f6n\u00fcnde ilerlemek \u00fczere m\u00fc\u015fterilerimizle yak\u0131n temas halinde \u00e7al\u0131\u015f\u0131yoruz. Enerjisa ile ortakl\u0131\u011f\u0131m\u0131z, etkilenen \u015fehirlerde elektrik da\u011f\u0131t\u0131m\u0131n\u0131n kesintisiz olmas\u0131n\u0131 sa\u011flayacak ve b\u00f6lgenin daha g\u00fc\u00e7l\u00fc ve s\u00fcrd\u00fcr\u00fclebilir bir \u015fekilde yeniden yap\u0131lanmas\u0131na destek olacakt\u0131r.\u201d \u015feklinde g\u00f6r\u00fc\u015flerini ifade etti.<\/p>\n<p>EBRD bug\u00fcne kadar genellikle \u00f6zel sekt\u00f6re olmak \u00fczere T\u00fcrkiye ekonomisine 19,1 milyar Euro&#8217;dan fazla yat\u0131r\u0131m yapm\u0131\u015ft\u0131r. <\/p>\n","protected":false},"excerpt":{"rendered":"<p>Etki odakl\u0131 bir s\u00fcrd\u00fcr\u00fclebilirlik yakla\u015f\u0131m\u0131 ile T\u00fcrkiye\u2019nin enerji d\u00f6n\u00fc\u015f\u00fcm\u00fcne \u00f6nc\u00fcl\u00fck eden elektrik da\u011f\u0131t\u0131m, perakende sat\u0131\u015f ve m\u00fc\u015fteri \u00e7\u00f6z\u00fcmleri sekt\u00f6r\u00fcnde T\u00fcrkiye&#8217;nin lider \u015firketi Enerjisa Enerji, T\u00fcrkiye\u2019yi sarsan 6 \u015eubat deprem felaketi &hellip; <a href=\"https:\/\/akdenizolaygazetesi.com\/?p=29626\" class=\"more-link\">Devam\u0131n\u0131 Oku&#8230;<\/a><\/p>\n","protected":false},"author":2,"featured_media":29627,"comment_status":"open","ping_status":"open","sticky":false,"template":"","format":"standard","meta":[],"categories":[2,3,11],"tags":[],"_links":{"self":[{"href":"https:\/\/akdenizolaygazetesi.com\/index.php?rest_route=\/wp\/v2\/posts\/29626"}],"collection":[{"href":"https:\/\/akdenizolaygazetesi.com\/index.php?rest_route=\/wp\/v2\/posts"}],"about":[{"href":"https:\/\/akdenizolaygazetesi.com\/index.php?rest_route=\/wp\/v2\/types\/post"}],"author":[{"embeddable":true,"href":"https:\/\/akdenizolaygazetesi.com\/index.php?rest_route=\/wp\/v2\/users\/2"}],"replies":[{"embeddable":true,"href":"https:\/\/akdenizolaygazetesi.com\/index.php?rest_route=%2Fwp%2Fv2%2Fcomments&post=29626"}],"version-history":[{"count":1,"href":"https:\/\/akdenizolaygazetesi.com\/index.php?rest_route=\/wp\/v2\/posts\/29626\/revisions"}],"predecessor-version":[{"id":29628,"href":"https:\/\/akdenizolaygazetesi.com\/index.php?rest_route=\/wp\/v2\/posts\/29626\/revisions\/29628"}],"wp:featuredmedia":[{"embeddable":true,"href":"https:\/\/akdenizolaygazetesi.com\/index.php?rest_route=\/wp\/v2\/media\/29627"}],"wp:attachment":[{"href":"https:\/\/akdenizolaygazetesi.com\/index.php?rest_route=%2Fwp%2Fv2%2Fmedia&parent=29626"}],"wp:term":[{"taxonomy":"category","embeddable":true,"href":"https:\/\/akdenizolaygazetesi.com\/index.php?rest_route=%2Fwp%2Fv2%2Fcategories&post=29626"},{"taxonomy":"post_tag","embeddable":true,"href":"https:\/\/akdenizolaygazetesi.com\/index.php?rest_route=%2Fwp%2Fv2%2Ftags&post=29626"}],"curies":[{"name":"wp","href":"https:\/\/api.w.org\/{rel}","templated":true}]}}