{"id":29632,"date":"2024-02-02T13:04:43","date_gmt":"2024-02-02T10:04:43","guid":{"rendered":"http:\/\/akdenizolaygazetesi.com\/?p=29632"},"modified":"2024-02-02T13:04:43","modified_gmt":"2024-02-02T10:04:43","slug":"buyuksehir-memnuniyetle-hizmet-goturmeye-devam-ediyor","status":"publish","type":"post","link":"https:\/\/akdenizolaygazetesi.com\/?p=29632","title":{"rendered":"B\u00dcY\u00dcK\u015eEH\u0130R, &#8216;MEMNUN\u0130YETLE&#8217; H\u0130ZMET G\u00d6T\u00dcRMEYE DEVAM ED\u0130YOR"},"content":{"rendered":"<p>Mersin B\u00fcy\u00fck\u015fehir Belediye Ba\u015fkan\u0131 Vahap Se\u00e7er, B\u00fcy\u00fck\u015fehir Belediyesi taraf\u0131ndan d\u00fczenlenen &#8216;Kurdali Sosyal Ya\u015fam ve \u00c7ocuk Geli\u015fim Merkezi Temel Atma T\u00f6reni&#8217;ne kat\u0131ld\u0131 ve sahnede kurulan botuna basarak merkezin temelini att\u0131. B\u00fcy\u00fck\u015fehir taraf\u0131ndan Mersin&#8217;e kazand\u0131r\u0131lacak olan 3. Sosyal Ya\u015fam Merkezi&#8217;nin 31 Temmuz&#8217;da tamamlanmas\u0131 planlan\u0131yor. B\u00fcy\u00fck\u015fehir taraf\u0131ndan kente 3.&#8217;s\u00fc kazand\u0131r\u0131lacak olan Sosyal Ya\u015fam Merkezi, 2 binadan olu\u015fuyor. Tesisin i\u00e7inde; \u00c7ocuk Geli\u015fim Merkezi, Kurs Merkezi, Taziye Evi ve Spor Salonu yer alacak.<\/p>\n<p>Toroslar \u0130l\u00e7esi Kurdali Mahallesi&#8217;nde ger\u00e7ekle\u015ftirilen Temel Atma T\u00f6reni&#8217;ne Ba\u015fkan Se\u00e7er&#8217;in yan\u0131 s\u0131ra; Cumhuriyet Halk Partisi (CHP) Mersin Milletvekili G\u00fclcan K\u0131\u015f, CHP Mersin \u0130l Ba\u015fkan\u0131 Koral \u00d6m\u00fcr, Meclis \u00dcyeleri, muhtarlar, B\u00fcy\u00fck\u015fehir Belediyesi b\u00fcrokratlar\u0131 ve mahalle halk\u0131 kat\u0131ld\u0131.<\/p>\n<p>Se\u00e7er&#8217;den &#8216;e\u015fit hizmet&#8217; vurgusu<\/p>\n<p>Ba\u015fkan Vahap Se\u00e7er, temel atma t\u00f6reninde yapt\u0131\u011f\u0131 konu\u015fmas\u0131nda, seslerinin g\u00fcr \u00e7\u0131kt\u0131\u011f\u0131n\u0131 vurgulayarak;<\/p>\n<p>&#8220;Kimin sesi g\u00fcr \u00e7\u0131kar? Ba\u015f\u0131n dik, aln\u0131n a\u00e7\u0131ksa sesin g\u00fcr \u00e7\u0131kar. Onun i\u00e7in bizim sesimiz g\u00fcr \u00e7\u0131k\u0131yor ve g\u00fcr \u00e7\u0131kmaya da devam edecek&#8221; dedi. G\u00f6reve geldikleri g\u00fcnden bug\u00fcne kadar Mersin&#8217;de e\u015fitsizli\u011fi ortadan kald\u0131rd\u0131klar\u0131n\u0131n alt\u0131n\u0131 \u00e7izen Se\u00e7er, &#8220;Art\u0131k hi\u00e7bir mahalle sakini, hi\u00e7bir muhtar; &#8216;bu belediye ba\u015fkan\u0131, bu mahalleye u\u011framad\u0131 bile. Bu belediye ara\u00e7lar\u0131 mahallemizin soka\u011f\u0131na girmedi.&#8217; demiyor. Art\u0131k Mersin&#8217;de bunu tarihe kar\u0131\u015ft\u0131rd\u0131k ve biz bunu ba\u015fard\u0131k. &#8216;Senin siyasi g\u00f6r\u00fc\u015f\u00fcn ne,  sen Mersin&#8217;e nereden geldin, senin mezhebin me\u015frebin ne, senin etnik yap\u0131n ne&#8217; anlay\u0131\u015flar\u0131n\u0131 topra\u011f\u0131n yedi kat dibine g\u00f6md\u00fck&#8221; diye konu\u015ftu.<\/p>\n<p>Kendilerinin g\u00f6reve gelmesi ile birlikte Mersin&#8217;de e\u015fit hizmet anlay\u0131\u015f\u0131n\u0131n h\u00fck\u00fcm s\u00fcrmeye ba\u015flad\u0131\u011f\u0131ndan s\u00f6z eden Se\u00e7er, &#8220;Bana; &#8216;Mersin&#8217;de ger\u00e7ekle\u015ftirdi\u011fin en b\u00fcy\u00fck proje ne?&#8217; diye soruyorlar. Ben de; &#8216;Mersin huzurlu, Mersin g\u00fcl\u00fcyor. Mersin art\u0131k kendinden emin, art\u0131k Mersin&#8217;de ya\u015fayanlar buraya hangi sebeple gelmi\u015f olursa olsun, Mersinliyim demekten gurur duyuyor.&#8217; En b\u00fcy\u00fck projem de buydu zaten.&#8217; diyorum.  Hepimiz Mersinliyiz, hepimiz Mersin&#8217;in b\u00fcy\u00fcmesi, geli\u015fmesi ve kalk\u0131nmas\u0131 i\u00e7in \u00e7al\u0131\u015f\u0131yoruz. Burada Anamur&#8217;dan Tarsus&#8217;a, Mut&#8217;tan \u00c7aml\u0131yayla&#8217;ya kadar 2 bu\u00e7uk milyondan fazla n\u00fcfusun karde\u015f\u00e7e ve dost\u00e7a bir arada ya\u015famas\u0131n\u0131 sa\u011flaman\u0131n gururunu ve onurunu ya\u015f\u0131yoruz&#8221; ifadelerini kulland\u0131.<\/p>\n<p>&#8220;Hepimiz bu \u00fclkenin sahibiyiz&#8221;<\/p>\n<p>Her yere ayn\u0131 hizmet ve e\u015fit yurtta\u015fl\u0131k hakk\u0131 anlay\u0131\u015f\u0131yla hizmetler g\u00f6t\u00fcrd\u00fcklerinin de vurgusunu yapan Se\u00e7er, &#8220;Hepimiz bu \u00fclkenin sahibiyiz. Hepimizin bu \u00fclkenin her metrekaresinde ve her santimetrekaresinde hakk\u0131 var. Hi\u00e7bir yurtta\u015f bir di\u011ferinden \u00fcst\u00fcn de\u011fildir. Hepimizin ta\u015f\u0131d\u0131\u011f\u0131 kimlik; T\u00fcrkiye Cumhuriyeti kimli\u011fidir. Bayra\u011f\u0131m\u0131z da ay y\u0131ld\u0131zl\u0131 al bayrakt\u0131r&#8221; dedi. Belediyelerin sadece; yol, sinekle m\u00fccadele, bina, park gibi hizmetler yapmad\u0131\u011f\u0131ndan s\u00f6z eden Se\u00e7er, \u015fehrin Belediye Ba\u015fkanlar\u0131n\u0131n ayn\u0131 zamanda, \u015fehrinde ya\u015fayan vatanda\u015f\u0131n\u0131n ac\u0131s\u0131n\u0131 ve \u0131st\u0131rab\u0131n\u0131 da bilmesi ve bunlar\u0131 dindirmek i\u00e7in \u00e7al\u0131\u015fmas\u0131 gerekti\u011finden s\u00f6z etti. Se\u00e7er, &#8220;Belediye Ba\u015fkan\u0131, vatanda\u015f\u0131n\u0131n bir sorunu varsa ona e\u011filir, \u00e7ocu\u011funun e\u011fitim ve kre\u015f sorunu varsa yard\u0131mc\u0131 olur. Vatanda\u015f\u0131n\u0131n evde ac\u0131s\u0131 varsa gider onun ac\u0131s\u0131yla ac\u0131lan\u0131r, varsa cenazesi cenazenin defin i\u015flemlerine yard\u0131mc\u0131 olur, onun yan\u0131nda olur ve ihtiyac\u0131n\u0131 kar\u015f\u0131lar. Bu zaten g\u00f6revidir. Bizim belediyecilik anlay\u0131\u015f\u0131m\u0131z da bu&#8221; diye belirtti.<\/p>\n<p>&#8220;Tok ac\u0131n halinden anlamaz ama belediye ba\u015fkan\u0131 herkesin halinden anlamal\u0131&#8221;<\/p>\n<p>Temelini atm\u0131\u015f olduklar\u0131 merkezin, i\u00e7erisinde vatanda\u015f\u0131n\u0131n dertleriyle dertlenecek, onlar\u0131n sorunlar\u0131na \u00e7\u00f6z\u00fcm bulacak \u00fcnitelerin yer alaca\u011f\u0131 bir bina oldu\u011fundan da s\u00f6z eden Se\u00e7er, &#8220;Tok ac\u0131n halinden anlamaz. Bu anlaml\u0131 bir s\u00f6zd\u00fcr ama belediye ba\u015fkan\u0131 herkesin halinden anlamal\u0131. Tokun da bir derdi var. \u00dclkenin vatanda\u015f\u0131 onun sorununa \u00e7\u00f6z\u00fcm bulacak ama karn\u0131 a\u00e7 olan\u0131n da sorununa \u00e7\u00f6z\u00fcm bulacak. Belediye ba\u015fkan\u0131; &#8216;Bana ne? Beni ilgilendirmez. Benim g\u00f6rev alan\u0131m de\u011fil&#8217; diyemez. E\u011fer durum insani bir durumsa bunun g\u00f6revi yoktur&#8221; ifadelerine yer verdi.<\/p>\n<p>&#8220;Halka en yak\u0131n y\u00f6netici belediye ba\u015fkan\u0131d\u0131r&#8221;<\/p>\n<p>Bir belediye ba\u015fkan\u0131n\u0131n, vatanda\u015flar\u0131na; &#8216;ben bu i\u015fe yard\u0131mc\u0131 olamam&#8217; diyemeyece\u011fini de s\u00f6yleyen Se\u00e7er, &#8220;\u00c7\u00fcnk\u00fc halka en yak\u0131n y\u00f6netici belediye ba\u015fkan\u0131d\u0131r. Halk\u0131yla i\u00e7 i\u00e7edir. Bakan, Cumhurba\u015fkan\u0131, y\u00fcksek b\u00fcrokrat ve y\u00fcksek y\u00f6neticiler Ankara&#8217;dad\u0131r ama kentin belediye ba\u015fkan\u0131 g\u00f6rev alan\u0131ndad\u0131r, kendi memleketindedir, halk\u0131yla i\u00e7 i\u00e7edir. Bunlardan bihaber olan belediye ba\u015fkan\u0131, iyi bir belediye ba\u015fkan\u0131 de\u011fildir. Biz hep bunlardan haberdar olduk ve 5 y\u0131ld\u0131r iyi bir belediye ba\u015fkan\u0131 olmak i\u00e7in \u00e7al\u0131\u015ft\u0131k&#8221; dedi.<\/p>\n<p>Yapm\u0131\u015f olduklar\u0131 sosyal projelerin \u00f6neminden s\u00f6z eden Se\u00e7er, &#8220;Mahalle Mutfaklar\u0131m\u0131z\u0131 \u00f6nemsiyorum ve \u00e7ok de\u011ferli buluyorum. 48 noktada 3 \u00e7e\u015fit yemek 10 TL. 68 noktada \u00e7orba da\u011f\u0131t\u0131m\u0131m\u0131z var. Sabah\u0131n k\u00f6r karanl\u0131\u011f\u0131nda fabrikaya, at\u00f6lyeye, tarlaya, bah\u00e7eye i\u015fe gidenler, o bir tas \u00e7orban\u0131n s\u0131cakl\u0131\u011f\u0131n\u0131, lezzetini, ona sa\u011flad\u0131\u011f\u0131 motivasyonu \u00e7ok iyi bilirler ama buna ihtiyac\u0131 olmayan bunu belediyenin yapt\u0131\u011f\u0131 k\u00fc\u00e7\u00fck bir i\u015f olarak g\u00f6rebilir. Oysaki o insan\u0131n Adnan Menderes Bulvar\u0131&#8217;na yapt\u0131\u011f\u0131m\u0131z iyi ve g\u00fczel yol g\u00fcndeminde de\u011fildir. Onun derdi karn\u0131n\u0131 doyurmakt\u0131r. Di\u011ferinin derdi o olmayabilir. Her vatanda\u015f\u0131m\u0131n derdi ayr\u0131d\u0131r. Her vatanda\u015f\u0131ma g\u00f6rev yapma zorunlulu\u011fumuz vard\u0131r&#8221; dedi.<\/p>\n<p>&#8220;Kaynaklar\u0131n bir kuru\u015funu dahi heba etmedik&#8221;<\/p>\n<p>\u0130kinci d\u00f6nemde a\u015fhaneyi ve ekmek fabrikas\u0131n\u0131 daha b\u00fcy\u00fck ve modern bir tesise \u00e7evireceklerini s\u00f6yleyen Se\u00e7er, &#8220;Daha geni\u015f kitlelere daha ucuz ekmek, yemek ula\u015ft\u0131rmak i\u00e7in bu yat\u0131r\u0131mlar\u0131 yapaca\u011f\u0131z. Bunun s\u00f6z\u00fcn\u00fc \u015fimdiden Mersinlilere vermek istiyorum&#8221; diye m\u00fcjdeledi.  E\u011fitime verdikleri \u00f6nemi bir kez daha hat\u0131rlatan ve Mustafa Kemal Atat\u00fcrk&#8217;\u00fcn &#8216;Hayatta en hakiki m\u00fcr\u015fit ilimdir&#8217; s\u00f6z\u00fcyle tarif eden Se\u00e7er, &#8220;D\u00fcnyan\u0131n sayg\u0131n \u00fclkesi olacaksak, bunu e\u011fitimle yapaca\u011f\u0131z. Bunlar\u0131 ba\u015farmak i\u00e7in Mersin bizim g\u00f6rev alan\u0131m\u0131z. E\u011fitim sadece Milli E\u011fitim Bakanl\u0131\u011f\u0131&#8217;n\u0131n g\u00f6revi de\u011fil. Belediye yetki ve sorumluluk alan\u0131 i\u00e7erisinde merkezi h\u00fck\u00fcmete g\u00f6re geri d\u00f6n\u00fc\u015f\u00fc daha olumlu, netice alabilece\u011fi \u00e7ok de\u011ferli projeler yapabilir&#8221; diyerek en yararl\u0131 projelere yat\u0131r\u0131m yapt\u0131klar\u0131n\u0131 s\u00f6yledi. <\/p>\n<p>Temeli at\u0131lan binalardan birisinde \u00c7ocuk Geli\u015fim Merkezi di\u011ferinde ise Kurs Merkezi, Taziye Evi ve Spor Salonu&#8217;nun yer alaca\u011f\u0131 bilgisini payla\u015fan Ba\u015fkan Se\u00e7er, ihtiya\u00e7 duyulan t\u00fcm mahallelerde bu t\u00fcr yat\u0131r\u0131mlar\u0131 yapmay\u0131 s\u00fcrd\u00fcreceklerini s\u00f6yledi. Konu\u015fmas\u0131n\u0131n devam\u0131nda yakla\u015fan yerel se\u00e7imlerde mensubu oldu\u011fu CHP taraf\u0131ndan yeniden B\u00fcy\u00fck\u015fehir Belediye Ba\u015fkan Aday\u0131 olarak g\u00f6sterildi\u011fini hat\u0131rlatan Se\u00e7er, &#8220;Mersin halk\u0131n\u0131n deste\u011fiyle g\u00f6rev yapt\u0131\u011f\u0131m\u0131z s\u00fcre i\u00e7erisinde, gelecek nesiller i\u00e7in olmas\u0131 gereken ne ise en akl\u0131selim bir \u015fekilde d\u00fc\u015f\u00fcnerek biz \u00e7al\u0131\u015fmalar\u0131 yapar\u0131z. Bizden sonra bir ba\u015fkas\u0131 gelir, o al\u0131r, devam ettir. Devlet b\u00f6yle bir yap\u0131d\u0131r. Devletin sahibi milletimizdir. Millet devlet i\u00e7 i\u00e7edir. Devlet olmazsa millet olmaz, milletsiz devlet hi\u00e7 olmaz&#8221; dedi.<\/p>\n<p>&#8220;Bizim referans\u0131m\u0131z, 5 y\u0131ld\u0131r hizmet olarak yapt\u0131klar\u0131m\u0131zd\u0131r&#8221;<\/p>\n<p>Kendisine oy veren veya vermeyen herkesi e\u015fit olarak g\u00f6rd\u00fc\u011f\u00fcn\u00fcn ve \u00e7al\u0131\u015fmalar\u0131n\u0131 5 y\u0131ld\u0131r bu anlay\u0131\u015f i\u00e7erisinde s\u00fcrd\u00fcrd\u00fc\u011f\u00fcn\u00fcn alt\u0131n\u0131 \u00e7izen Se\u00e7er, &#8220;2 ay sonra se\u00e7ime gidiyoruz. Bize oy verecek olan da vermeyecek olan da sa\u011f olsun, hepsi bizim yurtta\u015f\u0131m\u0131z. Bizim referans\u0131m\u0131z hizmet olarak 5 y\u0131ld\u0131r yapt\u0131klar\u0131m\u0131z. Bizim referans\u0131m\u0131z s\u00f6ylediklerimiz, tav\u0131rlar\u0131m\u0131z, uygulamalar\u0131m\u0131z, kalbimiz. Mersin halk\u0131 bunu g\u00f6rd\u00fc, hizmetlerimizi de g\u00f6rd\u00fc, anlay\u0131\u015f\u0131m\u0131z\u0131 da g\u00f6rd\u00fc, kalbimizin ta i\u00e7ini de g\u00f6rd\u00fc. Bize destek olan da sa\u011f olsun olmayacak olan da sa\u011f olsun milletimizdir, hepsi bizim yurtta\u015f\u0131m\u0131zd\u0131r. Bunun b\u00f6yle bilinmesini isteriz&#8221; diye konu\u015ftu.<\/p>\n<p>&#8220;Mersin halk\u0131na hem inan\u0131yorum hem g\u00fcveniyorum&#8221;<\/p>\n<p>Se\u00e7im s\u00fcrecinin demokratik team\u00fcllere uygun olarak tamamlanmas\u0131n\u0131 umut etti\u011fini ve t\u00fcm adaylara yak\u0131\u015fan\u0131n da bu olaca\u011f\u0131n\u0131 s\u00f6yleyen Se\u00e7er, &#8220;Mutlaka di\u011fer siyasi partilerin adaylar\u0131 da olacakt\u0131r. Hepimiz bu memleket i\u00e7in projelerimizi ortaya koyaca\u011f\u0131z. Ama bizim \u015f\u00f6yle bir fark\u0131m\u0131z var. 5 y\u0131ld\u0131r zaten r\u00fc\u015ft\u00fcm\u00fcz\u00fc ispat ettik. Mersin halk\u0131n\u0131n bir maceraya girmesine gerek yok. G\u00f6rd\u00fcklerinden, ald\u0131\u011f\u0131 hizmetlerden, ya\u015fad\u0131klar\u0131ndan bir de\u011ferlendirme yapacakt\u0131r. Ben \u00e7ok eminim, bu se\u00e7imde ideoloji, etnik farkl\u0131l\u0131k, farkl\u0131 hassasiyetler de\u011fil; hizmet a\u015fk\u0131, azim, \u00e7al\u0131\u015fma, emek al\u0131n teri kazanacak. Ben bundan \u00e7ok eminim, can\u0131 y\u00fcrekten de Mersin halk\u0131na hem inan\u0131yorum hem g\u00fcveniyorum&#8221; ifadelerini kulland\u0131.<\/p>\n<p>&#8220;Gelecek 5 y\u0131l Mersin halk\u0131na \u00e7ok daha g\u00fczel hizmetler yapaca\u011f\u0131z&#8221;<\/p>\n<p>\u0130lk 5 y\u0131ll\u0131k B\u00fcy\u00fck\u015fehir belediye Ba\u015fkan\u0131 olarak ilk 5 y\u0131ll\u0131k g\u00f6rev s\u00fcresi i\u00e7erisinde pandemi, yang\u0131n, sel, deprem, ekonomik kriz gibi bir\u00e7ok olumsuzlukla kar\u015f\u0131la\u015ft\u0131klar\u0131n\u0131 ancak t\u00fcm bunlara ra\u011fmen Mersinlilerin memnuniyeti sa\u011flad\u0131klar\u0131n\u0131 s\u00f6yleyen Se\u00e7er \u015funlar\u0131 kaydetti:<\/p>\n<p>&#8220;Se\u00e7imlere giderken halk\u0131m\u0131n deste\u011fini istiyorum. Biliyorsunuz pandemiden, do\u011fal afetlere, ekonomik krizlere kadar bir\u00e7ok sorunla olumsuz durumla kar\u015f\u0131la\u015ft\u0131k. Bu ko\u015fullar alt\u0131nda biz Mersin halk\u0131na bu hizmetleri yapt\u0131k. Bu ko\u015fullar alt\u0131nda Mersin halk\u0131n\u0131n memnuniyetini, g\u00f6nl\u00fcn\u00fc, sevgisini kazand\u0131k. Se\u00e7imi de kazanaca\u011f\u0131z. Gelecek 5 y\u0131l Mersin halk\u0131na \u00e7ok daha g\u00fczel hizmetler yapaca\u011f\u0131z. Mersini \u00e7ok daha g\u00fczel noktalara getirece\u011fiz.&#8221;<\/p>\n<p>K\u0131\u015f: &#8220;Tesis Se\u00e7er&#8217;in Kurdali Mahallesine verdi\u011fi \u00f6neminde \u00f6zel bir g\u00f6stergesidir&#8221;<\/p>\n<p>Kurdali Mahallesi&#8217;ni daha da canl\u0131 hale getirecek olan bir tesisi a\u00e7t\u0131klar\u0131 i\u00e7in mutlu oldu\u011funu kaydeden CHP Mersin Milletvekili G\u00fclcan K\u0131\u015f, b\u00f6lgenin ihtiya\u00e7lar\u0131n\u0131 tespit eden, halk\u0131n\u0131 dinleyen ve d\u00fc\u015f\u00fcnen herkese te\u015fekk\u00fcr etti. K\u0131\u015f, &#8220;Mersin B\u00fcy\u00fck\u015fehir Belediye Ba\u015fkan\u0131m\u0131z Say\u0131n Vahap Se\u00e7er, bu e\u015fitsizli\u011fi sona erdirmek i\u00e7in 5 y\u0131ld\u0131r dezavantajl\u0131 b\u00f6lgelerde \u00e7ok \u00f6nemli projeler ger\u00e7ekle\u015ftirdi\u011fini hepimiz g\u00f6r\u00fcyoruz, biliyoruz. Ayr\u0131mc\u0131l\u0131\u011f\u0131 ortadan kald\u0131rd\u0131. Hangi partiye oy veriyor olursak olal\u0131m, demokrasi, bar\u0131\u015f, e\u015fitlik bizler i\u00e7in en \u00f6nemli de\u011ferdir. Hem bu de\u011ferleri savunmak i\u00e7in hem de Belediye Ba\u015fkan\u0131m\u0131z Say\u0131n Vahap Se\u00e7er&#8217;i bir sonraki d\u00f6nemde de tekrar belediye ba\u015fkan\u0131 yapmak i\u00e7in sizlerin destek verece\u011fini ben bug\u00fcnden g\u00f6r\u00fcyorum&#8221; diye konu\u015ftu.<\/p>\n<p>G\u00f6kp\u0131nar: &#8220;Projemiz; Kurdali b\u00f6lgesine de\u011fer katacak&#8221;<\/p>\n<p>B\u00fcy\u00fck\u015fehir Belediyesi Fen \u0130\u015fleri Dairesi Ba\u015fkan\u0131 Serdar G\u00f6p\u0131nar, Kurdali Sosyal Ya\u015fam ve \u00c7ocuk Geli\u015fim Merkezi&#8217;nin kullan\u0131m alanlar\u0131yla ile ilgili bilgi vererek, &#8220;Kurdali b\u00f6lgesine de\u011fer katacak olan bu projemizin temel atma t\u00f6renine kat\u0131lan herkese te\u015fekk\u00fcr ederim&#8221; diye konu\u015ftu.<\/p>\n<p>Temel atma t\u00f6reninde konu\u015fan Kurdali Mahallesi Muhtar\u0131 Abdullah \u0130nan ise Kurdali Sosyal Ya\u015fam ve \u00c7ocuk Geli\u015fim Merkezi&#8217;nin a\u00e7\u0131lacak olmas\u0131n\u0131n olduk\u00e7a faydal\u0131 oldu\u011funu dile getirerek, projede eme\u011fi ge\u00e7en herkese te\u015fekk\u00fcr etti.<\/p>\n<p>Merkez hakk\u0131nda&#8230;<\/p>\n<p>Toroslar \u0130l\u00e7esi, H\u00fcseyin Okan Merzeci Bulvar\u0131&#8217;nda yer alacak olan Kurdali Sosyal Ya\u015fam Ve \u00c7ocuk Geli\u015fim Merkezi&#8217;nin i\u015f biti\u015f tarihi 31 Temmuz 2024 olarak planlan\u0131yor. Bodrum+Zemin+3 kat olacak \u015fekilde tasarlanan tesisin bodrum kat\u0131nda Spor Salonu; zemin kat\u0131nda Erkek Taziye Evi, 1. kat\u0131nda Kad\u0131n Taziye Evi bulunacak ve son katlar ise 25 ki\u015filik 5 adet s\u0131n\u0131f mek\u00e2nlar\u0131ndan olu\u015fan kurs merkezini kapsayacak. Toplam 919.11metrekare alan \u00fczerine kurulacak olan yap\u0131 1986,50 metrekarelik kullan\u0131m alan\u0131na sahip. \u00c7ocuk Geli\u015fim Merkezi ise Bodrum+Zemin+3 kat olacak \u015fekilde; en \u00fcst katta yemekhane ve mutfak b\u00f6l\u00fcm\u00fc, 2 katta iki\u015fer adet s\u0131n\u0131f ve zemin katta de kay\u0131t birimi ile 1 adet s\u0131n\u0131f olmak \u00fczere toplam 5 adet s\u0131n\u0131f ile 100 ki\u015filik \u00f6\u011frenci kapasitesi ile hizmet verecek. Toplam 700 metrekare alan \u00fczerine kurulacak olan yap\u0131 757,55 metrekarelik kullan\u0131m alan\u0131na sahip.<\/p>\n","protected":false},"excerpt":{"rendered":"<p>Mersin B\u00fcy\u00fck\u015fehir Belediye Ba\u015fkan\u0131 Vahap Se\u00e7er, B\u00fcy\u00fck\u015fehir Belediyesi taraf\u0131ndan d\u00fczenlenen &#8216;Kurdali Sosyal Ya\u015fam ve \u00c7ocuk Geli\u015fim Merkezi Temel Atma T\u00f6reni&#8217;ne kat\u0131ld\u0131 ve sahnede kurulan botuna basarak merkezin temelini att\u0131. B\u00fcy\u00fck\u015fehir &hellip; <a href=\"https:\/\/akdenizolaygazetesi.com\/?p=29632\" class=\"more-link\">Devam\u0131n\u0131 Oku&#8230;<\/a><\/p>\n","protected":false},"author":2,"featured_media":29633,"comment_status":"open","ping_status":"open","sticky":false,"template":"","format":"standard","meta":[],"categories":[2,3,5],"tags":[],"_links":{"self":[{"href":"https:\/\/akdenizolaygazetesi.com\/index.php?rest_route=\/wp\/v2\/posts\/29632"}],"collection":[{"href":"https:\/\/akdenizolaygazetesi.com\/index.php?rest_route=\/wp\/v2\/posts"}],"about":[{"href":"https:\/\/akdenizolaygazetesi.com\/index.php?rest_route=\/wp\/v2\/types\/post"}],"author":[{"embeddable":true,"href":"https:\/\/akdenizolaygazetesi.com\/index.php?rest_route=\/wp\/v2\/users\/2"}],"replies":[{"embeddable":true,"href":"https:\/\/akdenizolaygazetesi.com\/index.php?rest_route=%2Fwp%2Fv2%2Fcomments&post=29632"}],"version-history":[{"count":1,"href":"https:\/\/akdenizolaygazetesi.com\/index.php?rest_route=\/wp\/v2\/posts\/29632\/revisions"}],"predecessor-version":[{"id":29634,"href":"https:\/\/akdenizolaygazetesi.com\/index.php?rest_route=\/wp\/v2\/posts\/29632\/revisions\/29634"}],"wp:featuredmedia":[{"embeddable":true,"href":"https:\/\/akdenizolaygazetesi.com\/index.php?rest_route=\/wp\/v2\/media\/29633"}],"wp:attachment":[{"href":"https:\/\/akdenizolaygazetesi.com\/index.php?rest_route=%2Fwp%2Fv2%2Fmedia&parent=29632"}],"wp:term":[{"taxonomy":"category","embeddable":true,"href":"https:\/\/akdenizolaygazetesi.com\/index.php?rest_route=%2Fwp%2Fv2%2Fcategories&post=29632"},{"taxonomy":"post_tag","embeddable":true,"href":"https:\/\/akdenizolaygazetesi.com\/index.php?rest_route=%2Fwp%2Fv2%2Ftags&post=29632"}],"curies":[{"name":"wp","href":"https:\/\/api.w.org\/{rel}","templated":true}]}}