{"id":29635,"date":"2024-02-02T13:06:35","date_gmt":"2024-02-02T10:06:35","guid":{"rendered":"http:\/\/akdenizolaygazetesi.com\/?p=29635"},"modified":"2024-02-02T13:06:35","modified_gmt":"2024-02-02T10:06:35","slug":"kentin-ileri-gelenlerinin-bu-takima-sahip-cikmasi-gerekiyor","status":"publish","type":"post","link":"https:\/\/akdenizolaygazetesi.com\/?p=29635","title":{"rendered":"&#8220;KENT\u0130N \u0130LER\u0130 GELENLER\u0130N\u0130N BU TAKIMA SAH\u0130P \u00c7IKMASI GEREK\u0130YOR&#8221;"},"content":{"rendered":"<p>Mersin B\u00fcy\u00fck\u015fehir Belediye Ba\u015fkan\u0131 Vahap Se\u00e7er, Mersin \u0130dman Yurdu&#8217;nun &#8216;\u015eehrinin Tak\u0131m\u0131na Sahip \u00c7\u0131k&#8217; slogan\u0131yla ba\u015flatt\u0131\u011f\u0131 &#8216;El Ele 1. Lig Kampanyas\u0131&#8217;n\u0131n lansman\u0131na kat\u0131ld\u0131.<\/p>\n<p>Divan Otel&#8217;de d\u00fczenlenen lansmana Ba\u015fkan Se\u00e7er&#8217;in yan\u0131 s\u0131ra; Mersin Valisi Ali Hamza Pehlivan, Yeni\u015fehir Belediye Ba\u015fkan\u0131 Abdullah \u00d6zyi\u011fit, Mersin \u0130dman Yurdu Kul\u00fcp Ba\u015fkan\u0131 Metin Salt\u0131k, il\u00e7e belediye ba\u015fkanlar\u0131, siyasi partilerin milletvekilleri, oda ve dernek y\u00f6neticileri ile bas\u0131n mensuplar\u0131 kat\u0131ld\u0131.<\/p>\n<p>&#8220;Spor kul\u00fcpleri, hayatlar\u0131n\u0131 idame ettirmek i\u00e7in  \u00f6nemli b\u00fct\u00e7elere ihtiya\u00e7 duyarlar &#8221;<\/p>\n<p>Ba\u015flat\u0131lan kampanyan\u0131n Mersin \u0130dman Yurdu&#8217;na katk\u0131 sa\u011flamak ad\u0131na de\u011ferli ve \u00f6nemli oldu\u011funa vurgu yaparak konu\u015fmas\u0131na ba\u015flayan Ba\u015fkan Vahap Se\u00e7er, &#8220;Spor kul\u00fcpleri hayatlar\u0131n\u0131 idame ettirmek i\u00e7in b\u00fcy\u00fck b\u00fct\u00e7elere ihtiya\u00e7 duyarlar. Uzun y\u0131llard\u0131r profesyonel spor kul\u00fcplerinin d\u00f6ng\u00fcs\u00fcn\u00fcn sistemli ve istikrarl\u0131 bir \u015fekilde sa\u011flanmas\u0131 konusunda \u00e7ok gayret sarf edildi. Baz\u0131 \u015feylerde istikrar sa\u011flamak istiyorsan\u0131z istikrarl\u0131 temel at\u0131p \u00fczerine \u00e7\u0131kman\u0131z laz\u0131m&#8221; dedi.<\/p>\n<p>&#8220;Kentin ileri gelenlerinin bu tak\u0131ma sahip \u00e7\u0131kmas\u0131 gerekiyor&#8221;<\/p>\n<p>Mersin \u0130dman Yurdu&#8217;na yapt\u0131klar\u0131 katk\u0131lardan s\u00f6z eden Se\u00e7er, bu desteklerin gelecek d\u00f6nemde de devam edece\u011fini vurgulad\u0131. Kul\u00fcp y\u00f6neticili\u011fi de yapt\u0131\u011f\u0131n\u0131 s\u00f6yleyen Se\u00e7er, \u00e7ok zor bir alan oldu\u011funu vurgulayarak, &#8220;Kul\u00fcp yetkililerine, &#8216;Siz b\u00fct\u00e7enizi yap\u0131n gelin konu\u015fal\u0131m. Ben size yapaca\u011f\u0131m katk\u0131y\u0131 ba\u015ftan s\u00f6yleyeyim. Siz de aya\u011f\u0131n\u0131z\u0131 yorgan\u0131n\u0131za g\u00f6re uzat\u0131n. Hatta \u015funun da garantisini veriyorum. Size katk\u0131 sunaca\u011f\u0131m ama bunun \u00fcst\u00fcne de \u00e7\u0131kabilir, a\u015fa\u011f\u0131s\u0131 olmaz&#8217; dedim, bunu da ger\u00e7ekle\u015ftirdik. Bu y\u0131l da ayn\u0131 \u015fekilde ve \u015funu s\u00f6yledim &#8216;Bunu bir hamaset meselesi, bunu bir reklam meselesi yapmay\u0131n&#8217; dedim&#8221; diye konu\u015ftu.<\/p>\n<p>Mersin \u0130dman Yurdu&#8217;nun daha \u00fcst ba\u015far\u0131ya ula\u015fabilmesi i\u00e7in kentin ileri gelenlerinin tak\u0131ma sahip \u00e7\u0131kmas\u0131 gerekti\u011fini belirten Se\u00e7er, &#8220;Bu i\u015fler parayla oluyor. Reklam verecek, sponsorluk yapacak bir \u015fekilde onunla bir illiyet kuracak, bir gelir aktaracak, bir ortam haz\u0131rlayacak&#8221; dedi. Kampanyan\u0131n ba\u015far\u0131l\u0131 ge\u00e7mesini diledi\u011fini belirten Se\u00e7er, &#8220;As\u0131l \u00f6nemli olan daha b\u00fcy\u00fck katk\u0131lar sa\u011flayacak \u00e7al\u0131\u015fmalar\u0131 yapmakt\u0131r. Bug\u00fcne kadar oldu\u011fu gibi bundan sonra da mevcut ko\u015fullar\u0131m\u0131za ve imkanlar\u0131m\u0131za g\u00f6re makul olan her t\u00fcrl\u00fc deste\u011fi Mersin \u0130dman Yurduna vermeye haz\u0131r\u0131z&#8221; s\u00f6zlerine yer verdi.<\/p>\n","protected":false},"excerpt":{"rendered":"<p>Mersin B\u00fcy\u00fck\u015fehir Belediye Ba\u015fkan\u0131 Vahap Se\u00e7er, Mersin \u0130dman Yurdu&#8217;nun &#8216;\u015eehrinin Tak\u0131m\u0131na Sahip \u00c7\u0131k&#8217; slogan\u0131yla ba\u015flatt\u0131\u011f\u0131 &#8216;El Ele 1. Lig Kampanyas\u0131&#8217;n\u0131n lansman\u0131na kat\u0131ld\u0131. Divan Otel&#8217;de d\u00fczenlenen lansmana Ba\u015fkan Se\u00e7er&#8217;in yan\u0131 s\u0131ra; &hellip; <a href=\"https:\/\/akdenizolaygazetesi.com\/?p=29635\" class=\"more-link\">Devam\u0131n\u0131 Oku&#8230;<\/a><\/p>\n","protected":false},"author":2,"featured_media":29636,"comment_status":"open","ping_status":"open","sticky":false,"template":"","format":"standard","meta":[],"categories":[3,10],"tags":[],"_links":{"self":[{"href":"https:\/\/akdenizolaygazetesi.com\/index.php?rest_route=\/wp\/v2\/posts\/29635"}],"collection":[{"href":"https:\/\/akdenizolaygazetesi.com\/index.php?rest_route=\/wp\/v2\/posts"}],"about":[{"href":"https:\/\/akdenizolaygazetesi.com\/index.php?rest_route=\/wp\/v2\/types\/post"}],"author":[{"embeddable":true,"href":"https:\/\/akdenizolaygazetesi.com\/index.php?rest_route=\/wp\/v2\/users\/2"}],"replies":[{"embeddable":true,"href":"https:\/\/akdenizolaygazetesi.com\/index.php?rest_route=%2Fwp%2Fv2%2Fcomments&post=29635"}],"version-history":[{"count":1,"href":"https:\/\/akdenizolaygazetesi.com\/index.php?rest_route=\/wp\/v2\/posts\/29635\/revisions"}],"predecessor-version":[{"id":29637,"href":"https:\/\/akdenizolaygazetesi.com\/index.php?rest_route=\/wp\/v2\/posts\/29635\/revisions\/29637"}],"wp:featuredmedia":[{"embeddable":true,"href":"https:\/\/akdenizolaygazetesi.com\/index.php?rest_route=\/wp\/v2\/media\/29636"}],"wp:attachment":[{"href":"https:\/\/akdenizolaygazetesi.com\/index.php?rest_route=%2Fwp%2Fv2%2Fmedia&parent=29635"}],"wp:term":[{"taxonomy":"category","embeddable":true,"href":"https:\/\/akdenizolaygazetesi.com\/index.php?rest_route=%2Fwp%2Fv2%2Fcategories&post=29635"},{"taxonomy":"post_tag","embeddable":true,"href":"https:\/\/akdenizolaygazetesi.com\/index.php?rest_route=%2Fwp%2Fv2%2Ftags&post=29635"}],"curies":[{"name":"wp","href":"https:\/\/api.w.org\/{rel}","templated":true}]}}