{"id":29638,"date":"2024-02-02T13:08:22","date_gmt":"2024-02-02T10:08:22","guid":{"rendered":"http:\/\/akdenizolaygazetesi.com\/?p=29638"},"modified":"2024-02-02T13:08:22","modified_gmt":"2024-02-02T10:08:22","slug":"2019-yilindan-bu-yana-binlerce-cocugumuza-ve-aileye-egitimler-verdik","status":"publish","type":"post","link":"https:\/\/akdenizolaygazetesi.com\/?p=29638","title":{"rendered":"\u201c2019 y\u0131l\u0131ndan bu yana binlerce \u00e7ocu\u011fumuza ve aileye e\u011fitimler verdik.\u201d"},"content":{"rendered":"<p>Mersin Yeni\u015fehir Belediye Ba\u015fkan\u0131 Abdullah \u00d6zyi\u011fit, Mersin Ticaret ve Sanayi Odas\u0131(MTSO) Ocak Ay\u0131 Meclis Toplant\u0131s\u0131na kat\u0131larak, hayata ge\u00e7irdikleri \u00e7al\u0131\u015fmalar\u0131 anlatarak, meclis \u00fcyelerinin sorular\u0131n\u0131 yan\u0131tlad\u0131.  Ba\u015fkan \u00d6zyi\u011fit,\u201cPandemiye ve uzun s\u00fcren enflasyonist ortama ra\u011fmen hi\u00e7bir bahane \u00fcretmeden hizmet ettik. 2 BETEM, At\u0131k Ayr\u0131\u015ft\u0131rma ve Toplama Tesisi, Bal\u0131k Pazar\u0131 ve K\u00fclt\u00fcr Kompleksi in\u015fa ettik, Erkek \u00d6\u011frenci Yurdu ve Misafirhanemizin yap\u0131m\u0131n\u0131 tamamlad\u0131k ve hizmete a\u00e7t\u0131k.  Zor zamanlarda halk\u0131m\u0131z\u0131 asla yaln\u0131z b\u0131rakmad\u0131k ve b\u00fcy\u00fck bir mali disiplinle \u00e7al\u0131\u015ft\u0131k.  Yeni\u015fehir Belediyesi bor\u00e7suz bir belediyedir.\u201d dedi.<br \/>\nMersin Ticaret ve Sanayi Odas\u0131n\u0131n Ocak Ay\u0131 Meclis Toplant\u0131s\u0131na kat\u0131lan Yeni\u015fehir Belediye Ba\u015fkan\u0131 Abdullah \u00d6zyi\u011fit, MTSO Meclis Ba\u015fkan\u0131 Hamit \u0130zol ve MTSO Y\u00f6netim Kurulu Ba\u015fkan\u0131 Hakan Sefa \u00c7ak\u0131r&#8217;a davetlerinden dolay\u0131 te\u015fekk\u00fcr etti.<br \/>\n\u201c2019 y\u0131l\u0131ndan bu yana binlerce \u00e7ocu\u011fumuza ve aileye e\u011fitimler verdik.\u201d<br \/>\nMeclis toplant\u0131s\u0131nda konu\u015fan Ba\u015fkan Abdullah \u00d6zyi\u011fit, e\u011fitim ve sa\u011fl\u0131kl\u0131 bir \u00e7evre konusunda T\u00fcrkiye\u2019de ilklere imza att\u0131klar\u0131n\u0131 s\u00f6yledi. E\u011fitimde \u00f6rnek g\u00f6sterilen projeleri hakk\u0131nda konu\u015fan \u00d6zyi\u011fit, \u201cErken \u00c7ocukluk Geli\u015fimi Projemiz kapsam\u0131nda \u0130lk olarak Yeni\u015fehir Akademiyi kurduk. Burada \u00e7ocuklar\u0131m\u0131z\u0131n geli\u015fimine y\u00f6nelik e\u011fitimler sunuyoruz. 0-3 ya\u015f erken \u00e7ocukluk e\u011fitimi d\u0131\u015f\u0131nda, geli\u015fimsel de\u011ferlendirme uygulamalar\u0131 yap\u0131yoruz. 2700\u2019\u00fcn \u00fczerinde \u00e7ocu\u011fumuz bu de\u011ferlendirmelere tabi tutuldu. \u00c7ocu\u011fun geli\u015fiminde e\u011fer bir aksakl\u0131k varsa ya da ya\u015f\u0131tlar\u0131ndan ilerideyse o \u00e7ocu\u011fumuzun \u00f6zel ilgiye ihtiyac\u0131 vard\u0131r. Bunlar\u0131 ne kadar erken te\u015fhis ederseniz o konuda da o kadar h\u0131zl\u0131 sonu\u00e7 alma ve sa\u011fl\u0131kl\u0131 geri d\u00f6n\u00fc\u015f sa\u011flama imkan\u0131n\u0131z oluyor.  T\u00fcrkiye\u2019de ilk kez hayata ge\u00e7irdi\u011fimiz 0-3 ya\u015f erken \u00e7ocukluk e\u011fitimlerinden sonra hemen 3-6 ya\u015f aras\u0131 \u00e7ocuklar\u0131m\u0131z i\u00e7in iki Beceri Temelli E\u011fitim Merkezi(BETEM)\u2019ni kurduk. Beceriyi esas alan e\u011fitim program\u0131 uyguluyoruz. Erken \u00c7ocukluk E\u011fitimi Projemiz, Birle\u015fmi\u015f Milletler \u00c7ocuklara Yard\u0131m Fonu(UNICEF) ve Erken \u00c7ocukluk Geli\u015fimi Sivil Toplum Kurulu\u015flar\u0131 Platformu (E\u00c7G-P) ortakl\u0131\u011f\u0131yla uluslararas\u0131 kongreye davet edildik.  Kongrede anlatt\u0131\u011f\u0131m\u0131z projemiz b\u00fcy\u00fck bir takdir toplad\u0131. UNICEF T\u00fcrkiye Ofisi Direkt\u00f6r\u00fc, projeyi yerinde incelemek istediklerini ifade etti. UNICEF, D\u00fcnya Sa\u011fl\u0131k \u00d6rg\u00fct\u00fc, D\u00fcnya Bankas\u0131, T.C. Cumhurba\u015fkanl\u0131\u011f\u0131 Strateji ve B\u00fct\u00e7e Ba\u015fkanl\u0131\u011f\u0131, Milli E\u011fitim Bakanl\u0131\u011f\u0131, Sa\u011fl\u0131k Bakanl\u0131\u011f\u0131, Aile ve Sosyal Hizmetler Bakanl\u0131\u011f\u0131 ile 4\u2019\u00fc yurt d\u0131\u015f\u0131 toplam 17 \u00fcniversitenin kat\u0131ld\u0131\u011f\u0131 kongrede Yeni\u015fehir Belediyesi davet edilen tek yerel y\u00f6netim birimi olarak sunum yapt\u0131. Marmara Belediyeler Birli\u011fi taraf\u0131ndan d\u00fczenlenen bir e\u011fitim program\u0131nda projemiz \u00f6rnek olarak g\u00f6sterildi ve davet edilerek projemizi anlatt\u0131k. 200 kadar belediyeye projemizi aktarma \u015fans\u0131m\u0131z oldu. D\u00fcnyadaki en b\u00fcy\u00fck e\u011fitim ara\u015ft\u0131rmac\u0131lar derne\u011fi AERA\u2019dan Ara\u015ft\u0131rma B\u00fcy\u00fck \u00d6d\u00fcl\u00fc ve geli\u015ftirdi\u011fi projelerle Jacobs Vakf\u0131\u2019ndan 2018 Sosyal Giri\u015fimcilik \u00d6d\u00fcl\u00fc alan New York \u00dcniversitesi (NYU) \u00d6\u011fretim \u00dcyesi Prof. Dr. Sel\u00e7uk \u015eirin, \u0130kinci Y\u00fczy\u0131lda E\u011fitim Hakk\u0131 \u00c7al\u0131\u015ftay\u0131nda yine projemizi \u00f6rnek g\u00f6sterdi. T\u00fcrkiye\u2019de yerel y\u00f6netimlerin \u00e7ocu\u011fa dair \u00e7al\u0131\u015fmalar yapt\u0131\u011f\u0131na ama bu i\u015fin sonunda bir \u00e7ocuk mamas\u0131 ve \u00e7ocuk bezinden \u00f6teye ge\u00e7medi\u011fini ve bilimsel temellere dayal\u0131 olarak sadece Yeni\u015fehir Belediyesinin bir proje ger\u00e7ekle\u015ftirdi\u011fini ifade etti. Mersin\u2019e gelen d\u00f6nemin Milli E\u011fitim Bakan\u0131 Ziya Sel\u00e7uk\u2019a projemizi anlatt\u0131k, kendileri de bu projenin \u00e7ok k\u0131ymetli oldu\u011funu ve T\u00fcrkiye\u2019ye yay\u0131lmas\u0131 gerekti\u011fini s\u00f6yledi. 2019 y\u0131l\u0131ndan bu yana binlerce \u00e7ocu\u011fumuza ve aileye e\u011fitimler verdik. Ancak bizim hedefimiz bu projenin t\u00fcm T\u00fcrkiye\u2019de yayg\u0131nla\u015fmas\u0131. Umut ediyorum ki T\u00fcrkiye\u2019ye mal olacak, T\u00fcrkiye\u2019nin e\u011fitim sistemine mal olacak. Anne ve baba, \u00e7ocu\u011fu ile ilgili iki unsuru d\u00fc\u015f\u00fcn\u00fcr.  Bunlardan biri sa\u011fl\u0131k, di\u011feri e\u011fitimdir. Asl\u0131nda bizim yapt\u0131\u011f\u0131m\u0131z i\u015f de farkl\u0131 bir \u015fey de\u011fil. Yeni\u015fehir\u2019i b\u00fcy\u00fck bir aile olarak g\u00f6r\u00fcyoruz. Yeni\u015fehir\u2019de ya\u015fayan vatanda\u015flar\u0131m\u0131z\u0131n sa\u011fl\u0131\u011f\u0131n\u0131 korumaya ve en iyi \u015fekilde e\u011fitimlerini sa\u011flamaya gayret ediyoruz. E\u011fitim ve sa\u011fl\u0131kl\u0131 bir \u00e7evre bizim i\u00e7in \u00e7ok \u00f6nemli, bu alanlarda T\u00fcrkiye\u2019de ilklere imza att\u0131k.\u201d dedi.<br \/>\n\u201cBiz att\u0131\u011f\u0131m\u0131z her imzada samimiyiz\u201d<br \/>\nBa\u015fkanlar S\u00f6zle\u015fmesi\u2019ne imza att\u0131klar\u0131n\u0131 ifade eden Ba\u015fkan \u00d6zyi\u011fit, \u201cG\u00f6reve gelir gelmez 2019 y\u0131l\u0131nda do\u011fa dostu politikalar\u0131 destekleyen \u0130klim ve Enerji \u0130\u00e7in Avrupa Belediye Ba\u015fkanlar\u0131 S\u00f6zle\u015fmesi (Covenant of Mayors)\u2019ni imzalayan T\u00fcrkiye\u2019nin 19. il\u00e7e belediyesi olduk. Biz att\u0131\u011f\u0131m\u0131z her imzada samimiyiz, bu imzay\u0131 da att\u0131ktan hemen sonra gere\u011fini yapma noktas\u0131nda ARGE M\u00fcd\u00fcrl\u00fc\u011f\u00fcm\u00fcz\u00fc kurduk ve \u00e7al\u0131\u015fmalar\u0131m\u0131z\u0131 devam ettirdik.\u201d diye konu\u015ftu.<br \/>\n\u201cYeni\u015fehir Belediyesi olarak Ak\u0131ll\u0131 \u015eehirler Stratejik Plan 2030\u2019u haz\u0131rlad\u0131k\u201d<br \/>\nYeni\u015fehir\u2019in 2050 y\u0131l\u0131 karbon n\u00f6tr emisyon eylemlerini haz\u0131rlad\u0131klar\u0131n\u0131 ve kentin dijital ikizini olu\u015fturduklar\u0131n\u0131 kaydeden Ba\u015fkan Abdullah \u00d6zyi\u011fit, \u201cYeni\u015fehir S\u00fcrd\u00fcr\u00fclebilir Enerji ve \u0130klim Eylem Plan\u0131(SECAP)\u2019m\u0131z\u0131 haz\u0131rlad\u0131k. Plan kapsam\u0131nda 2050 y\u0131l\u0131 karbon n\u00f6tr emisyon eylemlerini haz\u0131rlayan T\u00fcrkiye\u2019nin ilk il\u00e7e belediyesi olduk.  Ayr\u0131ca S\u00fcrd\u00fcr\u00fclebilir Enerji ve \u0130klim De\u011fi\u015fikli\u011fine Uyum Eylem Plan\u0131\u2019nda iklim fark\u0131ndal\u0131k anketine yer veren ilk il\u00e7e belediyesi olduk. Plan kapsam\u0131nda 2050 y\u0131l\u0131nda s\u0131f\u0131r emisyona ula\u015fma hedefimizi koyduk. Stratejilerimizi belirledik, plan\u0131m\u0131z\u0131 yapt\u0131k. Yeni\u015fehir Belediyesi olarak Ak\u0131ll\u0131 \u015eehirler Stratejik Plan 2030\u2019u haz\u0131rlad\u0131k. Ve bir kentin ak\u0131lla y\u00f6netilmesinin temel unsurlar\u0131 bu planda yer ald\u0131. Ve bu stratejik plan\u0131m\u0131z do\u011frultusunda da kentimizi y\u00f6netiyoruz. Yani burada \u015fehrin kabiliyetleri de\u011ferlendiriliyor. Ula\u015f\u0131m konusunda olsun, alt yap\u0131 konusunda olsun kenti daha ya\u015fanabilir bir hale getirecek altyap\u0131y\u0131 olu\u015fturmu\u015f olduk. \u00c7evre \u015eehircilik ve \u0130klim De\u011fi\u015fikli\u011fi Bakanl\u0131\u011f\u0131 taraf\u0131ndan yap\u0131lan ve bir kentin ak\u0131ll\u0131 \u015fehir kabiliyetleri de\u011ferlendirilerek olgunluk seviyesinin tespit edildi\u011fi Ak\u0131ll\u0131 \u015eehir Olgunluk De\u011ferlendirme Modeli\u2019ne kat\u0131lan ilk il\u00e7e belediyesi olduk. Yeni\u015fehir, modelde 81 il aras\u0131nda en ak\u0131ll\u0131 13\u2019\u00fcnc\u00fc \u015fehir oldu. Kentimizin dijital ikizini olu\u015fturduk. Dijital ikizde amac\u0131m\u0131z \u015fu; dijital ikizde Yeni\u015fehir\u2019in ger\u00e7ek i\u015fleyi\u015fi, altyap\u0131 ve kaynaklar\u0131n\u0131 de\u011ferlendirerek burada sim\u00fclasyonlar yapma \u015fans\u0131na sahibiz. Yani bir yere yapaca\u011f\u0131m\u0131z bir binan\u0131n g\u00fcne\u015ften faydalanma oran\u0131n\u0131 dijital olarak \u00f6l\u00e7me \u015fans\u0131na sahip olaca\u011f\u0131z. Ve bir binan\u0131n yerle\u015fiminden, a\u011fac\u0131n dikilmesine kadar b\u00fct\u00fcn s\u00fcre\u00e7leri bu dijital ortamda sim\u00fcle etme \u015fans\u0131na sahibiz. Dolay\u0131s\u0131yla r\u00fczgar ak\u0131\u015f\u0131, ta\u015fk\u0131n, g\u00f6r\u00fcnebilirlik ve g\u00fcne\u015flenme s\u00fcrelerini \u00f6l\u00e7erek bilimsel temellere dayal\u0131 bir olu\u015fumu ger\u00e7ekle\u015ftirebilece\u011fiz.\u201d dedi.<br \/>\n\u201cYeni\u015fehir\u2019in Kent Sa\u011fl\u0131k Profili\u2019ni haz\u0131rlad\u0131k\u201d<br \/>\nAt\u0131k Toplama ve Ayr\u0131\u015ft\u0131rma Merkezi in\u015fa ettiklerini ve Yeni\u015fehir \u00c7evreci Halk Kart\u2019\u0131 hayata ge\u00e7irdiklerini belirten Ba\u015fkan \u00d6zyi\u011fit, \u201cEnerji ve \u00c7evre Dostu Tasar\u0131mda Liderlik (LEED) Sertifikas\u0131\u2019na uygun Mersin\u2019deki ilk ye\u015fil binay\u0131 in\u015fa ettik. Kentimizde ye\u015fil bina yap\u0131m\u0131n\u0131 te\u015fvik ettik. Ye\u015fil bina dedi\u011fimiz \u00e7evreyle uyumlu, karbon emisyonu d\u00fc\u015f\u00fck, izolasyonu y\u00fcksek, ye\u015filiyle yaratt\u0131\u011f\u0131 emisyonu ortadan kald\u0131rma yetene\u011fi olan binalard\u0131r. Yine Yeni\u015fehir \u00c7evreci Halk Kart\u2019\u0131 hayata ge\u00e7irdik.  \u00c7evre odakl\u0131 olarak olu\u015fturdu\u011fumuz bir proje. At\u0131klar\u0131n evde ayr\u0131\u015ft\u0131r\u0131larak biriktirilmesi ve daha sonra toplanarak, vatanda\u015fa buradan bir ekonomi sa\u011flanmas\u0131 \u00fczerine tasarland\u0131. At\u0131k Toplama ve Ayr\u0131\u015ft\u0131rma Merkezi\u2019mizi kurduk. At\u0131k ya\u011flar\u0131 topluyoruz, hem \u00e7evreyi koruyoruz hem de kentimize bir kazan\u00e7 sa\u011fl\u0131yoruz.  D\u00fcnya Sa\u011fl\u0131k \u00d6rg\u00fct\u00fc taraf\u0131ndan ba\u015flat\u0131lan ve kentte ya\u015fayan vatanda\u015flar\u0131n fiziki, \u00e7evresel ve psikolojik refah\u0131n\u0131 geli\u015ftirmeyi ama\u00e7layan, T\u00fcrkiye&#8217;nin de dahil oldu\u011fu Sa\u011fl\u0131kl\u0131 Kentler Birli\u011fine \u00fcye olduk. 32 mahallenin tamam\u0131nda Kent Sa\u011fl\u0131\u011f\u0131 Ara\u015ft\u0131rmas\u0131 y\u00fcr\u00fctt\u00fck ve 8 farkl\u0131 ana ba\u015fl\u0131k alt\u0131nda Yeni\u015fehir\u2019in Kent Sa\u011fl\u0131k Profili\u2019ni haz\u0131rlad\u0131k.\u201d \u015feklinde konu\u015ftu.<br \/>\n\u201cKlasik belediyecilik hizmetlerini bir proje olarak g\u00f6rm\u00fcyoruz\u201d<br \/>\nDeprem s\u00fcrecinde 50 bin depremzedeye ve pandemi s\u00fcreci dahil 48 bin Yeni\u015fehirliye sosyal desteklerde bulunduklar\u0131n\u0131 ifade eden Ba\u015fkan \u00d6zyi\u011fit, \u201cKlasik belediyecilik hizmetlerini bir proje olarak g\u00f6rm\u00fcyoruz ama \u00f6zellikle e\u011fitimli bir toplum olu\u015fturma ve halk\u0131n sa\u011fl\u0131kl\u0131 bir kentte ya\u015famalar\u0131n\u0131 sa\u011flama noktas\u0131nda b\u00fcy\u00fck bir \u00f6zveri ve gayret i\u00e7erindeyiz. Ve \u00e7al\u0131\u015fmalar\u0131m\u0131z\u0131 bilimsel temele dayal\u0131 olarak yap\u0131yoruz.  Ge\u00e7irdi\u011fimiz be\u015f y\u0131l\u0131n i\u00e7erisinde iki bu\u00e7uk y\u0131ll\u0131k bir pandemi d\u00f6nemi, ondan sonra bir deprem felaketi ya\u015fad\u0131k. Deprem sonras\u0131nda kentimize gelen \u00e7ok say\u0131da depremzedeyi misafir ettik. 50 bin depremzedeye g\u0131da, giysi ve temel ihtiya\u00e7 malzemesi deste\u011fi verdik. Yard\u0131m demek istemiyorum \u00e7\u00fcnk\u00fc onlar\u0131n 5 \u015eubat\u2019ta her \u015feyi vard\u0131. Tekrardan b\u00fcy\u00fck felakette kaybetti\u011fimiz yurtta\u015flar\u0131m\u0131za Allah\u2019tan rahmet diliyorum. B\u00f6yle bir felaketi bir daha ya\u015famamay\u0131 diliyoruz. 48 bin Yeni\u015fehirli vatanda\u015f\u0131m\u0131za pandemi d\u00f6nemi dahil g\u0131dadan, giysiye, bebek mamas\u0131ndan, hijyen malzemesine kadar destekler sa\u011flad\u0131k.\u201d dedi.<br \/>\n\u201cBug\u00fcne kadar 7\u2019den 77\u2019ye 6 bin 500 hem\u015fehrimize sanat e\u011fitimleri verdik.\u201d<br \/>\nSpor, k\u00fclt\u00fcr ve sanat alan\u0131nda ba\u015fl\u0131ca \u00e7al\u0131\u015fmalardan s\u00f6z eden Ba\u015fkan \u00d6zyi\u011fit \u015funlar\u0131 s\u00f6yledi: \u201cSportif anlamda \u00e7ok \u00f6nemli i\u015fler ba\u015fard\u0131k.  Mersin\u2019de ilk kez 2019 y\u0131l\u0131nda bir triatlon yar\u0131\u015f\u0131 d\u00fczenledik. Bug\u00fcn geldi\u011fimiz noktada 2 y\u0131l \u00fcst \u00fcste Avrupa Triatlon Kupas\u0131\u2019na ev sahipli\u011fi yapan ve Nisan ay\u0131nda ise D\u00fcnya Paratriatlon Kupas\u0131\u2019na ev sahipli\u011fi yapacak bir il\u00e7e belediyesi haline geldik. \u00c7BK Mersin Yeni\u015fehir Belediyesi kad\u0131n basketbol tak\u0131m\u0131m\u0131zla Avrupa\u2019n\u0131n en b\u00fcy\u00fck kupas\u0131nda ikinci olduk. Cumhurba\u015fkanl\u0131\u011f\u0131 Kupas\u0131\u2019n\u0131 kazanarak, bunu ba\u015faran ilk Anadolu tak\u0131m\u0131 olduk. Voleybol Festivali d\u00fczenledik, kentimize 5 bin 500 sporcu geldi. Hem Mersin\u2019in hem de Yeni\u015fehir\u2019in tan\u0131t\u0131m\u0131 a\u00e7\u0131s\u0131ndan \u00e7ok k\u0131ymetli i\u015fler oldu\u011funa inan\u0131yorum.  K\u00fclt\u00fcr ve sanata \u00f6nem verece\u011fimizi s\u00f6ylemi\u015ftik, belli bir alt yap\u0131m\u0131z zaten vard\u0131. Ve biz bu altyap\u0131m\u0131z\u0131n i\u00e7ini doldurmak suretiyle yani niteliksel manada katk\u0131 ve geli\u015fim sa\u011flayarak festivalleri ger\u00e7ekle\u015ftirdik. \u015eu anda devam eden ara tatil nedeniyle \u00c7ocuk Oyunlar\u0131 Festivalimiz var. Y\u00fczlerce \u00e7ocu\u011fumuz her g\u00fcn salonlar\u0131 doldurarak,  bu festivale kat\u0131l\u0131yor. Kas\u0131m ay\u0131nda Yeni\u015fehir Komedi Oyunlar\u0131 Festivali\u2019ni ger\u00e7ekle\u015ftirdik. Tiyatro oyunlar\u0131n\u0131 8 g\u00fcnde 13 bin izleyici ile bulu\u015fturduk. Kurdu\u011fumuz Yeni\u015fehir Ki\u015fisel Geli\u015fim Merkezi(K\u0130GEM)\u2019mizde bug\u00fcne kadar 7\u2019den 77\u2019ye 6 bin 500 hem\u015fehrimize sanat e\u011fitimleri verdik. Mahallelerimize gezici sinema ve tiyatro oyunlar\u0131n\u0131 ta\u015f\u0131d\u0131k.\u201d<br \/>\n\u201c\u0130mar plan\u0131 \u00f6nerimiz Pirireis, Palmiye, Gazi, \u0130n\u00f6n\u00fc, Dumlup\u0131nar, Barbaros, E\u011fri\u00e7am ve Akkent mahallelerini kaps\u0131yor.\u201d<br \/>\nDo\u011fal afetlere kar\u015f\u0131 diren\u00e7li bir kent olu\u015fturmak i\u00e7in \u00e7al\u0131\u015ft\u0131klar\u0131n\u0131 kaydeden Ba\u015fkan Abdullah \u00d6zyi\u011fit, \u201cDeprem gibi felaketler olduktan sonra herkes \u00e7ok \u00f6nemli s\u00f6zler s\u00f6yler ama bir s\u00fcre sonra hepsi unutulur. Y\u0131llar \u00f6nce ya\u015fanan G\u00f6lc\u00fck ve D\u00fczce depremlerinde oldu\u011fu gibi tedbirler hep konu\u015fulur ama bug\u00fcne geldi\u011fimizde siyasilerin vaatleri aras\u0131nda en \u00f6nemlileri aras\u0131nda \u2018depreme dayan\u0131kl\u0131 evler yapaca\u011f\u0131z, kentsel d\u00f6n\u00fc\u015f\u00fcmler yapaca\u011f\u0131z\u2019 s\u00f6zlerini duyuyoruz. Aradan ge\u00e7en 20 y\u0131lda bir \u015fey yap\u0131lamad\u0131. Bir y\u0131l \u00f6nce bir deprem felaketi ya\u015fad\u0131k. Bu deprem felaketinden sonra \u00e7al\u0131\u015fma arkada\u015flar\u0131ma \u015funu s\u00f6yledim; \u2018hi\u00e7bir bi\u00e7imde unutmayaca\u011f\u0131z\u2019 dedim. \u00c7\u00fcnk\u00fc kentimiz \u00fc\u00e7\u00fcnc\u00fc dereceden deprem b\u00f6lgesi olarak g\u00f6z\u00fckse de risk her zaman vard\u0131r. \u0130n\u015faat, jeoloji ve jeofizik m\u00fchendislerinden olu\u015fan Zemin ve Temel Et\u00fct Ekibimizi geni\u015fleterek, kentimizde yap\u0131lan binalar\u0131n zemin et\u00fctleri ile ilgili denetimlerimizi s\u00fcrd\u00fcr\u00fcyoruz. Yeni\u015fehir\u2019imizdeki mevcut yap\u0131lar\u0131n incelenmesi ve riskli yap\u0131lar\u0131n tespit edilmesi amac\u0131yla H\u0131zl\u0131 Tarama Ekibimizi kurduk. 60 ki\u015fiden olu\u015fan Acil Durum Arama ve Kurtarma Ekibimizi kurduk. Ekibimiz e\u011fitimli ve tam donan\u0131ml\u0131 olarak acil durumlarda arama-kurtarma \u00e7al\u0131\u015fmalar\u0131nda g\u00f6rev yapacak.  Ekip b\u00fcnyesinde teknik personellerin yan\u0131 s\u0131ra psikolojik destek vermesi amac\u0131 ile alanlar\u0131nda uzman sosyolog ve psikologlara da yer verdik. Afet Riski Alt\u0131nda D\u00f6n\u00fc\u015ft\u00fcr\u00fclecek Binalar\u0131n Uygulama \u0130mar Plan\u0131 Revizyon \u00c7al\u0131\u015fmas\u0131\u2019n\u0131 haz\u0131rlad\u0131k. GMK Bulvar\u0131 ile Adnan Menderes Bulvar\u0131 aras\u0131nda kalan yerle\u015fim alan\u0131nda afet risklerine haz\u0131rl\u0131k kapsam\u0131nda yerinde d\u00f6n\u00fc\u015f\u00fcm\u00fc ger\u00e7ekle\u015ftirmek amac\u0131yla riskli binalar\u0131n y\u0131k\u0131l\u0131p yeniden yap\u0131lmas\u0131n\u0131n te\u015fvik edilmesi, imar planlama \u00e7al\u0131\u015fmalar\u0131n\u0131n da bu kapsamda uygulanabilir \u015fekilde d\u00fczenlenmesini hedefliyoruz. \u0130mar plan\u0131 \u00f6nerimiz Pirireis, Palmiye, Gazi, \u0130n\u00f6n\u00fc, Dumlup\u0131nar, Barbaros, E\u011fri\u00e7am ve Akkent mahallelerini kaps\u0131yor.\u201d dedi.<br \/>\n\u201c106 hektarl\u0131k belediye hizmet alan\u0131 kamburundan kurtulduk.\u201d<br \/>\nBelediye hizmet alanlar\u0131n\u0131n \u00e7ok b\u00fcy\u00fck bir sorun te\u015fkil etti\u011fini ancak b\u00fcy\u00fck oranda bu sorunu \u00e7\u00f6zd\u00fcklerine dikkat \u00e7eken Ba\u015fkan \u00d6zyi\u011fit, \u201cUzun y\u0131llar s\u00fcr\u00fcncemede kalan 1\\1000 \u00f6l\u00e7ekli 1., 2. ve 3. Etaplar ile M\u00fcft\u00fc Vadisi ve Otoyolun \u00fcst k\u0131sm\u0131n\u0131n imar planlar\u0131n\u0131 tamamlad\u0131k. Yap\u0131lan bu planlar do\u011frultusunda 13. Cadde\u2019nin devam\u0131 olan ve Mersin \u00dcniversitesinin g\u00fcneyinden ge\u00e7en yolun imar uygulamas\u0131 tamamlanarak, yolun m\u00fclkiyet sorunu \u00fcniversite kav\u015fa\u011f\u0131na kadar \u00e7\u00f6z\u00fcld\u00fc. Bu yolun a\u00e7\u0131lma \u00e7al\u0131\u015fmas\u0131na Mersin B\u00fcy\u00fck\u015fehir Belediyesi(MBB) taraf\u0131ndan ba\u015fland\u0131. \u00dcniversite kav\u015fa\u011f\u0131ndan Kalek\u00f6y\u00fc\u2019ne giden yolun da imar uygulamas\u0131 Belediyemizce tamamlanarak, onay i\u00e7in MBB\u2019ye g\u00f6nderildi. Yeni a\u00e7\u0131lan 17. Cadde\u2019nin devam\u0131 olan M\u00fcft\u00fc Vadisi imar planlar\u0131 do\u011frultusunda imar uygulamas\u0131 \u00e7al\u0131\u015fmalar\u0131na ba\u015flad\u0131k. Bu yolun Akbelen Bulvar\u0131\u2019na oradan da otoyola ve \u015eehir Hastanesine ba\u011flant\u0131s\u0131 sa\u011flanacak. Bununla birlikte GMK Bulvar\u0131, Okan Merzeci Bulvar\u0131 ve Ali Kaya Mutlu Bulvar\u0131\u2019n\u0131n trafik yo\u011funlu\u011fu azalacakt\u0131r. 17. Cadde sayesinde \u00dcniversite Hastanesi ile \u015eehir Hastanesinin ba\u011flant\u0131s\u0131 sa\u011flanacakt\u0131r. Belediye hizmet alanlar\u0131 Yeni\u015fehir Belediyemizin \u00e7ok b\u00fcy\u00fck bir sorunuydu. Bu sorunu Revize \u0130mar Planlar\u0131 yap\u0131l\u0131rken belli oranda \u00e7\u00f6zd\u00fck. Yeni\u015fehir Belediyesi s\u0131n\u0131rlar\u0131ndaki 106 hektarl\u0131k belediye hizmet alan\u0131 kamburundan kurtulduk. \u00d6nemli bir mesafe ald\u0131k. Y\u0131l i\u00e7erisinde bu sorunu s\u0131f\u0131rlam\u0131\u015f olaca\u011f\u0131z yani Yeni\u015fehir Belediyesinin bir kamula\u015ft\u0131rmas\u0131z el atma meselesi, belediye hizmet alanlar\u0131yla alakal\u0131 meselesi ortadan kalkacak.\u201d ifadelerini kulland\u0131.<br \/>\n\u201cYeni\u015fehir Belediyesi bor\u00e7suz bir belediyedir\u201d<br \/>\nB\u00fcy\u00fck bir mali disiplinle \u00e7al\u0131\u015ft\u0131klar\u0131n\u0131 belirten Yeni\u015fehir Belediye Ba\u015fkan Abdullah \u00d6zyi\u011fit, \u201cPandemiye ve uzun s\u00fcren enflasyonist ortama ra\u011fmen hi\u00e7bir bahane \u00fcretmeden hizmet ettik. 2 BETEM, At\u0131k Ayr\u0131\u015ft\u0131rma ve Toplama Tesisi, Bal\u0131k Pazar\u0131 ve K\u00fclt\u00fcr Kompleksi in\u015fa ettik, Erkek \u00d6\u011frenci Yurdu ve Misafirhanemizin yap\u0131m\u0131n\u0131 tamamlad\u0131k ve hizmete a\u00e7t\u0131k.  Zor zamanlarda halk\u0131m\u0131z\u0131 asla yaln\u0131z b\u0131rakmad\u0131k ve b\u00fcy\u00fck bir mali disiplinle \u00e7al\u0131\u015ft\u0131k.  Yeni\u015fehir Belediyesi bor\u00e7suz bir belediyedir. Yapt\u0131\u011f\u0131m\u0131z binalar\u0131 bakanl\u0131klara devretmek gibi bir anlay\u0131\u015f i\u00e7erisinde de\u011filiz. Sorumluluk al\u0131yoruz, personel \u00e7al\u0131\u015ft\u0131r\u0131yoruz. BETEM\u2019lerde, \u00d6\u011frenci Yurdumuzda, Misafirhanemizde ve di\u011fer tesislerimizde vatanda\u015flar\u0131m\u0131z \u00e7al\u0131\u015f\u0131yor. 550\u2019nin \u00fczerinde hem\u015fehrimize istihdam sa\u011flad\u0131k.  Tekrar s\u00f6yl\u00fcyorum; Yeni\u015fehir Belediyesi bor\u00e7suz bir belediyedir. Bor\u00e7suz oldu\u011fu ve mali durumu iyi oldu\u011fu i\u00e7in G\u00fcne\u015f Enerjisi Projesi(GES) i\u00e7in 1 milyon 200 bin dolarl\u0131k bir krediyi D\u00fcnya Bankas\u0131ndan tedarik edecek bir s\u00f6zle\u015fmeye 15 \u015eubat\u2019ta imza ataca\u011f\u0131z. Bu krediye kabul edildik. Kabul edilmemizin temelinde de borcu olmayan bir belediye olmam\u0131zd\u0131r. Hizmet binalar\u0131m\u0131z\u0131n enerjisini bu proje ile g\u00fcne\u015ften elde edece\u011fiz ve bu kredi 5 y\u0131l i\u00e7erisinde kendini amorti edecek. Asl\u0131 astar\u0131 olmayan haks\u0131z ele\u015ftiriler yap\u0131ld\u0131. \u0130\u015fte \u2018\u00e7ok personel \u00e7al\u0131\u015ft\u0131r\u0131yormu\u015fuz\u2019, evet biz personeli \u00e7al\u0131\u015ft\u0131r\u0131yoruz \u00e7\u00fcnk\u00fc g\u00f6reve geldi\u011fimizde mevcut personel \u00e7ok fazla mesai kullan\u0131yordu. Yeni personellerle ekme\u011fi payla\u015ft\u0131k. Yani bir\u00e7ok i\u015fsiz insan varken, siz bir insan\u0131 gece g\u00fcnd\u00fcz \u00e7al\u0131\u015ft\u0131rmamal\u0131s\u0131n\u0131z. Mevcut personel normal mesaisini yapt\u0131 i\u015fe ald\u0131\u011f\u0131m\u0131z personel de normal mesaisini yapt\u0131, b\u00f6ylelikle personel istihdam\u0131 art\u0131\u015f\u0131 sa\u011flam\u0131\u015f olduk. G\u00f6reve geldi\u011fimizde 570 g\u00fcn alaca\u011f\u0131 olan ve emeklili\u011fi gelen \u00e7ok say\u0131da personelimiz vard\u0131. Emekli olan personele 50 milyon TL civar\u0131nda tazminat \u00f6dedik. 19 y\u0131l hi\u00e7 izin kullanmam\u0131\u015f personel vard\u0131. Ortalama 400 g\u00fcne yak\u0131n izin alaca\u011f\u0131 olan personel vard\u0131. Arkada\u015flar\u0131m\u0131z\u0131 izne g\u00f6nderip yava\u015f yava\u015f izinlerini erittik. Bir dengeye oturttuk. 31.01.2024 tarihi itibariyle kasam\u0131zda 58 milyon 247 bin TL nakit bulunuyor. G\u00f6reve geldi\u011fimizde kredi kulland\u0131k, faizler d\u00fc\u015f\u00fckt\u00fc, hizmet \u00fcrettik ve kredi bor\u00e7lar\u0131m\u0131z\u0131 \u00f6dedik. Kararl\u0131l\u0131kla \u00e7al\u0131\u015fmaya devam edece\u011fiz.\u201d diye konu\u015ftu. <\/p>\n","protected":false},"excerpt":{"rendered":"<p>Mersin Yeni\u015fehir Belediye Ba\u015fkan\u0131 Abdullah \u00d6zyi\u011fit, Mersin Ticaret ve Sanayi Odas\u0131(MTSO) Ocak Ay\u0131 Meclis Toplant\u0131s\u0131na kat\u0131larak, hayata ge\u00e7irdikleri \u00e7al\u0131\u015fmalar\u0131 anlatarak, meclis \u00fcyelerinin sorular\u0131n\u0131 yan\u0131tlad\u0131. Ba\u015fkan \u00d6zyi\u011fit,\u201cPandemiye ve uzun s\u00fcren enflasyonist &hellip; <a href=\"https:\/\/akdenizolaygazetesi.com\/?p=29638\" class=\"more-link\">Devam\u0131n\u0131 Oku&#8230;<\/a><\/p>\n","protected":false},"author":2,"featured_media":29639,"comment_status":"open","ping_status":"open","sticky":false,"template":"","format":"standard","meta":[],"categories":[8,34,1,2,3,6],"tags":[],"_links":{"self":[{"href":"https:\/\/akdenizolaygazetesi.com\/index.php?rest_route=\/wp\/v2\/posts\/29638"}],"collection":[{"href":"https:\/\/akdenizolaygazetesi.com\/index.php?rest_route=\/wp\/v2\/posts"}],"about":[{"href":"https:\/\/akdenizolaygazetesi.com\/index.php?rest_route=\/wp\/v2\/types\/post"}],"author":[{"embeddable":true,"href":"https:\/\/akdenizolaygazetesi.com\/index.php?rest_route=\/wp\/v2\/users\/2"}],"replies":[{"embeddable":true,"href":"https:\/\/akdenizolaygazetesi.com\/index.php?rest_route=%2Fwp%2Fv2%2Fcomments&post=29638"}],"version-history":[{"count":1,"href":"https:\/\/akdenizolaygazetesi.com\/index.php?rest_route=\/wp\/v2\/posts\/29638\/revisions"}],"predecessor-version":[{"id":29640,"href":"https:\/\/akdenizolaygazetesi.com\/index.php?rest_route=\/wp\/v2\/posts\/29638\/revisions\/29640"}],"wp:featuredmedia":[{"embeddable":true,"href":"https:\/\/akdenizolaygazetesi.com\/index.php?rest_route=\/wp\/v2\/media\/29639"}],"wp:attachment":[{"href":"https:\/\/akdenizolaygazetesi.com\/index.php?rest_route=%2Fwp%2Fv2%2Fmedia&parent=29638"}],"wp:term":[{"taxonomy":"category","embeddable":true,"href":"https:\/\/akdenizolaygazetesi.com\/index.php?rest_route=%2Fwp%2Fv2%2Fcategories&post=29638"},{"taxonomy":"post_tag","embeddable":true,"href":"https:\/\/akdenizolaygazetesi.com\/index.php?rest_route=%2Fwp%2Fv2%2Ftags&post=29638"}],"curies":[{"name":"wp","href":"https:\/\/api.w.org\/{rel}","templated":true}]}}