{"id":2964,"date":"2020-11-04T18:23:26","date_gmt":"2020-11-04T15:23:26","guid":{"rendered":"http:\/\/mersinekonomipolitikagazetesi.com\/?p=2964"},"modified":"2020-11-04T18:23:26","modified_gmt":"2020-11-04T15:23:26","slug":"artik-mersinin-film-festivali-de-var","status":"publish","type":"post","link":"https:\/\/akdenizolaygazetesi.com\/?p=2964","title":{"rendered":"ARTIK MERS\u0130N\u2019\u0130N \u2018F\u0130LM FEST\u0130VAL\u0130\u2019 DE VAR"},"content":{"rendered":"<p>Mersin\u2019de 16-19 Kas\u0131m 2018 tarihleri aras\u0131nda d\u00fczenlenen 1. Ulusal Mersin Film Festivali \u00f6d\u00fcl t\u00f6reni ve kapan\u0131\u015f yeme\u011fi ile sona erdi.<br \/>\n\u00d6nemli kurum ve kurulu\u015flar taraf\u0131ndan desteklenen bu iddial\u0131 proje Ankara merkezli Hezarfen Medya Prod\u00fcksiyon taraf\u0131ndan ba\u015far\u0131l\u0131 bir \u015fekilde ger\u00e7ekle\u015ftirildi.<br \/>\nOrganizasyonun ba\u015f\u0131nda gen\u00e7 kad\u0131n y\u00f6netici olan Hezarfen Medya Prod\u00fcksiyon Sahibi Fatmanur Pusat \u00a01. Mersin Ulusal Film Festivali\u2019ni de\u011ferlendirdi.<br \/>\nFatmanur Pusat a\u00e7\u0131klamas\u0131nda: \u201cFilm festivali fikri Annem Zeynep Sak Pusat\u2019\u0131n Mersinle ilgili bu projesini ger\u00e7ekle\u015ftirme g\u00f6revi bana d\u00fc\u015ft\u00fc. Daha \u00f6nce yapm\u0131\u015f oldu\u011fumuz k\u0131sa film organizasyonlar\u0131ndan sonra ulusal anlamda bir yar\u0131\u015fma d\u00fczenlemek isterken bu b\u00fcy\u00fck organizasyon ortaya \u00e7\u0131kt\u0131. K\u00fclt\u00fcr ve Turizm Bakanl\u0131\u011f\u0131 ile yapt\u0131\u011f\u0131m\u0131z \u00e7al\u0131\u015fma neticesinde Ulusal \u0130\u00e7el Film Festivali\u2019ni ba\u015far\u0131yla ger\u00e7ekle\u015ftirmi\u015f olduk. Bundan sonraki y\u0131llarda bu etkinli\u011fin daha profesyonelce ve uluslararas\u0131 d\u00fczeyde yapaca\u011f\u0131m\u0131z\u0131, gelenekselle\u015fece\u011fini \u00f6zellikle belirtmek istiyorum. Uluslaras\u0131 ba\u011flant\u0131lar kurma konusunda sorunumuz yok. Festivalimizin ba\u015far\u0131yla sonu\u00e7lanmas\u0131ndan haberdar olan bir\u00e7ok uluslararas\u0131 medya kurulu\u015fu festivalimizi takip etmi\u015ftir. B\u00f6ylece \u00f6n\u00fcm\u00fczdeki y\u0131l kat\u0131l\u0131m uluslararas\u0131 ve daha geni\u015f bir yelpazeyle olacakt\u0131r.\u201d diye konu\u015ftu.<\/p>\n<p>SANAT\u00c7ILAR B\u00dcY\u00dcK \u0130LG\u0130 G\u00d6RD\u00dc AYAKTA ALKI\u015eLADI\u00a0<\/p>\n<p>1. \u0130\u00e7el Film Festivali\u2019ne ve kortejine \u00fcnl\u00fc sanat\u00e7\u0131lar\u0131n kat\u0131ld\u0131\u011f\u0131n\u0131, festivalde j\u00fcri \u00fcyelerinin ve festivale kat\u0131lan filmlerin b\u00fcy\u00fck ilgi g\u00f6rd\u00fc\u011f\u00fcn\u00fc vurgulayan Fatmanur Pusat: \u201cFestivalimizin Gala gecesi Cumhurba\u015fkan\u0131m\u0131z Recep Tayyip Erdo\u011fan\u2019\u0131n destekleri ile \u00e7ekilmi\u015f olan, s\u00f6zde Ermeni soyk\u0131r\u0131m\u0131n\u0131 reddiye bi\u00e7iminde \u00e7ekilen Yap\u0131mc\u0131-Y\u00f6netmen \u0130smail G\u00fcne\u015f\u2019in \u2018Kervan 1915\u2019 filmi ile ba\u015flad\u0131. 3 saat s\u00fcren film g\u00f6sterimi izleyenleri b\u00fcy\u00fcledi ve b\u00fcy\u00fck alk\u0131\u015f ald\u0131. Festivalde \u00f6zellikle sinemaya emek vermi\u015f ve \u015fimdilerde destek bekleyen bir\u00e7ok sanat\u00e7\u0131ya vefa borcu olarak bu festivali d\u00fczenleyip ve konseptine de \u201cvefa\u201d demi\u015ftik. Vefa borcu \u00f6deyece\u011fimiz sanat\u00e7\u0131lar\u0131m\u0131zdan sa\u011fl\u0131k sorunu nedeniyle sineman\u0131n sultan\u0131 T\u00fcrkan \u015eoray video ile sevenlerine seslendi. Ayr\u0131ca \u00fcnl\u00fc emektar sanat\u00e7\u0131lar\u0131m\u0131zdan bir\u00e7ok \u00f6d\u00fcl alm\u0131\u015f Meral Orhunsoy, sineman\u0131n k\u00f6t\u00fc adamlar\u0131 Nuri Al\u00e7o ve Co\u015fkun\u2019a kadar bir\u00e7ok sanat\u00e7\u0131 ve Erol Tezeren de festivale renk katm\u0131\u015ft\u0131r. Sanat\u00e7\u0131lar\u0131m\u0131za b\u00fcy\u00fck ilgi g\u00f6steren Mersinli sanat severler onlar\u0131 uzun s\u00fcre ayakta alk\u0131\u015flad\u0131. Festivalimizin j\u00fcri ba\u015fkanl\u0131\u011f\u0131n\u0131 Yap\u0131mc\u0131-Y\u00f6netmen \u0130smail G\u00fcne\u015f yapt\u0131. \u0130\u00e7el Film Festivali\u2019nde T\u00fcrk Sinemas\u0131n\u0131n klasikle\u015fmi\u015f filmleri ve K\u00fclt\u00fcr ve Turizim Bakanl\u0131\u011f\u0131 onayl\u0131 filmler g\u00f6sterildi. Selvi Boylum Al Yazmal\u0131m\u2019dan, Bu\u011fday filmine kadar.\u201d \u015feklinde konu\u015ftu.<\/p>\n<p>FEST\u0130VAL\u0130N KONSEPT\u0130 \u2018VEFA\u2019 B\u00dcY\u00dcK \u0130LG\u0130 G\u00d6RD\u00dc<\/p>\n<p>Antalya ve Adana\u2019da d\u00fczenlenen film festivallerinden sonra art\u0131k Mersin\u2019in de \u00e7ok ses getirecek bir festivali oldu\u011funu vurgulayan Hezarfen Medya Prod\u00fcksiyon Sahibi Fatmanur Pusat: \u201cMersin kendi \u00f6zelli\u011fiyle ses getiren \u00f6nemli bir \u015fehir. Bu \u015fehirde yap\u0131lan bir etkinlik herkesin dikkatini \u00e7ekiyor. Buraya gelenler mest olup gidiyor ve gittikleri yerlerde g\u00fcnlerce Mersin\u2019i anlatacakt\u0131r. Sinema sekt\u00f6r\u00fcn\u00fcn vefas\u0131zl\u0131\u011f\u0131 bilinen ac\u0131 bir ger\u00e7ek. Bu nedenle festivalimiz \u201cvefa\u201d konseptiyle yap\u0131ld\u0131. Pek \u00e7ok sanat\u00e7\u0131n\u0131n dikkatini \u00e7ekti ve alternatif bir festival oldu. Bu konseptimizi ek projelerimizle birlikte s\u00fcrd\u00fcrmeye devam edece\u011fiz. Mersinlilere de \u0130\u00e7el Film Festivali ile ilgili olarak te\u015fekk\u00fcrlerimizi iletmek istiyorum. Yap\u0131lan her g\u00fczel \u015feyin arkas\u0131nda durup destekliyorlar. 1. Ulusal \u0130\u00e7el Film Festivali\u2019ne sahip \u00e7\u0131kt\u0131lar. \u00d6n\u00fcm\u00fczdeki y\u0131l 2. Uluslararas\u0131 \u0130\u00e7el Film Festivali ile Mersin\u2019imize daha b\u00fcy\u00fck g\u00fczellikler ya\u015fataca\u011f\u0131z. G\u00f6sterdikleri ilgi ve destek i\u00e7in tekrar \u00e7ok te\u015fekk\u00fcr ediyoruz.\u201d diyerek konu\u015fmas\u0131n\u0131 tamamlad\u0131.<\/p>\n","protected":false},"excerpt":{"rendered":"<p>Mersin\u2019de 16-19 Kas\u0131m 2018 tarihleri aras\u0131nda d\u00fczenlenen 1. Ulusal Mersin Film Festivali \u00f6d\u00fcl t\u00f6reni ve kapan\u0131\u015f yeme\u011fi ile sona erdi. \u00d6nemli kurum ve kurulu\u015flar taraf\u0131ndan desteklenen bu iddial\u0131 proje Ankara &hellip; <a href=\"https:\/\/akdenizolaygazetesi.com\/?p=2964\" class=\"more-link\">Devam\u0131n\u0131 Oku&#8230;<\/a><\/p>\n","protected":false},"author":1,"featured_media":0,"comment_status":"open","ping_status":"open","sticky":false,"template":"","format":"standard","meta":[],"categories":[],"tags":[],"_links":{"self":[{"href":"https:\/\/akdenizolaygazetesi.com\/index.php?rest_route=\/wp\/v2\/posts\/2964"}],"collection":[{"href":"https:\/\/akdenizolaygazetesi.com\/index.php?rest_route=\/wp\/v2\/posts"}],"about":[{"href":"https:\/\/akdenizolaygazetesi.com\/index.php?rest_route=\/wp\/v2\/types\/post"}],"author":[{"embeddable":true,"href":"https:\/\/akdenizolaygazetesi.com\/index.php?rest_route=\/wp\/v2\/users\/1"}],"replies":[{"embeddable":true,"href":"https:\/\/akdenizolaygazetesi.com\/index.php?rest_route=%2Fwp%2Fv2%2Fcomments&post=2964"}],"version-history":[{"count":0,"href":"https:\/\/akdenizolaygazetesi.com\/index.php?rest_route=\/wp\/v2\/posts\/2964\/revisions"}],"wp:attachment":[{"href":"https:\/\/akdenizolaygazetesi.com\/index.php?rest_route=%2Fwp%2Fv2%2Fmedia&parent=2964"}],"wp:term":[{"taxonomy":"category","embeddable":true,"href":"https:\/\/akdenizolaygazetesi.com\/index.php?rest_route=%2Fwp%2Fv2%2Fcategories&post=2964"},{"taxonomy":"post_tag","embeddable":true,"href":"https:\/\/akdenizolaygazetesi.com\/index.php?rest_route=%2Fwp%2Fv2%2Ftags&post=2964"}],"curies":[{"name":"wp","href":"https:\/\/api.w.org\/{rel}","templated":true}]}}