{"id":29644,"date":"2024-02-02T13:11:38","date_gmt":"2024-02-02T10:11:38","guid":{"rendered":"http:\/\/akdenizolaygazetesi.com\/?p=29644"},"modified":"2024-02-02T13:11:38","modified_gmt":"2024-02-02T10:11:38","slug":"gultaktan-yeni-mersin-idmanyurduna-1-milyon-tl-destek-sozu","status":"publish","type":"post","link":"https:\/\/akdenizolaygazetesi.com\/?p=29644","title":{"rendered":"G\u00dcLTAK\u2019TAN YEN\u0130 MERS\u0130N \u0130DMANYURDU\u2019NA 1 M\u0130LYON TL DESTEK S\u00d6Z\u00dc"},"content":{"rendered":"<p>Akdeniz Belediye Ba\u015fkan\u0131 M. Mustafa G\u00fcltak, Yeni Mersin \u0130dmanyurdu (M\u0130Y) i\u00e7in d\u00fczenlenen \u2018El Ele 1. Lig\u2019 kampanyas\u0131 lansman\u0131na kat\u0131ld\u0131. M\u0130Y\u2019in ma\u00e7lar\u0131n\u0131 hi\u00e7bir zaman ka\u00e7\u0131rmad\u0131\u011f\u0131n\u0131 s\u00f6yleyen Ba\u015fkan G\u00fcltak; \u201cKanunlar gere\u011fi sadece amat\u00f6r kul\u00fcplere destek verebiliyoruz. M\u0130Y y\u00f6netimine \u00e7a\u011fr\u0131m\u0131z; bir prosed\u00fcr i\u015fi var, onu tamamlay\u0131n. Akdeniz Belediyesi olarak 1 milyon TL destek verelim\u201d dedi.<br \/>\nBir otelde d\u00fczenlenen tan\u0131t\u0131m toplant\u0131s\u0131na, Ba\u015fkan G\u00fcltak\u2019\u0131n yan\u0131 s\u0131ra, Mersin Valisi Ali Hamza Pehlivan, AK Parti Mersin Milletvekili Ali K\u0131ratl\u0131, Cumhur \u0130ttifak\u0131 Mersin B\u00fcy\u00fck\u015fehir Belediye Ba\u015fkan Aday\u0131 Serdar Soydan, Yeni Mersin \u0130dmanyurdu y\u00f6netimi, i\u015f adamlar\u0131 ve taraftarlar kat\u0131ld\u0131.<br \/>\n\u201cDestekle tak\u0131m\u0131m\u0131z\u0131n daha iyi yerlere gelmesini sa\u011flayabiliriz\u201d<br \/>\nLansmanda konu\u015fan Vali Pehlivan, Mersin \u0130dmanyurdu\u2019nun Cumhuriyetin ilk y\u0131llar\u0131nda kuruldu\u011funu anlatt\u0131. Tak\u0131m\u0131n 1925 y\u0131l\u0131ndan bug\u00fcnlere,  uzun ince bir yoldan geldi\u011fini s\u00f6yleyen Vali Pehlivan, \u201cHi\u00e7bir \u015fey yapam\u0131yorsam, ma\u00e7a gitme dahi imk\u00e2n\u0131m yoksa bir mesaj atma suretiyle bir selam, bir ba\u015far\u0131 dile\u011fi, bir katk\u0131 g\u00f6ndermi\u015f oluyorum\u2019 anlay\u0131\u015f\u0131nda olursak bu fark\u0131ndal\u0131\u011f\u0131 da bundan sonraki y\u0131llarda devam ettirirsek, tak\u0131m\u0131m\u0131z\u0131n daha iyi yerlere gelmesini sa\u011flayabiliriz. Bu yolla katk\u0131 sa\u011flanaca\u011f\u0131na inan\u0131yorum. Kalabal\u0131k toplant\u0131lar\u0131m\u0131zda da bu kampanyam\u0131z\u0131 duyurursak tak\u0131m\u0131m\u0131za \u00e7ok daha fazla katk\u0131 sa\u011flar\u0131z\u201d \u015feklinde konu\u015ftu.<br \/>\n\u201cEksikler tamamlan\u0131rsa 1 milyon TL destek verelim\u201d<br \/>\nAkdeniz Belediye Ba\u015fkan\u0131 M. Mustafa G\u00fcltak da k\u00fc\u00e7\u00fckken Mersin \u0130dmanyurdu ma\u00e7lar\u0131nda su ve sak\u0131z satt\u0131\u011f\u0131n\u0131 s\u00f6yledi. M\u0130Y\u2019in ma\u00e7lar\u0131n\u0131 hi\u00e7bir zaman ka\u00e7\u0131rmad\u0131\u011f\u0131n\u0131 da vurgulayan Ba\u015fkan G\u00fcltak; \u201cAkdeniz\u2019de tarihi bir Mersin evini hayata ge\u00e7irdik. \u0130lk kez \u0130z B\u0131rakanlar M\u00fczesi\u2019ni hayata ge\u00e7irdik. Bu m\u00fczenin bir odas\u0131n\u0131 da Mersin \u0130dmanyurdu\u2019na ay\u0131rd\u0131k. \u0130lk kez Mersin \u0130dmanyurdu\u2019nun yer ald\u0131\u011f\u0131 m\u00fczemiz var. Bunlar \u00f6nemli&#8230; Bu gibi de\u011ferlere sahip \u00e7\u0131kmam\u0131z laz\u0131m.<br \/>\nBunlar tarihte yaz\u0131l\u0131, belgeli kalacaklar. Se\u00e7ildi\u011fimiz g\u00fcnden beri amat\u00f6r kul\u00fcplere nakdi yard\u0131m yap\u0131yoruz. Kanunlar gere\u011fi amat\u00f6r kul\u00fcplere destek verebiliyoruz. Yeni Mersin \u0130dmanyurdu y\u00f6netimine de \u00e7a\u011fr\u0131m\u0131z, bir adres, bir prosed\u00fcr i\u015fi var&#8230; Onlar\u0131 tamamlay\u0131n size daha \u00f6nce 500 bin demi\u015ftim ama 1 milyon TL, Akdeniz Belediyesi olarak destek verelim\u201d diye konu\u015ftu. \t<\/p>\n<p>\u201c\u015eehrimizin hakk\u0131 S\u00fcper Lig\u2019dir\u201d<br \/>\nYeni Mersin \u0130dmanyurdu Kul\u00fcp Ba\u015fkan\u0131 Metin Salt\u0131k, \u2018El Ele 1. Lig\u2019 kampanyas\u0131yla \u015fehrin tak\u0131m\u0131n\u0131 daha yukar\u0131lara \u00e7\u0131kacaklar\u0131n\u0131 belirterek; \u201c\u0130n\u015fallah bu yolun sonu 1. Lig olacakt\u0131r. Futbolun dibe vurdu\u011fu bu \u015fehirde hep birlikte \u00e7al\u0131\u015farak bir yerlere kadar geldik. \u015eehrimizin hak etti\u011fi yer S\u00fcper Lig\u2019dir. Hep birlikte el ele, omuz omuza in\u015fallah bunu ba\u015faraca\u011f\u0131z\u201d ifadelerini kulland\u0131. Konu\u015fmalar\u0131n ard\u0131ndan kampanyan\u0131n i\u00e7eri\u011fiyle ilgili daha detayl\u0131 bilgiler verildi.<\/p>\n","protected":false},"excerpt":{"rendered":"<p>Akdeniz Belediye Ba\u015fkan\u0131 M. Mustafa G\u00fcltak, Yeni Mersin \u0130dmanyurdu (M\u0130Y) i\u00e7in d\u00fczenlenen \u2018El Ele 1. Lig\u2019 kampanyas\u0131 lansman\u0131na kat\u0131ld\u0131. M\u0130Y\u2019in ma\u00e7lar\u0131n\u0131 hi\u00e7bir zaman ka\u00e7\u0131rmad\u0131\u011f\u0131n\u0131 s\u00f6yleyen Ba\u015fkan G\u00fcltak; \u201cKanunlar gere\u011fi sadece &hellip; <a href=\"https:\/\/akdenizolaygazetesi.com\/?p=29644\" class=\"more-link\">Devam\u0131n\u0131 Oku&#8230;<\/a><\/p>\n","protected":false},"author":2,"featured_media":29645,"comment_status":"open","ping_status":"open","sticky":false,"template":"","format":"standard","meta":[],"categories":[3,10],"tags":[],"_links":{"self":[{"href":"https:\/\/akdenizolaygazetesi.com\/index.php?rest_route=\/wp\/v2\/posts\/29644"}],"collection":[{"href":"https:\/\/akdenizolaygazetesi.com\/index.php?rest_route=\/wp\/v2\/posts"}],"about":[{"href":"https:\/\/akdenizolaygazetesi.com\/index.php?rest_route=\/wp\/v2\/types\/post"}],"author":[{"embeddable":true,"href":"https:\/\/akdenizolaygazetesi.com\/index.php?rest_route=\/wp\/v2\/users\/2"}],"replies":[{"embeddable":true,"href":"https:\/\/akdenizolaygazetesi.com\/index.php?rest_route=%2Fwp%2Fv2%2Fcomments&post=29644"}],"version-history":[{"count":1,"href":"https:\/\/akdenizolaygazetesi.com\/index.php?rest_route=\/wp\/v2\/posts\/29644\/revisions"}],"predecessor-version":[{"id":29646,"href":"https:\/\/akdenizolaygazetesi.com\/index.php?rest_route=\/wp\/v2\/posts\/29644\/revisions\/29646"}],"wp:featuredmedia":[{"embeddable":true,"href":"https:\/\/akdenizolaygazetesi.com\/index.php?rest_route=\/wp\/v2\/media\/29645"}],"wp:attachment":[{"href":"https:\/\/akdenizolaygazetesi.com\/index.php?rest_route=%2Fwp%2Fv2%2Fmedia&parent=29644"}],"wp:term":[{"taxonomy":"category","embeddable":true,"href":"https:\/\/akdenizolaygazetesi.com\/index.php?rest_route=%2Fwp%2Fv2%2Fcategories&post=29644"},{"taxonomy":"post_tag","embeddable":true,"href":"https:\/\/akdenizolaygazetesi.com\/index.php?rest_route=%2Fwp%2Fv2%2Ftags&post=29644"}],"curies":[{"name":"wp","href":"https:\/\/api.w.org\/{rel}","templated":true}]}}