{"id":2965,"date":"2020-11-04T18:23:27","date_gmt":"2020-11-04T15:23:27","guid":{"rendered":"http:\/\/mersinekonomipolitikagazetesi.com\/?p=2965"},"modified":"2020-11-04T18:23:27","modified_gmt":"2020-11-04T15:23:27","slug":"ureticinin-zeytinyagi-cilesi","status":"publish","type":"post","link":"https:\/\/akdenizolaygazetesi.com\/?p=2965","title":{"rendered":"\u00dcRET\u0130C\u0130N\u0130N ZEYT\u0130NYA\u011eI \u00c7\u0130LESI"},"content":{"rendered":"<p>Mersin\u2019in Mut il\u00e7esinde zeytin fiyatlar\u0131n\u0131n 8 liradan 3 liraya kadar d\u00fc\u015fmesinin ard\u0131ndan, zeytinya\u011f\u0131 fabrikalar\u0131nda yo\u011funluk ya\u015fan\u0131yor. Zeytini satamayan \u00fcreticiler zeytinya\u011f\u0131 \u00e7\u0131kartabilmek i\u00e7in ba\u015fka il\u00e7elere gitmek zorunda kal\u0131yor.<\/p>\n<p>Mersin\u2019in Mut il\u00e7esinde zeytin fiyatlar\u0131n\u0131n 8 liradan 3 liraya kadar d\u00fc\u015fmesinin ard\u0131ndan, zeytinya\u011f\u0131 fabrikalar\u0131nda yo\u011funluk ya\u015fan\u0131yor. Zeytini elinde kalan \u00fcreticiler zeytinya\u011f\u0131 \u00e7\u0131kartabilmek i\u00e7in ba\u015fka il\u00e7elere gitmek zorunda kal\u0131yor.\u00a0<br \/>\nMut\u2019ta zeytin hasad\u0131n\u0131n ba\u015flamas\u0131yla birlikte ge\u00e7en y\u0131l 8 liraya al\u0131c\u0131 bulan zeytinin fiyat\u0131 3 liraya kadar d\u00fc\u015fmesi sonucu il\u00e7ede bulunan 15 zeytinya\u011f\u0131 fabrikas\u0131 tam kapasite \u00e7al\u0131\u015farak g\u00fcnl\u00fck 200 tonun \u00fczerinde ya\u011f \u00fcretiyor.\u00a0<br \/>\nZeytinya\u011f\u0131 \u00fcretim tesislerinde \u00fcreticiye 15 ile 20 g\u00fcn sonras\u0131na s\u0131ra verilirken, \u015fu an yo\u011funluk sebebiyle s\u0131ra verilmesi de durduruldu. \u00dcreticiler ise \u00e7evre il\u00e7elere giderek zeytinlerini ya\u011fa d\u00f6n\u00fc\u015ft\u00fcr\u00fcyor.\u00a0<br \/>\nZeytin \u00fcreticisi Birol Ay, bu y\u0131l zeytin fiyatlar\u0131n\u0131n \u00e7ok d\u00fc\u015f\u00fck oldu\u011fu i\u00e7in \u00fcreticilerin zeytini ya\u011f \u00e7\u0131karmak i\u00e7in getirdiklerini belirterek, &#8220;Fakat fabrikalarda yo\u011funluk sebebiyle s\u0131ra da verilmiyor. 15\u201320 g\u00fcn sonras\u0131na s\u0131ra veriliyordu. \u015eimdi ise s\u0131ra veren fabrika yok. Buna yetkililerimizin bir el atmas\u0131n\u0131 istiyoruz\u201d dedi.\u00a0<br \/>\n\u0130l\u00e7ede bug\u00fcne kadar b\u00f6yle bir yo\u011funluk ya\u015fanmad\u0131\u011f\u0131n\u0131 s\u00f6yleyen zeytinya\u011f\u0131 fabrika sahipleri, \u201cZeytin \u00fcretimi her y\u0131l fazlas\u0131yla art\u0131yor. Ge\u00e7en y\u0131llar zeytin dal\u0131nda 8 liraya al\u0131c\u0131 bulurken bu y\u0131l ise 1 liraya ya\u011fl\u0131k ve en \u00fcst\u00fc ise 3 liraya kadar d\u00fc\u015fmesi \u00fcreticiyi ya\u011f \u00e7\u0131karmaya itti. \u00dcreticiler zeytini satmak yerine ya\u011f \u00e7\u0131karmak i\u00e7in kuyru\u011fa girdiler. Bu nedenle zeytinya\u011f\u0131 fabrikalar\u0131nda \u00e7ok b\u00fcy\u00fck yo\u011funluk ya\u015fanmakta. Yeni gelen m\u00fc\u015fterilere maalesef s\u0131ra veremiyoruz. Bu gidi\u015fle il\u00e7emizde zeytinya\u011f\u0131 rekoltesi artabilir. G\u00fcnde 15 fabrikadan toplam 200 tonun \u00fczerinde zeytinya\u011f\u0131 \u00fcretimi yap\u0131l\u0131yor\u201d dediler.\u00a0<\/p>\n","protected":false},"excerpt":{"rendered":"<p>Mersin\u2019in Mut il\u00e7esinde zeytin fiyatlar\u0131n\u0131n 8 liradan 3 liraya kadar d\u00fc\u015fmesinin ard\u0131ndan, zeytinya\u011f\u0131 fabrikalar\u0131nda yo\u011funluk ya\u015fan\u0131yor. Zeytini satamayan \u00fcreticiler zeytinya\u011f\u0131 \u00e7\u0131kartabilmek i\u00e7in ba\u015fka il\u00e7elere gitmek zorunda kal\u0131yor. Mersin\u2019in Mut il\u00e7esinde &hellip; <a href=\"https:\/\/akdenizolaygazetesi.com\/?p=2965\" class=\"more-link\">Devam\u0131n\u0131 Oku&#8230;<\/a><\/p>\n","protected":false},"author":1,"featured_media":0,"comment_status":"open","ping_status":"open","sticky":false,"template":"","format":"standard","meta":[],"categories":[],"tags":[],"_links":{"self":[{"href":"https:\/\/akdenizolaygazetesi.com\/index.php?rest_route=\/wp\/v2\/posts\/2965"}],"collection":[{"href":"https:\/\/akdenizolaygazetesi.com\/index.php?rest_route=\/wp\/v2\/posts"}],"about":[{"href":"https:\/\/akdenizolaygazetesi.com\/index.php?rest_route=\/wp\/v2\/types\/post"}],"author":[{"embeddable":true,"href":"https:\/\/akdenizolaygazetesi.com\/index.php?rest_route=\/wp\/v2\/users\/1"}],"replies":[{"embeddable":true,"href":"https:\/\/akdenizolaygazetesi.com\/index.php?rest_route=%2Fwp%2Fv2%2Fcomments&post=2965"}],"version-history":[{"count":0,"href":"https:\/\/akdenizolaygazetesi.com\/index.php?rest_route=\/wp\/v2\/posts\/2965\/revisions"}],"wp:attachment":[{"href":"https:\/\/akdenizolaygazetesi.com\/index.php?rest_route=%2Fwp%2Fv2%2Fmedia&parent=2965"}],"wp:term":[{"taxonomy":"category","embeddable":true,"href":"https:\/\/akdenizolaygazetesi.com\/index.php?rest_route=%2Fwp%2Fv2%2Fcategories&post=2965"},{"taxonomy":"post_tag","embeddable":true,"href":"https:\/\/akdenizolaygazetesi.com\/index.php?rest_route=%2Fwp%2Fv2%2Ftags&post=2965"}],"curies":[{"name":"wp","href":"https:\/\/api.w.org\/{rel}","templated":true}]}}