{"id":29657,"date":"2024-02-05T12:30:56","date_gmt":"2024-02-05T09:30:56","guid":{"rendered":"http:\/\/akdenizolaygazetesi.com\/?p=29657"},"modified":"2024-02-05T12:30:56","modified_gmt":"2024-02-05T09:30:56","slug":"yeni-donemde-de-hizmet-proje-ve-yatirimlar-araliksiz-devam-edecek","status":"publish","type":"post","link":"https:\/\/akdenizolaygazetesi.com\/?p=29657","title":{"rendered":"\u201cYeni d\u00f6nemde de hizmet, proje ve yat\u0131r\u0131mlar aral\u0131ks\u0131z devam edecek\u201d"},"content":{"rendered":"<p>Akdeniz Belediye Ba\u015fkan\u0131 M. Mustafa G\u00fcltak, mahalle ve esnaf gezileri kapsam\u0131nda \u00c7ay ve \u00c7ilek mahallerinde vatanda\u015flarla bulu\u015ftu. G\u00fcn i\u00e7inde G\u00fcne\u015f Mahallesi\u2019ne kurulan pazaryerini de gezen Ba\u015fkan G\u00fcltak, 31 Mart yerel se\u00e7imleri i\u00e7in vatanda\u015flardan, Cumhur \u0130ttifak\u0131 adaylar\u0131na destek istedi.<br \/>\nAK Parti Akdeniz il\u00e7e Ba\u015fkanl\u0131\u011f\u0131 y\u00f6neticileri, ba\u015fkan yard\u0131mc\u0131lar\u0131, birim m\u00fcd\u00fcrleri ile muhtarlar\u0131n kat\u0131ld\u0131\u011f\u0131 ziyaretlerde her ya\u015ftan vatanda\u015f\u0131n yo\u011fun ilgi ve sevgisi ile kar\u015f\u0131la\u015fan Ba\u015fkan Mustafa G\u00fcltak, \u00e7ocuklara da \u00e7e\u015fitli hediyeler verdi. Pazaryerini de gezen G\u00fcltak, vatanda\u015flar ve esnafla sohbet etti, gen\u00e7lerin \u00f6z\u00e7ekim isteklerini k\u0131rmad\u0131. Pazarda gezen kad\u0131nlara al\u0131\u015fveri\u015f torbas\u0131 da\u011f\u0131tan Ba\u015fkan G\u00fcltak, k\u00fc\u00e7\u00fck \u00e7ocuklara da m\u0131s\u0131r ikram etti, oyuncaklar hediye etti.<br \/>\n\u201cYeni d\u00f6nemde de hizmet, proje ve yat\u0131r\u0131mlar aral\u0131ks\u0131z devam edecek\u201d<br \/>\n\u00d6nlerinde bir yerel se\u00e7im oldu\u011funu hat\u0131rlatan Ba\u015fkan G\u00fcltak; \u201cBiz g\u00f6reve geldi\u011fimiz ilk g\u00fcnden beri her kesime, her mahalleye, her insana dokunduk, dokunmaya devam ediyoruz. Biz hizmet i\u00e7in geldik, hizmetlerimizi de bir bir yapt\u0131k. \u00d6zellikle \u2018kad\u0131nlar ve gen\u00e7ler\u2019 dedik. K\u00fclt\u00fcr ve sanat evlerimizle, gezilerle, kurs merkezleriyle, spor merkezleriyle 7\u2019den 70\u2019e herkese ula\u015ft\u0131k. Gen\u00e7lerimizin hayalini kurduklar\u0131 \u00fcniversiteleri kazanmalar\u0131 i\u00e7in Akdeniz\u2019de ilk kez et\u00fct merkezini hizmete a\u00e7t\u0131k.<br \/>\nLise giri\u015f s\u0131nav\u0131na girecek ortaokul mezunu \u00e7ocuklar\u0131m\u0131z i\u00e7in internet \u00fczerinden s\u0131nava haz\u0131rlanabilecekleri bir portal olu\u015fturduk. Hizmetlerin yan\u0131 s\u0131ra, Akdeniz\u2019de yapt\u0131\u011f\u0131m\u0131z en \u00f6nemli \u00e7al\u0131\u015fma huzuru, bar\u0131\u015f\u0131 ve karde\u015fli\u011fi yeniden getirmemiz oldu. Akdeniz\u2019de art\u0131k hi\u00e7bir insan\u0131m\u0131z etnik k\u00f6keninden dolay\u0131 ayr\u0131\u015ft\u0131r\u0131lm\u0131yor, \u00f6tekile\u015ftirilmiyor. \u0130n\u015fallah \u00f6n\u00fcm\u00fczdeki yerel se\u00e7imlerde de vatanda\u015flar\u0131m\u0131z\u0131n bize verece\u011fi destekle hizmet ve projeler, karde\u015flik, bar\u0131\u015f ve huzur ortam\u0131 kesintisiz devam edecek\u201d diye konu\u015ftu.<\/p>\n","protected":false},"excerpt":{"rendered":"<p>Akdeniz Belediye Ba\u015fkan\u0131 M. Mustafa G\u00fcltak, mahalle ve esnaf gezileri kapsam\u0131nda \u00c7ay ve \u00c7ilek mahallerinde vatanda\u015flarla bulu\u015ftu. G\u00fcn i\u00e7inde G\u00fcne\u015f Mahallesi\u2019ne kurulan pazaryerini de gezen Ba\u015fkan G\u00fcltak, 31 Mart yerel &hellip; <a href=\"https:\/\/akdenizolaygazetesi.com\/?p=29657\" class=\"more-link\">Devam\u0131n\u0131 Oku&#8230;<\/a><\/p>\n","protected":false},"author":2,"featured_media":29658,"comment_status":"open","ping_status":"open","sticky":false,"template":"","format":"standard","meta":[],"categories":[2,3],"tags":[],"_links":{"self":[{"href":"https:\/\/akdenizolaygazetesi.com\/index.php?rest_route=\/wp\/v2\/posts\/29657"}],"collection":[{"href":"https:\/\/akdenizolaygazetesi.com\/index.php?rest_route=\/wp\/v2\/posts"}],"about":[{"href":"https:\/\/akdenizolaygazetesi.com\/index.php?rest_route=\/wp\/v2\/types\/post"}],"author":[{"embeddable":true,"href":"https:\/\/akdenizolaygazetesi.com\/index.php?rest_route=\/wp\/v2\/users\/2"}],"replies":[{"embeddable":true,"href":"https:\/\/akdenizolaygazetesi.com\/index.php?rest_route=%2Fwp%2Fv2%2Fcomments&post=29657"}],"version-history":[{"count":1,"href":"https:\/\/akdenizolaygazetesi.com\/index.php?rest_route=\/wp\/v2\/posts\/29657\/revisions"}],"predecessor-version":[{"id":29659,"href":"https:\/\/akdenizolaygazetesi.com\/index.php?rest_route=\/wp\/v2\/posts\/29657\/revisions\/29659"}],"wp:featuredmedia":[{"embeddable":true,"href":"https:\/\/akdenizolaygazetesi.com\/index.php?rest_route=\/wp\/v2\/media\/29658"}],"wp:attachment":[{"href":"https:\/\/akdenizolaygazetesi.com\/index.php?rest_route=%2Fwp%2Fv2%2Fmedia&parent=29657"}],"wp:term":[{"taxonomy":"category","embeddable":true,"href":"https:\/\/akdenizolaygazetesi.com\/index.php?rest_route=%2Fwp%2Fv2%2Fcategories&post=29657"},{"taxonomy":"post_tag","embeddable":true,"href":"https:\/\/akdenizolaygazetesi.com\/index.php?rest_route=%2Fwp%2Fv2%2Ftags&post=29657"}],"curies":[{"name":"wp","href":"https:\/\/api.w.org\/{rel}","templated":true}]}}