{"id":29667,"date":"2024-02-06T12:38:52","date_gmt":"2024-02-06T09:38:52","guid":{"rendered":"http:\/\/akdenizolaygazetesi.com\/?p=29667"},"modified":"2024-02-06T12:38:52","modified_gmt":"2024-02-06T09:38:52","slug":"baskan-abdullah-ozyigit-hatayda-duzenlenen-sessiz-yuruyuse-katildi","status":"publish","type":"post","link":"https:\/\/akdenizolaygazetesi.com\/?p=29667","title":{"rendered":"Ba\u015fkan Abdullah \u00d6zyi\u011fit, Hatay\u2019da d\u00fczenlenen \u201cSessiz Y\u00fcr\u00fcy\u00fc\u015f\u201de kat\u0131ld\u0131"},"content":{"rendered":"<p>Mersin Yeni\u015fehir Belediye Ba\u015fkan\u0131 Abdullah \u00d6zyi\u011fit, 6 \u015eubat\u2019ta meydana gelen depremlerin y\u0131l d\u00f6n\u00fcm\u00fc nedeniyle Cumhuriyet Halk Partisi(CHP) Genel Ba\u015fkan\u0131 \u00d6zg\u00fcr \u00d6zel ile birlikte Hatay\u2019a giderek, d\u00fczenlenen \u201cSessiz Y\u00fcr\u00fcy\u00fc\u015f\u201de kat\u0131ld\u0131.<br \/>\nKahramanmara\u015f merkezli deprem felaketinin y\u0131l d\u00f6n\u00fcm\u00fcnde ya\u015fam\u0131n\u0131 yitiren binlerce yurtta\u015f i\u00e7in anma program\u0131 d\u00fczenlendi. Depremlerden en fazla etkilenen illerin ba\u015f\u0131nda gelen Hatay&#8217;da da hayat\u0131n\u0131 kaybedenler an\u0131ld\u0131. Mersin Yeni\u015fehir Belediye Ba\u015fkan\u0131 Abdullah \u00d6zyi\u011fit de Cumhuriyet Halk Partisi(CHP) Genel Ba\u015fkan\u0131 \u00d6zg\u00fcr \u00d6zel ile birlikte Hatay\u2019a giderek, d\u00fczenlenen anma program\u0131na kat\u0131ld\u0131.<br \/>\n\u201cAc\u0131m\u0131z\u0131 ve a\u015f\u0131m\u0131z\u0131 payla\u015fmaya devam edecek, yaralar\u0131 birlikte saraca\u011f\u0131z.\u201d<br \/>\nAntakya K\u00f6pr\u00fcba\u015f\u0131 mevkiinde binlerce vatanda\u015fla \u201cSessiz Y\u00fcr\u00fcy\u00fc\u015f\u201de kat\u0131lan Ba\u015fkan Abdullah \u00d6zyi\u011fit, sosyal medya hesaplar\u0131ndan yapt\u0131\u011f\u0131 payla\u015f\u0131mda \u015fu ifadeleri kulland\u0131: \u201cHatay&#8217;day\u0131z, karde\u015flerimizin yan\u0131nda. Ac\u0131m\u0131z\u0131 ve a\u015f\u0131m\u0131z\u0131 payla\u015fmaya devam edecek, yaralar\u0131 birlikte saraca\u011f\u0131z. Ya\u015fam\u0131n\u0131 yitiren canlar\u0131m\u0131z\u0131 rahmetle an\u0131yoruz.\u201d <\/p>\n","protected":false},"excerpt":{"rendered":"<p>Mersin Yeni\u015fehir Belediye Ba\u015fkan\u0131 Abdullah \u00d6zyi\u011fit, 6 \u015eubat\u2019ta meydana gelen depremlerin y\u0131l d\u00f6n\u00fcm\u00fc nedeniyle Cumhuriyet Halk Partisi(CHP) Genel Ba\u015fkan\u0131 \u00d6zg\u00fcr \u00d6zel ile birlikte Hatay\u2019a giderek, d\u00fczenlenen \u201cSessiz Y\u00fcr\u00fcy\u00fc\u015f\u201de kat\u0131ld\u0131. Kahramanmara\u015f &hellip; <a href=\"https:\/\/akdenizolaygazetesi.com\/?p=29667\" class=\"more-link\">Devam\u0131n\u0131 Oku&#8230;<\/a><\/p>\n","protected":false},"author":2,"featured_media":29668,"comment_status":"open","ping_status":"open","sticky":false,"template":"","format":"standard","meta":[],"categories":[3],"tags":[],"_links":{"self":[{"href":"https:\/\/akdenizolaygazetesi.com\/index.php?rest_route=\/wp\/v2\/posts\/29667"}],"collection":[{"href":"https:\/\/akdenizolaygazetesi.com\/index.php?rest_route=\/wp\/v2\/posts"}],"about":[{"href":"https:\/\/akdenizolaygazetesi.com\/index.php?rest_route=\/wp\/v2\/types\/post"}],"author":[{"embeddable":true,"href":"https:\/\/akdenizolaygazetesi.com\/index.php?rest_route=\/wp\/v2\/users\/2"}],"replies":[{"embeddable":true,"href":"https:\/\/akdenizolaygazetesi.com\/index.php?rest_route=%2Fwp%2Fv2%2Fcomments&post=29667"}],"version-history":[{"count":1,"href":"https:\/\/akdenizolaygazetesi.com\/index.php?rest_route=\/wp\/v2\/posts\/29667\/revisions"}],"predecessor-version":[{"id":29669,"href":"https:\/\/akdenizolaygazetesi.com\/index.php?rest_route=\/wp\/v2\/posts\/29667\/revisions\/29669"}],"wp:featuredmedia":[{"embeddable":true,"href":"https:\/\/akdenizolaygazetesi.com\/index.php?rest_route=\/wp\/v2\/media\/29668"}],"wp:attachment":[{"href":"https:\/\/akdenizolaygazetesi.com\/index.php?rest_route=%2Fwp%2Fv2%2Fmedia&parent=29667"}],"wp:term":[{"taxonomy":"category","embeddable":true,"href":"https:\/\/akdenizolaygazetesi.com\/index.php?rest_route=%2Fwp%2Fv2%2Fcategories&post=29667"},{"taxonomy":"post_tag","embeddable":true,"href":"https:\/\/akdenizolaygazetesi.com\/index.php?rest_route=%2Fwp%2Fv2%2Ftags&post=29667"}],"curies":[{"name":"wp","href":"https:\/\/api.w.org\/{rel}","templated":true}]}}