{"id":29701,"date":"2024-02-09T12:43:30","date_gmt":"2024-02-09T09:43:30","guid":{"rendered":"http:\/\/akdenizolaygazetesi.com\/?p=29701"},"modified":"2024-02-09T12:43:30","modified_gmt":"2024-02-09T09:43:30","slug":"%e2%80%8bdevlet-tesvikleri-tanitim-gunlerinde-bizde-vardik","status":"publish","type":"post","link":"https:\/\/akdenizolaygazetesi.com\/?p=29701","title":{"rendered":"\u200bDevlet Te\u015fvikleri Tan\u0131t\u0131m G\u00fcnlerinde Biz&#8217;de Vard\u0131k"},"content":{"rendered":"<p>Say\u0131n Cumhurba\u015fkan\u0131m\u0131z\u0131n talimatlar\u0131yla, Cumhurba\u015fkanl\u0131\u011f\u0131 \u0130leti\u015fim Ba\u015fkanl\u0131\u011f\u0131n\u0131n koordinesinde \u00fclkemizin y\u00fcz\u00fcnc\u00fc y\u0131l hedefleri kapsam\u0131nda Millet ve Devlet aras\u0131ndaki ileti\u015fimi g\u00fc\u00e7lendirmek, Devletin b\u00fct\u00fcn yetkili kurumlar\u0131 taraf\u0131ndan gen\u00e7lerimiz ba\u015fta olmak \u00fczere vatanda\u015flar\u0131m\u0131za sunulan kamu hizmetlerini do\u011fru bir \u015fekilde kamuoyuna anlatmak amac\u0131yla 2021 y\u0131l\u0131ndan ba\u015flayarak 2023 y\u0131l\u0131 sonuna kadar 16 ilde &#8220;Devlet Te\u015fvikleri Tan\u0131t\u0131m G\u00fcnleri&#8221; (Fuar) d\u00fczenlenmi\u015ftir.<\/p>\n<p>08-09 \u015eubat 2024 tarihlerinde CNR Expo Fuar Alan\u0131nda ger\u00e7ekle\u015ftirilen &#8220;Devlet Te\u015fvikleri Tan\u0131t\u0131m G\u00fcnleri&#8221; kapsam\u0131nda, Tar\u0131m ve Orman Bakanl\u0131\u011f\u0131na ba\u011fl\u0131 birimlerin oldu\u011fu stantta Mersin Orman B\u00f6lge M\u00fcd\u00fcrl\u00fc\u011f\u00fc olarak \u201cOrman Yang\u0131nlar\u0131 G\u00f6n\u00fcll\u00fcl\u00fc\u011f\u00fc, ORK\u00d6Y Kredileri, \u00d6zel A\u011fa\u00e7land\u0131rma, Ekosistem \u00dcr\u00fcn ve Hizmetleri&#8221; konular\u0131nda fuara gelen ziyaret\u00e7ilere g\u00f6rsel materyaller e\u015fli\u011finde tan\u0131t\u0131m ve bilgilendirme yap\u0131ld\u0131.<br \/>\nFuarda Mersin Valisi Say\u0131n Ali Hamza Pehlivan, Mersin Orman B\u00f6lge M\u00fcd\u00fcr\u00fc Mustafa Yal\u00e7\u0131n\u2019dan stant ile ilgili bilgiler ald\u0131. Etkinlikte vatanda\u015f ve \u00f6\u011frencilerle sohbet edilerek fidan ve bro\u015f\u00fcr da\u011f\u0131t\u0131m\u0131 ger\u00e7ekle\u015ftirildi. <\/p>\n","protected":false},"excerpt":{"rendered":"<p>Say\u0131n Cumhurba\u015fkan\u0131m\u0131z\u0131n talimatlar\u0131yla, Cumhurba\u015fkanl\u0131\u011f\u0131 \u0130leti\u015fim Ba\u015fkanl\u0131\u011f\u0131n\u0131n koordinesinde \u00fclkemizin y\u00fcz\u00fcnc\u00fc y\u0131l hedefleri kapsam\u0131nda Millet ve Devlet aras\u0131ndaki ileti\u015fimi g\u00fc\u00e7lendirmek, Devletin b\u00fct\u00fcn yetkili kurumlar\u0131 taraf\u0131ndan gen\u00e7lerimiz ba\u015fta olmak \u00fczere vatanda\u015flar\u0131m\u0131za sunulan kamu &hellip; <a href=\"https:\/\/akdenizolaygazetesi.com\/?p=29701\" class=\"more-link\">Devam\u0131n\u0131 Oku&#8230;<\/a><\/p>\n","protected":false},"author":2,"featured_media":29702,"comment_status":"open","ping_status":"open","sticky":false,"template":"","format":"standard","meta":[],"categories":[3],"tags":[],"_links":{"self":[{"href":"https:\/\/akdenizolaygazetesi.com\/index.php?rest_route=\/wp\/v2\/posts\/29701"}],"collection":[{"href":"https:\/\/akdenizolaygazetesi.com\/index.php?rest_route=\/wp\/v2\/posts"}],"about":[{"href":"https:\/\/akdenizolaygazetesi.com\/index.php?rest_route=\/wp\/v2\/types\/post"}],"author":[{"embeddable":true,"href":"https:\/\/akdenizolaygazetesi.com\/index.php?rest_route=\/wp\/v2\/users\/2"}],"replies":[{"embeddable":true,"href":"https:\/\/akdenizolaygazetesi.com\/index.php?rest_route=%2Fwp%2Fv2%2Fcomments&post=29701"}],"version-history":[{"count":1,"href":"https:\/\/akdenizolaygazetesi.com\/index.php?rest_route=\/wp\/v2\/posts\/29701\/revisions"}],"predecessor-version":[{"id":29703,"href":"https:\/\/akdenizolaygazetesi.com\/index.php?rest_route=\/wp\/v2\/posts\/29701\/revisions\/29703"}],"wp:featuredmedia":[{"embeddable":true,"href":"https:\/\/akdenizolaygazetesi.com\/index.php?rest_route=\/wp\/v2\/media\/29702"}],"wp:attachment":[{"href":"https:\/\/akdenizolaygazetesi.com\/index.php?rest_route=%2Fwp%2Fv2%2Fmedia&parent=29701"}],"wp:term":[{"taxonomy":"category","embeddable":true,"href":"https:\/\/akdenizolaygazetesi.com\/index.php?rest_route=%2Fwp%2Fv2%2Fcategories&post=29701"},{"taxonomy":"post_tag","embeddable":true,"href":"https:\/\/akdenizolaygazetesi.com\/index.php?rest_route=%2Fwp%2Fv2%2Ftags&post=29701"}],"curies":[{"name":"wp","href":"https:\/\/api.w.org\/{rel}","templated":true}]}}