{"id":29707,"date":"2024-02-09T12:48:33","date_gmt":"2024-02-09T09:48:33","guid":{"rendered":"http:\/\/akdenizolaygazetesi.com\/?p=29707"},"modified":"2024-02-09T12:48:33","modified_gmt":"2024-02-09T09:48:33","slug":"yenisehire-hareketlilik-kazandirdik","status":"publish","type":"post","link":"https:\/\/akdenizolaygazetesi.com\/?p=29707","title":{"rendered":"\u201cYeni\u015fehir\u2019e hareketlilik kazand\u0131rd\u0131k\u201d"},"content":{"rendered":"<p>Mersin Yeni\u015fehir Belediye Ba\u015fkan\u0131 Abdullah \u00d6zyi\u011fit, 5 y\u0131ll\u0131k hizmet s\u00fcrecini de\u011ferlendirmek ve gelecek d\u00f6nem i\u00e7in g\u00f6r\u00fc\u015f al\u0131\u015fveri\u015finde bulunmak amac\u0131yla sivil toplum kurulu\u015flar\u0131yla bulu\u015fmalar\u0131na devam ediyor.<br \/>\nT\u00fcrk M\u00fchendis ve Mimar Odalar\u0131 Birli\u011fi(TMMOB) Mersin \u0130l Koordinasyon Kurulunu ziyaret ederek, TMMOB\u2019a ba\u011fl\u0131 odalar\u0131n ba\u015fkan ve temsilcileriyle bir araya gelen Yeni\u015fehir Belediye Ba\u015fkan\u0131 Abdullah \u00d6zyi\u011fit, sivil toplum kurulu\u015flar\u0131n\u0131 ve kanaat \u00f6nderlerini de a\u011f\u0131rlad\u0131. Bulu\u015fmalar\u0131nda Yeni\u015fehir Belediyesi olarak 2019 y\u0131l\u0131ndan bu yana hayata ge\u00e7irdikleri \u00e7al\u0131\u015fmalar\u0131 payla\u015fan Ba\u015fkan \u00d6zyi\u011fit, yeni d\u00f6nem i\u00e7in kent payda\u015flar\u0131n\u0131n g\u00f6r\u00fc\u015f ve \u00f6nerileri de al\u0131yor.<br \/>\nY\u00f6netim anlay\u0131\u015flar\u0131n\u0131 Hareket, E\u011fitim, Hem\u015fehrilik, Dayan\u0131\u015fma, Kentle\u015fme ve Ekoloji ilkeleri \u00fczerine kurduklar\u0131n\u0131 ve \u00e7al\u0131\u015fmalar\u0131n\u0131 bu ilkeler do\u011frultusunda yapt\u0131klar\u0131n\u0131 ifade eden Ba\u015fkan \u00d6zyi\u011fit, Klasik belediyecilik hizmetlerini asla proje olarak de\u011ferlendirmediklerini, \u00e7ocuklar\u0131n e\u011fitimine, s\u00fcrd\u00fcr\u00fclebilir bir \u00e7evreye ve dayan\u0131\u015fmaya \u00f6nem verdiklerini s\u00f6yledi.<br \/>\n\u201cYeni\u015fehir\u2019e hareketlilik kazand\u0131rd\u0131k\u201d<br \/>\nK\u00fclt\u00fcr, sanat ve spor gibi ya\u015fam\u0131n her alan\u0131nda kentte hareketlilik sa\u011flamak ve bunun yan\u0131 s\u0131ra vatanda\u015flar\u0131 sa\u011fl\u0131kl\u0131 hareketlili\u011fe te\u015fvik etmek amac\u0131yla Hareket ilkeleri kapsam\u0131nda yapt\u0131klar\u0131 \u00e7al\u0131\u015fmalar\u0131 payla\u015fan Ba\u015fkan Abdullah \u00d6zyi\u011fit, \u201c7\u2019den 77\u2019ye her vatanda\u015f\u0131m\u0131za k\u00fclt\u00fcr ve sanat e\u011fitimleri vermek amac\u0131yla Yeni\u015fehir Belediyesi Ki\u015fisel Geli\u015fim Merkezi(K\u0130GEM)\u2019mizi kurduk, 6 bin 500 hem\u015fehrimize 21 farkl\u0131 bran\u015fta e\u011fitim verdik.  Mersin\u2019e yeni bir uluslararas\u0131 spor organizasyonu kazand\u0131rd\u0131k. \u0130lk kez 2019 y\u0131l\u0131nda Yeni\u015fehir Triatlonu\u2019nu d\u00fczenledik ve daha sonra Avrupa Triatlon Kupas\u0131 ve Avrupa Triatlon Gen\u00e7ler Kupas\u0131\u2019na 2022 ve 2023 y\u0131llar\u0131nda kentimizde ev sahipli\u011fi yapt\u0131k. 20-21 Nisan tarihlerinde D\u00fcnya Paratriatlon yar\u0131\u015flar\u0131 Yeni\u015fehir\u2019de d\u00fczenlenecek.  \u00c7BK Mersin kad\u0131n basketbol tak\u0131m\u0131m\u0131zla Avrupa\u2019n\u0131n en b\u00fcy\u00fck kupas\u0131 EuroLeague Women\u2019da ikinci olduk,  Cumhurba\u015fkanl\u0131\u011f\u0131 Kupas\u0131\u2019n\u0131 Yeni\u015fehir\u2019e kazand\u0131rd\u0131k. Tak\u0131m\u0131m\u0131z EuroLeague Women\u2019da \u00e7eyrek finale kalarak, yine b\u00fcy\u00fck bir ba\u015far\u0131ya imza att\u0131. Kurdu\u011fumuz Yeni\u015fehir Belediyesi Spor Kul\u00fcb\u00fcm\u00fcz b\u00fcnyesinde 7 bin 500 \u00e7ocu\u011fumuza 7 farkl\u0131 bran\u015fta spor e\u011fitimi verdik. D\u00fczenledi\u011fimiz spor turnuvalar\u0131 ve sanat yar\u0131\u015fmalar\u0131yla Yeni\u015fehir&#8217;in sporcu ve yetenekli gen\u00e7lerini bir araya getirdik. \u2018\u00c7ay Saatinde Tenis \u00d6\u011frenmeye Ne Dersiniz?\u2019 slogan\u0131yla kad\u0131nlara y\u00f6nelik \u00fccretsiz tenis kurslar\u0131 d\u00fczenledik.   Ulusal ve uluslararas\u0131 sergilere ev sahipli\u011fi yapabilecek standartlarda iki sanat galerisini kentimize kazand\u0131rd\u0131k, Mersin\u2019e k\u00fclt\u00fcr ve sanat alan\u0131nda yeni bir soluk kazand\u0131rd\u0131k. 19 sergi a\u00e7arak, 15 bin sanatseveri a\u011f\u0131rlad\u0131k.\u201d dedi.<br \/>\n\u201cSe\u00e7imler i\u00e7in de\u011fil gelecek nesiller i\u00e7in \u00e7al\u0131\u015ft\u0131k\u201d<br \/>\nErken \u00c7ocukluk Geli\u015fimi Projesi ile T\u00fcrkiye\u2019de bir ilke imza att\u0131klar\u0131n\u0131 ve bu projenin \u00e7ocuklar i\u00e7in hayati \u00f6nem ta\u015f\u0131d\u0131\u011f\u0131na dikkat \u00e7eken Ba\u015fkan Abdullah \u00d6zyi\u011fit, \u201c \u00c7ocuklar\u0131m\u0131z\u0131n sa\u011fl\u0131kl\u0131 geli\u015fimlerini desteklemek ve ebeveynleri e\u011fitmek amac\u0131yla 2019 y\u0131l\u0131nda hayata ge\u00e7irdi\u011fimiz Erken \u00c7ocukluk Geli\u015fimi Projesi Yeni\u015fehir Modeli ile T\u00fcrkiye\u2019de bir ilke imza att\u0131k. 0-3 ya\u015f aras\u0131nda \u00e7ocuklar\u0131 olan ebeveynlere \u00fccretsiz ve sertifikal\u0131 e\u011fitim veren T\u00fcrkiye\u2019deki ilk kurum olduk. 246 aile e\u011fitimlerini tamamlad\u0131. Kurdu\u011fumuz Yeni\u015fehir Belediyesi Akademide klinik psikolog e\u015fli\u011finde yapt\u0131\u011f\u0131m\u0131z \u00fccretsiz 0-6 Ya\u015f Geli\u015fim De\u011ferlendirme uygulamalar\u0131 ile \u00e7ocuklardaki geli\u015fimsel problemlerin erken d\u00f6nemde tespit edilmesini sa\u011flad\u0131k. 2 bin 776 \u00e7ocuk bu testlere tabi tutuldu.  \u00c7ocuklar\u0131m\u0131za fen, teknoloji, m\u00fchendislik ve matematik e\u011fitimlerinden olu\u015fan STEM e\u011fitim modelini uygulad\u0131k, robotik kodlama, satran\u00e7 ve dil e\u011fitimleriyle geli\u015fimlerine katk\u0131da bulunduk. Bebeklerini emzirmekte g\u00fc\u00e7l\u00fck \u00e7eken anneleri uzman hem\u015firelerimizle evlerinde ziyaret ederek, destek verdik. Bin 28 anneye bug\u00fcne kadar destek verdik. \u00c7ocuklar\u0131m\u0131za zenginle\u015ftirilmi\u015f ve bireysel bir e\u011fitim program\u0131 uygulad\u0131\u011f\u0131m\u0131z 240 \u00f6\u011frenci kapasiteli iki Beceri Temelli E\u011fitim Merkezi(BETEM) in\u015fa ederek, hizmete a\u00e7t\u0131k. 0-3 ya\u015f aras\u0131 \u00e7ocuklar\u0131n dil-bili\u015fsel ve kavramsal geli\u015fimlerine katk\u0131 sa\u011flamak amac\u0131yla Bebek K\u00fct\u00fcphanesi a\u00e7an T\u00fcrkiye\u2019deki ilk belediye olduk.\u201d diye konu\u015ftu.<br \/>\n\u201cMersin\u2019in en b\u00fcy\u00fck k\u00fct\u00fcphanesinin temelini k\u0131sa s\u00fcrede ataca\u011f\u0131z\u201d<br \/>\nBebek K\u00fct\u00fcphanesi ile birlikte \u00dclk\u00fc Ongun K\u00fct\u00fcphanesi ve Nuri Ulusu K\u00fct\u00fcphanesi\u2019ni hizmete a\u00e7t\u0131klar\u0131n\u0131 kaydeden Ba\u015fkan Abdullah \u00d6zyi\u011fit, k\u0131sa s\u00fcre i\u00e7erisinde Mersin\u2019in en b\u00fcy\u00fck k\u00fct\u00fcphanesinin temelini atacaklar\u0131n\u0131 belirtti. \u00d6\u011frencilere e\u011fitim ve kurs destekleri verdiklerini s\u00f6yleyen \u00d6zyi\u011fit \u015funlar\u0131 dile getirdi: \u201cEngelli bireyler dahil 7\u2019den 70\u2019e herkesin yararlanabilece\u011fi \u00dclk\u00fc Ongun K\u00fct\u00fcphanesi\u2019nin hizmete a\u00e7t\u0131k. Mustafa Kemal Atat\u00fcrk&#8217;\u00fcn k\u00fct\u00fcphanecisi Nuri Ulusu&#8217;nun ad\u0131n\u0131 verdi\u011fimiz k\u00fct\u00fcphaneyi Mente\u015f Mahallemizde hizmete a\u00e7t\u0131k. K\u0131sa s\u00fcre i\u00e7erisinde Mersin\u2019in en b\u00fcy\u00fck k\u00fct\u00fcphanesinin temelini E\u011fri\u00e7am Mahallemizde ataca\u011f\u0131z. Kentimize \u015fimdiden hay\u0131rl\u0131 olmas\u0131n\u0131 diliyorum.  72 adet 4 ki\u015filik ve 30 adet tek ki\u015filik olmak \u00fczere toplamda 102 odadan olu\u015fan 318 ki\u015fi kapasiteli yurdumuzun yap\u0131m\u0131n\u0131 tamamlayarak, 2021 y\u0131l\u0131nda \u00fcniversiteli \u00f6\u011frencilerimizin hizmetine a\u00e7t\u0131k. 2021 y\u0131l\u0131nda yap\u0131m\u0131n\u0131 tamamlad\u0131\u011f\u0131m\u0131z Yeni\u015fehir Belediyesi Aktif Ya\u015fam Merkezimizi \u00fcniversiteli \u00f6\u011frencilerimizin bar\u0131nma sorununu \u00e7\u00f6zmek amac\u0131yla bir hafta i\u00e7erisinde haz\u0131rlayarak, konforlu bir misafirhaneye d\u00f6n\u00fc\u015ft\u00fcrd\u00fck. Yeni\u015fehirli gen\u00e7lerin e\u011fitimine destek vermek amac\u0131yla lisans ve \u00f6n lisans \u00f6\u011frencilerine nakdi e\u011fitim yard\u0131m\u0131nda bulunduk.  Bug\u00fcne kadar Yeni\u015fehirli 4 bin 165 \u00fcniversiteliye 10 milyon 558 bin TL nakdi destek verdik. \u00c7ocuklar\u0131m\u0131z\u0131n ve gen\u00e7lerimizin e\u011fitimlerini desteklemek amac\u0131yla her y\u0131l YKS, LGS, KPSS ve yabanc\u0131 dil kurslar\u0131 d\u00fczenledik.\u201d<\/p>\n","protected":false},"excerpt":{"rendered":"<p>Mersin Yeni\u015fehir Belediye Ba\u015fkan\u0131 Abdullah \u00d6zyi\u011fit, 5 y\u0131ll\u0131k hizmet s\u00fcrecini de\u011ferlendirmek ve gelecek d\u00f6nem i\u00e7in g\u00f6r\u00fc\u015f al\u0131\u015fveri\u015finde bulunmak amac\u0131yla sivil toplum kurulu\u015flar\u0131yla bulu\u015fmalar\u0131na devam ediyor. T\u00fcrk M\u00fchendis ve Mimar Odalar\u0131 &hellip; <a href=\"https:\/\/akdenizolaygazetesi.com\/?p=29707\" class=\"more-link\">Devam\u0131n\u0131 Oku&#8230;<\/a><\/p>\n","protected":false},"author":2,"featured_media":29708,"comment_status":"open","ping_status":"open","sticky":false,"template":"","format":"standard","meta":[],"categories":[8,34,1,2,3,5],"tags":[],"_links":{"self":[{"href":"https:\/\/akdenizolaygazetesi.com\/index.php?rest_route=\/wp\/v2\/posts\/29707"}],"collection":[{"href":"https:\/\/akdenizolaygazetesi.com\/index.php?rest_route=\/wp\/v2\/posts"}],"about":[{"href":"https:\/\/akdenizolaygazetesi.com\/index.php?rest_route=\/wp\/v2\/types\/post"}],"author":[{"embeddable":true,"href":"https:\/\/akdenizolaygazetesi.com\/index.php?rest_route=\/wp\/v2\/users\/2"}],"replies":[{"embeddable":true,"href":"https:\/\/akdenizolaygazetesi.com\/index.php?rest_route=%2Fwp%2Fv2%2Fcomments&post=29707"}],"version-history":[{"count":1,"href":"https:\/\/akdenizolaygazetesi.com\/index.php?rest_route=\/wp\/v2\/posts\/29707\/revisions"}],"predecessor-version":[{"id":29709,"href":"https:\/\/akdenizolaygazetesi.com\/index.php?rest_route=\/wp\/v2\/posts\/29707\/revisions\/29709"}],"wp:featuredmedia":[{"embeddable":true,"href":"https:\/\/akdenizolaygazetesi.com\/index.php?rest_route=\/wp\/v2\/media\/29708"}],"wp:attachment":[{"href":"https:\/\/akdenizolaygazetesi.com\/index.php?rest_route=%2Fwp%2Fv2%2Fmedia&parent=29707"}],"wp:term":[{"taxonomy":"category","embeddable":true,"href":"https:\/\/akdenizolaygazetesi.com\/index.php?rest_route=%2Fwp%2Fv2%2Fcategories&post=29707"},{"taxonomy":"post_tag","embeddable":true,"href":"https:\/\/akdenizolaygazetesi.com\/index.php?rest_route=%2Fwp%2Fv2%2Ftags&post=29707"}],"curies":[{"name":"wp","href":"https:\/\/api.w.org\/{rel}","templated":true}]}}