{"id":29710,"date":"2024-02-09T12:51:29","date_gmt":"2024-02-09T09:51:29","guid":{"rendered":"http:\/\/akdenizolaygazetesi.com\/?p=29710"},"modified":"2024-02-09T12:51:29","modified_gmt":"2024-02-09T09:51:29","slug":"akdenizde-her-kesimden-oy-alacagim-cunku-herkesin-belediye-baskani-oldum","status":"publish","type":"post","link":"https:\/\/akdenizolaygazetesi.com\/?p=29710","title":{"rendered":"\u201cAKDEN\u0130Z\u2019DE HER KES\u0130MDEN OY ALACA\u011eIM, \u00c7\u00dcNK\u00dc HERKES\u0130N BELED\u0130YE BA\u015eKANI OLDUM\u201d"},"content":{"rendered":"<p>Akdeniz Belediye Ba\u015fkan\u0131 M. Mustafa G\u00fcltak, 31 Mart 2024 tarihinde yap\u0131lacak yerel se\u00e7imlerde, Mersin\u2019de toplumun her kesiminden, hatta farkl\u0131 siyasi g\u00f6r\u00fc\u015fteki vatanda\u015flardan da oy alaca\u011f\u0131n\u0131n alt\u0131n\u0131 \u00e7izerek; \u201cAkdeniz\u2019de ya\u015fayan Alevi\u2019sinden S\u00fcnni\u2019sine, K\u00fcrt\u2019\u00fcnden T\u00fcrk\u00fc\u2019ne, en soldaki karde\u015fimden en sa\u011fdaki karde\u015fime kadar herkesin oyuna talibim. Hepsinden de oy alaca\u011f\u0131ma inan\u0131yorum. \u00c7\u00fcnk\u00fc onlar da bana inan\u0131yor. Ben ayr\u0131\u015ft\u0131rmad\u0131m, 5 y\u0131l boyunca herkesi kucaklad\u0131m. Zira G\u00fcltak, g\u00f6reve geldi\u011fi ilk g\u00fcnden beri sadece partisinin de\u011fil herkesin belediye ba\u015fkan\u0131 oldu\u201d dedi.<br \/>\nAkdeniz Belediye Meclisi \u015eubat ay\u0131 2. Birle\u015fim 1. Oturumunu, M. Mustafa G\u00fcltak Ba\u015fkanl\u0131\u011f\u0131\u2019nda ger\u00e7ekle\u015ftirdi. Toplant\u0131da, il\u00e7eye ba\u011fl\u0131 baz\u0131 yerle\u015fim birimlerine ili\u015fkin kadastro g\u00fcncelleme \u00e7al\u0131\u015fmalar\u0131 i\u00e7in Kadastro Bilirki\u015fileri Hakk\u0131ndaki Y\u00f6netmelik h\u00fck\u00fcmlerine g\u00f6re her mahalle i\u00e7in 6 ki\u015finin bilirki\u015fi olarak belirlenmesine ili\u015fkin teklif oybirli\u011fi ile kabul edildi. Meclis\u2019te, Akdeniz Opera ve Bale Kul\u00fcb\u00fc Derne\u011fi\u2019nin ger\u00e7ekle\u015ftirece\u011fi 7\u2019nci Ulusal Oda M\u00fczi\u011fi Yar\u0131\u015fmas\u0131\u2019na KDV d\u00e2hil 30 bin TL katk\u0131 sa\u011flanmas\u0131 da yine oybirli\u011fi ile Meclis\u2019ten ge\u00e7ti. Akdeniz Belediye Meclisi\u2019nin bir sonraki toplant\u0131s\u0131, 4 Mart 2024 Pazartesi g\u00fcn\u00fc, saat 10:00\u2019da belediye konferans salonunda d\u00fczenlenecek.<br \/>\n\u201c30 y\u0131ld\u0131r kimsenin ba\u015faramad\u0131\u011f\u0131n\u0131 yaparak kente imar\u0131 getirdik\u201d<br \/>\nArd\u0131ndan baz\u0131 Meclis \u00fcyelerinin g\u00f6r\u00fc\u015f ve ele\u015ftirilerini dile getirdi\u011fi Meclis\u2019te konu\u015fan Ba\u015fkan Mustafa G\u00fcltak, ge\u00e7en 5 y\u0131l i\u00e7inde Akdeniz\u2019de ger\u00e7ekle\u015fen baz\u0131 hizmet ve projelerden k\u0131sa bir \u00f6zet anlatarak il\u00e7enin ve vatanda\u015flar\u0131n kay\u0131p 25-30 y\u0131l\u0131n\u0131 geri kazand\u0131klar\u0131n\u0131 dile getirdi. S\u00f6zlerini; \u201cBiz, 30 y\u0131ld\u0131r kente gelmeyen imar\u0131 getirdik. Siz ne derseniz deyin\u201d diyerek s\u00fcrd\u00fcren Ba\u015fkan G\u00fcltak; \u201cBir memlekette belediye ba\u015fkan\u0131n\u0131n yapaca\u011f\u0131 en \u00f6nemli i\u015f imard\u0131r. \u0130mar olmazsa o \u015fehirde hi\u00e7bir \u015fey olmaz. Ne ev, ne i\u015fyeri ne sanayi ne lojistik olur. Ne arsan\u0131z de\u011ferlenir, ne meydan, okul, sa\u011fl\u0131k oca\u011f\u0131 veya park yapabilirsiniz.<br \/>\nBiz bir kere 30 y\u0131l sonra imar\u0131 getirdik ve tarihe ge\u00e7tik. \u00c7\u00fcnk\u00fc bug\u00fcne kadar kimse bunu ba\u015faramad\u0131. Binlerce hektar araziyi Akdeniz\u2019e kazand\u0131rd\u0131k. Lojistik, sanayi ve k\u0131smen de konut alanlar\u0131 olarak kazand\u0131rd\u0131k. Bundan 2 sene sonra y\u00fczlerce firman\u0131n ve sanayi sitelerinin, depolama alanlar\u0131n\u0131n Akdeniz\u2019e geldi\u011fini g\u00f6rece\u011fiz. B\u00fct\u00fcn bunlar da e\u015fittir \u2018istihdam\u2019  ve bir\u00e7ok insan\u0131n i\u015f bulmas\u0131 demektir. \u0130mar alan\u0131 deyip ge\u00e7meyin! \u0130mar, bir \u015fehrin her t\u00fcrl\u00fc kaderini etkiler\u201d \u015feklinde konu\u015ftu.<br \/>\n\u201cG\u00fcltak, geldi\u011fi g\u00fcnden beri herkesin belediye ba\u015fkan\u0131 oldu\u201d<br \/>\nBa\u015fkan G\u00fcltak, 31 Mart\u2019ta yap\u0131lacak mahalli idareler se\u00e7imlerinde, toplumun her kesiminden oy alaca\u011f\u0131na inand\u0131\u011f\u0131n\u0131n da alt\u0131n\u0131 \u00e7izerek \u015f\u00f6yle konu\u015ftu; \u201cMustafa G\u00fcltak, Cumhuriyet Halk Partisi\u2019ne g\u00f6n\u00fcl vermi\u015f vatanda\u015ftan da oy al\u0131yor. \u00c7\u00fcnk\u00fc Mustafa G\u00fcltak, DEM\u2019e g\u00f6n\u00fcl vermi\u015f vatanda\u015ftan da \u0130Y\u0130 partiden de oy al\u0131yor. G\u00fcltak, zaten AK Parti ve MHP\u2019den oy al\u0131yor; yetmez; sol g\u00f6r\u00fc\u015fl\u00fc vatanda\u015flardan da oy al\u0131yor. Ben sizi anl\u0131yorum\u2026 Beni niye bu kadar g\u00fcndem etti\u011finizi, neden \u00fczerime y\u00fcr\u00fcd\u00fc\u011f\u00fcn\u00fcz\u00fc anl\u0131yorum. \u00c7\u00fcnk\u00fc Mustafa G\u00fcltak, geldi\u011fi g\u00fcnden beri herkesin belediye ba\u015fkan\u0131 oldu. Sadece partisinin belediye ba\u015fkan\u0131 olmad\u0131. S\u0131k\u0131nt\u0131n\u0131z bu! Ben sizi anl\u0131yorum. Sabredin, az kald\u0131 31 Mart\u2019a. G\u00f6rece\u011fiz, sand\u0131kta neler olaca\u011f\u0131n\u0131. Anl\u0131yorum, s\u0131k\u0131nt\u0131l\u0131s\u0131n\u0131z, problemlisiniz. Bir yandan aday da \u00e7\u0131karam\u0131yorsunuz.  Onun da stresi var \u00fczerinizde\u201d ifadelerini kulland\u0131.<br \/>\n\u201cHerkesi kucaklad\u0131m, hi\u00e7 kimseyi ayr\u0131\u015ft\u0131rmad\u0131m\u201d<br \/>\n\u201cAkdeniz\u2019de ya\u015fayan Alevi\u2019sinden S\u00fcnni\u2019sine, K\u00fcrt\u2019\u00fcnden T\u00fcrk\u00fc\u2019ne, en u\u00e7ta soldaki karde\u015fimden en sa\u011fdaki karde\u015fime kadar herkesin oyuna talibim\u201d diyen Ba\u015fkan G\u00fcltak; \u201cAllah\u2019\u0131n izniyle \u00e7at\u0131r \u00e7at\u0131r da hepsinden oy alaca\u011f\u0131m. \u00c7\u00fcnk\u00fc onlar bana inan\u0131yor. Ben ayr\u0131\u015ft\u0131rmad\u0131m, 5 y\u0131l boyunca herkesi kucaklad\u0131m. Velev ki hi\u00e7bir \u015fey yapmad\u0131ysam bile Akdeniz\u2019de ne yapt\u0131m biliyor musunuz? Bar\u0131\u015f\u0131, karde\u015fli\u011fi ve huzuru getirdim Akdeniz\u2019e.<br \/>\n\u00d6n\u00fcm\u00fczde bir yerel se\u00e7im var\u2026 Tabi muhalefet olarak bana y\u00fckleneceksiniz. Ama sizlere tavsiyem, \u00f6nce aday\u0131n\u0131z\u0131 \u00e7\u0131kar\u0131n, sonra konu\u015furuz. Ki ben hi\u00e7bir adayla ilgili se\u00e7im boyunca da daha \u00f6nce de konu\u015fmad\u0131m, konu\u015fmayaca\u011f\u0131m. 2019\u2019da da konu\u015fmad\u0131m. Ben sadece vatanda\u015fa gidip onu dinleyece\u011fim, herkesin oyuna talip olaca\u011f\u0131m. 31 Mart hassas bir terazi, orada herkes karar\u0131n\u0131 verir. Oradan \u00e7\u0131kacak karara ben de siz de herkes de sayg\u0131 duymak zorunday\u0131z. Ben, Akdeniz\u2019de neler yapt\u0131\u011f\u0131m\u0131z\u0131, neler kazand\u0131rd\u0131\u011f\u0131m\u0131z\u0131 biliyorum, vatanda\u015f da biliyor\u201d diye konu\u015ftu.<\/p>\n","protected":false},"excerpt":{"rendered":"<p>Akdeniz Belediye Ba\u015fkan\u0131 M. Mustafa G\u00fcltak, 31 Mart 2024 tarihinde yap\u0131lacak yerel se\u00e7imlerde, Mersin\u2019de toplumun her kesiminden, hatta farkl\u0131 siyasi g\u00f6r\u00fc\u015fteki vatanda\u015flardan da oy alaca\u011f\u0131n\u0131n alt\u0131n\u0131 \u00e7izerek; \u201cAkdeniz\u2019de ya\u015fayan Alevi\u2019sinden &hellip; <a href=\"https:\/\/akdenizolaygazetesi.com\/?p=29710\" class=\"more-link\">Devam\u0131n\u0131 Oku&#8230;<\/a><\/p>\n","protected":false},"author":2,"featured_media":29711,"comment_status":"open","ping_status":"open","sticky":false,"template":"","format":"standard","meta":[],"categories":[1,2,3,5],"tags":[],"_links":{"self":[{"href":"https:\/\/akdenizolaygazetesi.com\/index.php?rest_route=\/wp\/v2\/posts\/29710"}],"collection":[{"href":"https:\/\/akdenizolaygazetesi.com\/index.php?rest_route=\/wp\/v2\/posts"}],"about":[{"href":"https:\/\/akdenizolaygazetesi.com\/index.php?rest_route=\/wp\/v2\/types\/post"}],"author":[{"embeddable":true,"href":"https:\/\/akdenizolaygazetesi.com\/index.php?rest_route=\/wp\/v2\/users\/2"}],"replies":[{"embeddable":true,"href":"https:\/\/akdenizolaygazetesi.com\/index.php?rest_route=%2Fwp%2Fv2%2Fcomments&post=29710"}],"version-history":[{"count":1,"href":"https:\/\/akdenizolaygazetesi.com\/index.php?rest_route=\/wp\/v2\/posts\/29710\/revisions"}],"predecessor-version":[{"id":29712,"href":"https:\/\/akdenizolaygazetesi.com\/index.php?rest_route=\/wp\/v2\/posts\/29710\/revisions\/29712"}],"wp:featuredmedia":[{"embeddable":true,"href":"https:\/\/akdenizolaygazetesi.com\/index.php?rest_route=\/wp\/v2\/media\/29711"}],"wp:attachment":[{"href":"https:\/\/akdenizolaygazetesi.com\/index.php?rest_route=%2Fwp%2Fv2%2Fmedia&parent=29710"}],"wp:term":[{"taxonomy":"category","embeddable":true,"href":"https:\/\/akdenizolaygazetesi.com\/index.php?rest_route=%2Fwp%2Fv2%2Fcategories&post=29710"},{"taxonomy":"post_tag","embeddable":true,"href":"https:\/\/akdenizolaygazetesi.com\/index.php?rest_route=%2Fwp%2Fv2%2Ftags&post=29710"}],"curies":[{"name":"wp","href":"https:\/\/api.w.org\/{rel}","templated":true}]}}